{"id":32295,"date":"2026-09-03T10:49:00","date_gmt":"2026-09-03T14:49:00","guid":{"rendered":"https:\/\/ejurr.tjrr.jus.br\/?p=32295"},"modified":"2026-09-03T10:58:35","modified_gmt":"2026-09-03T14:58:35","slug":"seminario-da-enm-debate-implementacao-do-metodo-apac-e-novas-perspectivas-para-a-execucao-penal","status":"publish","type":"post","link":"https:\/\/ejurr.tjrr.jus.br\/?p=32295","title":{"rendered":"Semin\u00e1rio da ENM debate implementa\u00e7\u00e3o do M\u00e9todo APAC e novas perspectivas para a execu\u00e7\u00e3o penal"},"content":{"rendered":"\n<p class=\"wp-block-paragraph\">A Escola Nacional da Magistratura (ENM), \u00f3rg\u00e3o acad\u00eamico da Associa\u00e7\u00e3o dos Magistrados Brasileiros (AMB), promove, no dia 14 de setembro, em parceria com a Escola Judicial de Roraima (EJURR), o Semin\u00e1rio \u201cEstrat\u00e9gias para implementa\u00e7\u00e3o do M\u00e9todo APAC: repensando a execu\u00e7\u00e3o penal e produzindo converg\u00eancias com as pol\u00edticas sociais b\u00e1sicas\u201d. Em formato h\u00edbrido e aberto para toda a comunidade jur\u00eddica, o encontro ser\u00e1 realizado presencialmente na Sede Administrativa do Tribunal de Justi\u00e7a de Roraima (TJRR), em Boa Vista, com possibilidade de participa\u00e7\u00e3o virtual.<\/p>\n\n\n\n<p class=\"wp-block-paragraph\">O semin\u00e1rio ter\u00e1 como foco a compreens\u00e3o do M\u00e9todo APAC (Associa\u00e7\u00e3o de Prote\u00e7\u00e3o e Assist\u00eancia aos Condenados), metodologia aplicada \u00e0 execu\u00e7\u00e3o penal que busca contribuir para a recupera\u00e7\u00e3o e a reinser\u00e7\u00e3o social das pessoas privadas de liberdade. A programa\u00e7\u00e3o tamb\u00e9m abordar\u00e1 a rela\u00e7\u00e3o entre a metodologia e as pol\u00edticas sociais b\u00e1sicas, al\u00e9m dos caminhos e das ferramentas necess\u00e1rios para implementar novas unidades e fortalecer as APACs j\u00e1 existentes.<\/p>\n\n\n\n<p class=\"wp-block-paragraph\">A iniciativa busca promover a troca de experi\u00eancias entre magistrados, especialistas, representantes da Fraternidade Brasileira de Assist\u00eancia aos Condenados (FBAC), da Defensoria P\u00fablica e de outras institui\u00e7\u00f5es ligadas \u00e0 execu\u00e7\u00e3o penal. A proposta \u00e9 aproximar diferentes perspectivas sobre os desafios e as possibilidades de aplica\u00e7\u00e3o da metodologia, combinando seus fundamentos com aspectos pr\u00e1ticos relacionados \u00e0 implementa\u00e7\u00e3o e \u00e0 continuidade das unidades.<\/p>\n\n\n\n<figure class=\"wp-block-image size-large\"><img fetchpriority=\"high\" decoding=\"async\" width=\"1024\" height=\"576\" src=\"https:\/\/ejurr.tjrr.jus.br\/wp-content\/uploads\/2026\/09\/EMK-APAC-2-1024x576.webp\" alt=\"\" class=\"wp-image-32300\" srcset=\"https:\/\/ejurr.tjrr.jus.br\/wp-content\/uploads\/2026\/09\/EMK-APAC-2-1024x576.webp 1024w, https:\/\/ejurr.tjrr.jus.br\/wp-content\/uploads\/2026\/09\/EMK-APAC-2-300x169.webp 300w, https:\/\/ejurr.tjrr.jus.br\/wp-content\/uploads\/2026\/09\/EMK-APAC-2-768x432.webp 768w, https:\/\/ejurr.tjrr.jus.br\/wp-content\/uploads\/2026\/09\/EMK-APAC-2-1536x864.webp 1536w, https:\/\/ejurr.tjrr.jus.br\/wp-content\/uploads\/2026\/09\/EMK-APAC-2.webp 1920w\" sizes=\"(max-width: 1024px) 100vw, 1024px\" \/><\/figure>\n\n\n\n<h2 class=\"wp-block-heading\"><\/h2>\n\n\n\n<p class=\"wp-block-paragraph\"><strong>Programa\u00e7\u00e3o<\/strong><\/p>\n\n\n\n<p class=\"wp-block-paragraph\">A programa\u00e7\u00e3o, com 6h de carga hor\u00e1ria, come\u00e7a \u00e0s 9h, no hor\u00e1rio de Roraima (10h em Bras\u00edlia), com o credenciamento e o acolhimento dos participantes. \u00c0s 9h30, ser\u00e1 realizada a abertura institucional, com a diretora da Escola Judicial de Roraima (EJURR), desembargadora T\u00e2nia Vasconcelos, o Diretor-Presidente da ENM, desembargador Nelson Missias de Morais, e outras autoridades convidadas.<\/p>\n\n\n\n<p class=\"wp-block-paragraph\">Das 10h \u00e0s 11h, no hor\u00e1rio de Roraima, a Diretora-Geral da FBAC, Tatiana Fl\u00e1via Faria de Souza, ministrar\u00e1 a palestra \u201cO M\u00e9todo APAC em perspectiva: fundamentos, experi\u00eancias e possibilidades\u201d.<\/p>\n\n\n\n<p class=\"wp-block-paragraph\">Em seguida, das 11h \u00e0s 12h, o Secret\u00e1rio-Geral da ENM, desembargador Caetano Levi Lopes, do Tribunal de Justi\u00e7a de Minas Gerais (TJMG), apresentar\u00e1 a palestra \u201cExecu\u00e7\u00e3o penal e os caminhos para o fortalecimento do M\u00e9todo APAC\u201d.<\/p>\n\n\n\n<p class=\"wp-block-paragraph\">Ap\u00f3s o intervalo para almo\u00e7o, ser\u00e1 realizada, das 14h \u00e0s 16h, a mesa-redonda \u201cConstruindo caminhos para a implementa\u00e7\u00e3o e o fortalecimento das APACs\u201d. A atividade promover\u00e1 a troca de experi\u00eancias e a reflex\u00e3o sobre estrat\u00e9gias de implementa\u00e7\u00e3o, pol\u00edticas p\u00fablicas e desafios contempor\u00e2neos da execu\u00e7\u00e3o penal.<\/p>\n\n\n\n<p class=\"wp-block-paragraph\">Participar\u00e3o do debate o Diretor-Presidente da ENM, desembargador Nelson Missias de Morais; o Secret\u00e1rio-Geral da ENM, dsesembargador Caetano Levi Lopes; a Diretora-Geral da FBAC, Tatiana Fl\u00e1via Faria de Souza; o Presidente do Conselho Deliberativo da FBAC e promotor de justi\u00e7a em Minas Gerais, Henrique Nogueira Mac\u00eado; a defensora p\u00fablica Ana Paula de Carvalho Souto; e a Diretora de Metodologia da APAC Manhua\u00e7u, Denise Rodrigues de Oliveira. Outros participantes poder\u00e3o ser inclu\u00eddos ap\u00f3s confirma\u00e7\u00e3o.<\/p>\n\n\n\n<p class=\"wp-block-paragraph\"><a href=\"https:\/\/www.even3.com.br\/seminario-estrategias-para-implementacao-do-metodo-apac-boavista-776455\/\">Inscreva-se  aqu<\/a>i <\/p>\n\n\n\n<p class=\"wp-block-paragraph\"><strong>Participa\u00e7\u00e3o<\/strong><\/p>\n\n\n\n<p class=\"wp-block-paragraph\">O semin\u00e1rio ser\u00e1 realizado em formato h\u00edbrido, permitindo a participa\u00e7\u00e3o presencial e virtual. Para o acompanhamento presencial, est\u00e3o dispon\u00edveis 30 vagas na Sede Administrativa do TJRR, localizada na Avenida Capit\u00e3o Ene Garcez, 1696, 4\u00ba andar, bairro S\u00e3o Francisco, Boa Vista\/RR.<\/p>\n\n\n\n<p class=\"wp-block-paragraph\">Ap\u00f3s o preenchimento das vagas presenciais, as inscri\u00e7\u00f5es continuar\u00e3o dispon\u00edveis somente para participa\u00e7\u00e3o online.<\/p>\n\n\n\n<p class=\"wp-block-paragraph\">O evento ser\u00e1 realizado no dia 14 de setembro de 2026, das 9h \u00e0s 12h e das 14h \u00e0s 16h, no hor\u00e1rio de Roraima. No hor\u00e1rio de Bras\u00edlia, a programa\u00e7\u00e3o acontecer\u00e1 das 10h \u00e0s 13h e das 15h \u00e0s 17h.<\/p>\n\n\n\n<p class=\"wp-block-paragraph\"><\/p>\n\n\n\n<p class=\"has-small-font-size wp-block-paragraph\">Com informa\u00e7\u00f5es da Escola Nacional da Magistratura (BNM)<\/p>\n\n\n\n<p class=\"wp-block-paragraph\"><\/p>\n","protected":false},"excerpt":{"rendered":"<p>A Escola Nacional da Magistratura (ENM), \u00f3rg\u00e3o acad\u00eamico da Associa\u00e7\u00e3o dos Magistrados Brasileiros (AMB), promove, no dia 14 de setembro, em parceria com a Escola Judicial de Roraima (EJURR), o Semin\u00e1rio \u201cEstrat\u00e9gias para implementa\u00e7\u00e3o do M\u00e9todo APAC: repensando a execu\u00e7\u00e3o penal e produzindo converg\u00eancias com as pol\u00edticas sociais b\u00e1sicas\u201d. Em formato h\u00edbrido e aberto para [&hellip;]<\/p>\n","protected":false},"author":3,"featured_media":32296,"comment_status":"open","ping_status":"open","sticky":false,"template":"","format":"standard","meta":{"footnotes":""},"categories":[9],"tags":[],"class_list":["post-32295","post","type-post","status-publish","format-standard","has-post-thumbnail","hentry","category-noticias"],"yoast_head":"<!-- This site is optimized with the Yoast SEO plugin v28.3 - https:\/\/yoast.com\/product\/yoast-seo-wordpress\/ -->\n<title>Semin\u00e1rio da ENM debate implementa\u00e7\u00e3o do M\u00e9todo APAC e novas perspectivas para a execu\u00e7\u00e3o penal - EJURR<\/title>\n<meta name=\"robots\" content=\"index, follow, max-snippet:-1, max-image-preview:large, max-video-preview:-1\" \/>\n<link rel=\"canonical\" href=\"https:\/\/ejurr.tjrr.jus.br\/?p=32295\" \/>\n<meta property=\"og:locale\" content=\"pt_BR\" \/>\n<meta property=\"og:type\" content=\"article\" \/>\n<meta property=\"og:title\" content=\"Semin\u00e1rio da ENM debate implementa\u00e7\u00e3o do M\u00e9todo APAC e novas perspectivas para a execu\u00e7\u00e3o penal - EJURR\" \/>\n<meta property=\"og:description\" content=\"A Escola Nacional da Magistratura (ENM), \u00f3rg\u00e3o acad\u00eamico da Associa\u00e7\u00e3o dos Magistrados Brasileiros (AMB), promove, no dia 14 de setembro, em parceria com a Escola Judicial de Roraima (EJURR), o Semin\u00e1rio \u201cEstrat\u00e9gias para implementa\u00e7\u00e3o do M\u00e9todo APAC: repensando a execu\u00e7\u00e3o penal e produzindo converg\u00eancias com as pol\u00edticas sociais b\u00e1sicas\u201d. Em formato h\u00edbrido e aberto para [&hellip;]\" \/>\n<meta property=\"og:url\" content=\"https:\/\/ejurr.tjrr.jus.br\/?p=32295\" \/>\n<meta property=\"og:site_name\" content=\"EJURR\" \/>\n<meta property=\"article:publisher\" content=\"https:\/\/www.facebook.com\/ejurr.tj\" \/>\n<meta property=\"article:published_time\" content=\"2026-09-03T14:49:00+00:00\" \/>\n<meta property=\"article:modified_time\" content=\"2026-09-03T14:58:35+00:00\" \/>\n<meta property=\"og:image\" content=\"https:\/\/ejurr.tjrr.jus.br\/wp-content\/uploads\/2026\/09\/EMK-APAC-1024x576.webp\" \/>\n\t<meta property=\"og:image:width\" content=\"1024\" \/>\n\t<meta property=\"og:image:height\" content=\"576\" \/>\n\t<meta property=\"og:image:type\" content=\"image\/webp\" \/>\n<meta name=\"author\" content=\"\u00c9rica Figueredo\" \/>\n<meta name=\"twitter:card\" content=\"summary_large_image\" \/>\n<meta name=\"twitter:label1\" content=\"Escrito por\" \/>\n\t<meta name=\"twitter:data1\" content=\"\u00c9rica Figueredo\" \/>\n\t<meta name=\"twitter:label2\" content=\"Est. tempo de leitura\" \/>\n\t<meta name=\"twitter:data2\" content=\"4 minutos\" \/>\n<script type=\"application\/ld+json\" class=\"yoast-schema-graph\">{\"@context\":\"https:\\\/\\\/schema.org\",\"@graph\":[{\"@type\":\"Article\",\"@id\":\"https:\\\/\\\/ejurr.tjrr.jus.br\\\/?p=32295#article\",\"isPartOf\":{\"@id\":\"https:\\\/\\\/ejurr.tjrr.jus.br\\\/?p=32295\"},\"author\":{\"name\":\"\u00c9rica Figueredo\",\"@id\":\"https:\\\/\\\/ejurr.tjrr.jus.br\\\/#\\\/schema\\\/person\\\/5dce040510816d75c020721e1d0ee85e\"},\"headline\":\"Semin\u00e1rio da ENM debate implementa\u00e7\u00e3o do M\u00e9todo APAC e novas perspectivas para a execu\u00e7\u00e3o penal\",\"datePublished\":\"2026-09-03T14:49:00+00:00\",\"dateModified\":\"2026-09-03T14:58:35+00:00\",\"mainEntityOfPage\":{\"@id\":\"https:\\\/\\\/ejurr.tjrr.jus.br\\\/?p=32295\"},\"wordCount\":660,\"commentCount\":0,\"publisher\":{\"@id\":\"https:\\\/\\\/ejurr.tjrr.jus.br\\\/#organization\"},\"image\":{\"@id\":\"https:\\\/\\\/ejurr.tjrr.jus.br\\\/?p=32295#primaryimage\"},\"thumbnailUrl\":\"https:\\\/\\\/ejurr.tjrr.jus.br\\\/wp-content\\\/uploads\\\/2026\\\/09\\\/EMK-APAC.webp\",\"articleSection\":[\"Not\u00edcias\"],\"inLanguage\":\"pt-BR\",\"potentialAction\":[{\"@type\":\"CommentAction\",\"name\":\"Comment\",\"target\":[\"https:\\\/\\\/ejurr.tjrr.jus.br\\\/?p=32295#respond\"]}]},{\"@type\":\"WebPage\",\"@id\":\"https:\\\/\\\/ejurr.tjrr.jus.br\\\/?p=32295\",\"url\":\"https:\\\/\\\/ejurr.tjrr.jus.br\\\/?p=32295\",\"name\":\"Semin\u00e1rio da ENM debate implementa\u00e7\u00e3o do M\u00e9todo APAC e novas perspectivas para a execu\u00e7\u00e3o penal - EJURR\",\"isPartOf\":{\"@id\":\"https:\\\/\\\/ejurr.tjrr.jus.br\\\/#website\"},\"primaryImageOfPage\":{\"@id\":\"https:\\\/\\\/ejurr.tjrr.jus.br\\\/?p=32295#primaryimage\"},\"image\":{\"@id\":\"https:\\\/\\\/ejurr.tjrr.jus.br\\\/?p=32295#primaryimage\"},\"thumbnailUrl\":\"https:\\\/\\\/ejurr.tjrr.jus.br\\\/wp-content\\\/uploads\\\/2026\\\/09\\\/EMK-APAC.webp\",\"datePublished\":\"2026-09-03T14:49:00+00:00\",\"dateModified\":\"2026-09-03T14:58:35+00:00\",\"breadcrumb\":{\"@id\":\"https:\\\/\\\/ejurr.tjrr.jus.br\\\/?p=32295#breadcrumb\"},\"inLanguage\":\"pt-BR\",\"potentialAction\":[{\"@type\":\"ReadAction\",\"target\":[\"https:\\\/\\\/ejurr.tjrr.jus.br\\\/?p=32295\"]}]},{\"@type\":\"ImageObject\",\"inLanguage\":\"pt-BR\",\"@id\":\"https:\\\/\\\/ejurr.tjrr.jus.br\\\/?p=32295#primaryimage\",\"url\":\"https:\\\/\\\/ejurr.tjrr.jus.br\\\/wp-content\\\/uploads\\\/2026\\\/09\\\/EMK-APAC.webp\",\"contentUrl\":\"https:\\\/\\\/ejurr.tjrr.jus.br\\\/wp-content\\\/uploads\\\/2026\\\/09\\\/EMK-APAC.webp\",\"width\":1920,\"height\":1080,\"caption\":\"Card digital na cor azul marinho com as logos da Escola Nacional da Magistratura e da Ejurr no topo superior esquerdo. Em destaque, o t\u00fatulo do semin\u00e1rio \\\"estrat\u00e9gias para implementa\u00e7\u00e3o do m\u00e9todo APAC\\\" e as fotos e nomes dos palestrantes, com suas fun\u00e7\u00f5es abaixos. S\u00e3o eles: desembargador Nelson de Morais, diretor da ENM. Ele \u00e9 um homem branco, calvo, usa \u00f3culos, sorri levemente, e veste terno azul marinho e gravata roxa. Em seguida, est\u00e1 o desembargador Caetano Levi Lopes, secret\u00e1rio geral da ENM. Ele \u00e9 um homem pardo, calvo, sorri discretamente, veste terno cinza, blusa de listras azul e branco e gravata na cor cinza. \u00c0 direita, est\u00e1 a diretora da Fraternidade Brasileira de Assist\u00eancia aos Condenados, Tatiama Fl\u00e1via Faria de Souza. Ela \u00e9 uma mulher parda, cabelos cacheados com mechas douradas, sorri, usa colar com pingente prateado, terno nude e blusa branca, e est\u00e1 com as m\u00e3os no bolso.\"},{\"@type\":\"BreadcrumbList\",\"@id\":\"https:\\\/\\\/ejurr.tjrr.jus.br\\\/?p=32295#breadcrumb\",\"itemListElement\":[{\"@type\":\"ListItem\",\"position\":1,\"name\":\"In\u00edcio\",\"item\":\"https:\\\/\\\/ejurr.tjrr.jus.br\\\/\"},{\"@type\":\"ListItem\",\"position\":2,\"name\":\"Semin\u00e1rio da ENM debate implementa\u00e7\u00e3o do M\u00e9todo APAC e novas perspectivas para a execu\u00e7\u00e3o penal\"}]},{\"@type\":\"WebSite\",\"@id\":\"https:\\\/\\\/ejurr.tjrr.jus.br\\\/#website\",\"url\":\"https:\\\/\\\/ejurr.tjrr.jus.br\\\/\",\"name\":\"Escola Judicial de Roraima\",\"description\":\"A Escola Judicial de Roraima \u00e9 uma institui\u00e7\u00e3o de educa\u00e7\u00e3o corporativa mantida pelo Tribunal de Justi\u00e7a do Estado de Roraima. Seu objetivo \u00e9 planejar e executar os cursos de forma\u00e7\u00e3o inicial, capacita\u00e7\u00e3o e aperfei\u00e7oamento dos magistrados, servidores, formadores e colaboradores do Poder Judici\u00e1rio.\",\"publisher\":{\"@id\":\"https:\\\/\\\/ejurr.tjrr.jus.br\\\/#organization\"},\"alternateName\":\"EJURR\",\"potentialAction\":[{\"@type\":\"SearchAction\",\"target\":{\"@type\":\"EntryPoint\",\"urlTemplate\":\"https:\\\/\\\/ejurr.tjrr.jus.br\\\/?s={search_term_string}\"},\"query-input\":{\"@type\":\"PropertyValueSpecification\",\"valueRequired\":true,\"valueName\":\"search_term_string\"}}],\"inLanguage\":\"pt-BR\"},{\"@type\":\"Organization\",\"@id\":\"https:\\\/\\\/ejurr.tjrr.jus.br\\\/#organization\",\"name\":\"Escola Judicial de Roraima\",\"alternateName\":\"EJURR\",\"url\":\"https:\\\/\\\/ejurr.tjrr.jus.br\\\/\",\"logo\":{\"@type\":\"ImageObject\",\"inLanguage\":\"pt-BR\",\"@id\":\"https:\\\/\\\/ejurr.tjrr.jus.br\\\/#\\\/schema\\\/logo\\\/image\\\/\",\"url\":\"https:\\\/\\\/ejurr.tjrr.jus.br\\\/wp-content\\\/uploads\\\/2023\\\/06\\\/MIV-EJURR-V.png\",\"contentUrl\":\"https:\\\/\\\/ejurr.tjrr.jus.br\\\/wp-content\\\/uploads\\\/2023\\\/06\\\/MIV-EJURR-V.png\",\"width\":387,\"height\":369,\"caption\":\"Escola Judicial de Roraima\"},\"image\":{\"@id\":\"https:\\\/\\\/ejurr.tjrr.jus.br\\\/#\\\/schema\\\/logo\\\/image\\\/\"},\"sameAs\":[\"https:\\\/\\\/www.facebook.com\\\/ejurr.tj\",\"https:\\\/\\\/www.instagram.com\\\/ejurr.tj\\\/\",\"https:\\\/\\\/www.youtube.com\\\/@ejurr\",\"https:\\\/\\\/wa.me\\\/559531984156\",\"https:\\\/\\\/www.flickr.com\\\/photos\\\/ejurr_oficial\"]},{\"@type\":\"Person\",\"@id\":\"https:\\\/\\\/ejurr.tjrr.jus.br\\\/#\\\/schema\\\/person\\\/5dce040510816d75c020721e1d0ee85e\",\"name\":\"\u00c9rica Figueredo\",\"image\":{\"@type\":\"ImageObject\",\"inLanguage\":\"pt-BR\",\"@id\":\"https:\\\/\\\/secure.gravatar.com\\\/avatar\\\/3252ecacaba89d68f1c9eef1c2ca300b0f2b81c8d93c481c2e6aa490067cffe7?s=96&d=mm&r=g\",\"url\":\"https:\\\/\\\/secure.gravatar.com\\\/avatar\\\/3252ecacaba89d68f1c9eef1c2ca300b0f2b81c8d93c481c2e6aa490067cffe7?s=96&d=mm&r=g\",\"contentUrl\":\"https:\\\/\\\/secure.gravatar.com\\\/avatar\\\/3252ecacaba89d68f1c9eef1c2ca300b0f2b81c8d93c481c2e6aa490067cffe7?s=96&d=mm&r=g\",\"caption\":\"\u00c9rica Figueredo\"},\"sameAs\":[\"http:\\\/\\\/ejurr.tjrr.jus.br\"],\"url\":\"https:\\\/\\\/ejurr.tjrr.jus.br\\\/?author=3\"}]}<\/script>\n<!-- \/ Yoast SEO plugin. -->","yoast_head_json":{"title":"Semin\u00e1rio da ENM debate implementa\u00e7\u00e3o do M\u00e9todo APAC e novas perspectivas para a execu\u00e7\u00e3o penal - EJURR","robots":{"index":"index","follow":"follow","max-snippet":"max-snippet:-1","max-image-preview":"max-image-preview:large","max-video-preview":"max-video-preview:-1"},"canonical":"https:\/\/ejurr.tjrr.jus.br\/?p=32295","og_locale":"pt_BR","og_type":"article","og_title":"Semin\u00e1rio da ENM debate implementa\u00e7\u00e3o do M\u00e9todo APAC e novas perspectivas para a execu\u00e7\u00e3o penal - EJURR","og_description":"A Escola Nacional da Magistratura (ENM), \u00f3rg\u00e3o acad\u00eamico da Associa\u00e7\u00e3o dos Magistrados Brasileiros (AMB), promove, no dia 14 de setembro, em parceria com a Escola Judicial de Roraima (EJURR), o Semin\u00e1rio \u201cEstrat\u00e9gias para implementa\u00e7\u00e3o do M\u00e9todo APAC: repensando a execu\u00e7\u00e3o penal e produzindo converg\u00eancias com as pol\u00edticas sociais b\u00e1sicas\u201d. Em formato h\u00edbrido e aberto para [&hellip;]","og_url":"https:\/\/ejurr.tjrr.jus.br\/?p=32295","og_site_name":"EJURR","article_publisher":"https:\/\/www.facebook.com\/ejurr.tj","article_published_time":"2026-09-03T14:49:00+00:00","article_modified_time":"2026-09-03T14:58:35+00:00","og_image":[{"width":1024,"height":576,"url":"https:\/\/ejurr.tjrr.jus.br\/wp-content\/uploads\/2026\/09\/EMK-APAC-1024x576.webp","type":"image\/webp"}],"author":"\u00c9rica Figueredo","twitter_card":"summary_large_image","twitter_misc":{"Escrito por":"\u00c9rica Figueredo","Est. tempo de leitura":"4 minutos"},"schema":{"@context":"https:\/\/schema.org","@graph":[{"@type":"Article","@id":"https:\/\/ejurr.tjrr.jus.br\/?p=32295#article","isPartOf":{"@id":"https:\/\/ejurr.tjrr.jus.br\/?p=32295"},"author":{"name":"\u00c9rica Figueredo","@id":"https:\/\/ejurr.tjrr.jus.br\/#\/schema\/person\/5dce040510816d75c020721e1d0ee85e"},"headline":"Semin\u00e1rio da ENM debate implementa\u00e7\u00e3o do M\u00e9todo APAC e novas perspectivas para a execu\u00e7\u00e3o penal","datePublished":"2026-09-03T14:49:00+00:00","dateModified":"2026-09-03T14:58:35+00:00","mainEntityOfPage":{"@id":"https:\/\/ejurr.tjrr.jus.br\/?p=32295"},"wordCount":660,"commentCount":0,"publisher":{"@id":"https:\/\/ejurr.tjrr.jus.br\/#organization"},"image":{"@id":"https:\/\/ejurr.tjrr.jus.br\/?p=32295#primaryimage"},"thumbnailUrl":"https:\/\/ejurr.tjrr.jus.br\/wp-content\/uploads\/2026\/09\/EMK-APAC.webp","articleSection":["Not\u00edcias"],"inLanguage":"pt-BR","potentialAction":[{"@type":"CommentAction","name":"Comment","target":["https:\/\/ejurr.tjrr.jus.br\/?p=32295#respond"]}]},{"@type":"WebPage","@id":"https:\/\/ejurr.tjrr.jus.br\/?p=32295","url":"https:\/\/ejurr.tjrr.jus.br\/?p=32295","name":"Semin\u00e1rio da ENM debate implementa\u00e7\u00e3o do M\u00e9todo APAC e novas perspectivas para a execu\u00e7\u00e3o penal - EJURR","isPartOf":{"@id":"https:\/\/ejurr.tjrr.jus.br\/#website"},"primaryImageOfPage":{"@id":"https:\/\/ejurr.tjrr.jus.br\/?p=32295#primaryimage"},"image":{"@id":"https:\/\/ejurr.tjrr.jus.br\/?p=32295#primaryimage"},"thumbnailUrl":"https:\/\/ejurr.tjrr.jus.br\/wp-content\/uploads\/2026\/09\/EMK-APAC.webp","datePublished":"2026-09-03T14:49:00+00:00","dateModified":"2026-09-03T14:58:35+00:00","breadcrumb":{"@id":"https:\/\/ejurr.tjrr.jus.br\/?p=32295#breadcrumb"},"inLanguage":"pt-BR","potentialAction":[{"@type":"ReadAction","target":["https:\/\/ejurr.tjrr.jus.br\/?p=32295"]}]},{"@type":"ImageObject","inLanguage":"pt-BR","@id":"https:\/\/ejurr.tjrr.jus.br\/?p=32295#primaryimage","url":"https:\/\/ejurr.tjrr.jus.br\/wp-content\/uploads\/2026\/09\/EMK-APAC.webp","contentUrl":"https:\/\/ejurr.tjrr.jus.br\/wp-content\/uploads\/2026\/09\/EMK-APAC.webp","width":1920,"height":1080,"caption":"Card digital na cor azul marinho com as logos da Escola Nacional da Magistratura e da Ejurr no topo superior esquerdo. Em destaque, o t\u00fatulo do semin\u00e1rio \"estrat\u00e9gias para implementa\u00e7\u00e3o do m\u00e9todo APAC\" e as fotos e nomes dos palestrantes, com suas fun\u00e7\u00f5es abaixos. S\u00e3o eles: desembargador Nelson de Morais, diretor da ENM. Ele \u00e9 um homem branco, calvo, usa \u00f3culos, sorri levemente, e veste terno azul marinho e gravata roxa. Em seguida, est\u00e1 o desembargador Caetano Levi Lopes, secret\u00e1rio geral da ENM. Ele \u00e9 um homem pardo, calvo, sorri discretamente, veste terno cinza, blusa de listras azul e branco e gravata na cor cinza. \u00c0 direita, est\u00e1 a diretora da Fraternidade Brasileira de Assist\u00eancia aos Condenados, Tatiama Fl\u00e1via Faria de Souza. Ela \u00e9 uma mulher parda, cabelos cacheados com mechas douradas, sorri, usa colar com pingente prateado, terno nude e blusa branca, e est\u00e1 com as m\u00e3os no bolso."},{"@type":"BreadcrumbList","@id":"https:\/\/ejurr.tjrr.jus.br\/?p=32295#breadcrumb","itemListElement":[{"@type":"ListItem","position":1,"name":"In\u00edcio","item":"https:\/\/ejurr.tjrr.jus.br\/"},{"@type":"ListItem","position":2,"name":"Semin\u00e1rio da ENM debate implementa\u00e7\u00e3o do M\u00e9todo APAC e novas perspectivas para a execu\u00e7\u00e3o penal"}]},{"@type":"WebSite","@id":"https:\/\/ejurr.tjrr.jus.br\/#website","url":"https:\/\/ejurr.tjrr.jus.br\/","name":"Escola Judicial de Roraima","description":"A Escola Judicial de Roraima \u00e9 uma institui\u00e7\u00e3o de educa\u00e7\u00e3o corporativa mantida pelo Tribunal de Justi\u00e7a do Estado de Roraima. Seu objetivo \u00e9 planejar e executar os cursos de forma\u00e7\u00e3o inicial, capacita\u00e7\u00e3o e aperfei\u00e7oamento dos magistrados, servidores, formadores e colaboradores do Poder Judici\u00e1rio.","publisher":{"@id":"https:\/\/ejurr.tjrr.jus.br\/#organization"},"alternateName":"EJURR","potentialAction":[{"@type":"SearchAction","target":{"@type":"EntryPoint","urlTemplate":"https:\/\/ejurr.tjrr.jus.br\/?s={search_term_string}"},"query-input":{"@type":"PropertyValueSpecification","valueRequired":true,"valueName":"search_term_string"}}],"inLanguage":"pt-BR"},{"@type":"Organization","@id":"https:\/\/ejurr.tjrr.jus.br\/#organization","name":"Escola Judicial de Roraima","alternateName":"EJURR","url":"https:\/\/ejurr.tjrr.jus.br\/","logo":{"@type":"ImageObject","inLanguage":"pt-BR","@id":"https:\/\/ejurr.tjrr.jus.br\/#\/schema\/logo\/image\/","url":"https:\/\/ejurr.tjrr.jus.br\/wp-content\/uploads\/2023\/06\/MIV-EJURR-V.png","contentUrl":"https:\/\/ejurr.tjrr.jus.br\/wp-content\/uploads\/2023\/06\/MIV-EJURR-V.png","width":387,"height":369,"caption":"Escola Judicial de Roraima"},"image":{"@id":"https:\/\/ejurr.tjrr.jus.br\/#\/schema\/logo\/image\/"},"sameAs":["https:\/\/www.facebook.com\/ejurr.tj","https:\/\/www.instagram.com\/ejurr.tj\/","https:\/\/www.youtube.com\/@ejurr","https:\/\/wa.me\/559531984156","https:\/\/www.flickr.com\/photos\/ejurr_oficial"]},{"@type":"Person","@id":"https:\/\/ejurr.tjrr.jus.br\/#\/schema\/person\/5dce040510816d75c020721e1d0ee85e","name":"\u00c9rica Figueredo","image":{"@type":"ImageObject","inLanguage":"pt-BR","@id":"https:\/\/secure.gravatar.com\/avatar\/3252ecacaba89d68f1c9eef1c2ca300b0f2b81c8d93c481c2e6aa490067cffe7?s=96&d=mm&r=g","url":"https:\/\/secure.gravatar.com\/avatar\/3252ecacaba89d68f1c9eef1c2ca300b0f2b81c8d93c481c2e6aa490067cffe7?s=96&d=mm&r=g","contentUrl":"https:\/\/secure.gravatar.com\/avatar\/3252ecacaba89d68f1c9eef1c2ca300b0f2b81c8d93c481c2e6aa490067cffe7?s=96&d=mm&r=g","caption":"\u00c9rica Figueredo"},"sameAs":["http:\/\/ejurr.tjrr.jus.br"],"url":"https:\/\/ejurr.tjrr.jus.br\/?author=3"}]}},"_links":{"self":[{"href":"https:\/\/ejurr.tjrr.jus.br\/index.php?rest_route=\/wp\/v2\/posts\/32295","targetHints":{"allow":["GET"]}}],"collection":[{"href":"https:\/\/ejurr.tjrr.jus.br\/index.php?rest_route=\/wp\/v2\/posts"}],"about":[{"href":"https:\/\/ejurr.tjrr.jus.br\/index.php?rest_route=\/wp\/v2\/types\/post"}],"author":[{"embeddable":true,"href":"https:\/\/ejurr.tjrr.jus.br\/index.php?rest_route=\/wp\/v2\/users\/3"}],"replies":[{"embeddable":true,"href":"https:\/\/ejurr.tjrr.jus.br\/index.php?rest_route=%2Fwp%2Fv2%2Fcomments&post=32295"}],"version-history":[{"count":4,"href":"https:\/\/ejurr.tjrr.jus.br\/index.php?rest_route=\/wp\/v2\/posts\/32295\/revisions"}],"predecessor-version":[{"id":32303,"href":"https:\/\/ejurr.tjrr.jus.br\/index.php?rest_route=\/wp\/v2\/posts\/32295\/revisions\/32303"}],"wp:featuredmedia":[{"embeddable":true,"href":"https:\/\/ejurr.tjrr.jus.br\/index.php?rest_route=\/wp\/v2\/media\/32296"}],"wp:attachment":[{"href":"https:\/\/ejurr.tjrr.jus.br\/index.php?rest_route=%2Fwp%2Fv2%2Fmedia&parent=32295"}],"wp:term":[{"taxonomy":"category","embeddable":true,"href":"https:\/\/ejurr.tjrr.jus.br\/index.php?rest_route=%2Fwp%2Fv2%2Fcategories&post=32295"},{"taxonomy":"post_tag","embeddable":true,"href":"https:\/\/ejurr.tjrr.jus.br\/index.php?rest_route=%2Fwp%2Fv2%2Ftags&post=32295"}],"curies":[{"name":"wp","href":"https:\/\/api.w.org\/{rel}","templated":true}]}}