{"id":32276,"date":"2026-09-02T10:41:53","date_gmt":"2026-09-02T14:41:53","guid":{"rendered":"https:\/\/ejurr.tjrr.jus.br\/?p=32276"},"modified":"2026-09-02T10:43:30","modified_gmt":"2026-09-02T14:43:30","slug":"dialogando-em-rede-curso-sobre-direitos-de-criancas-e-adolescentes-indigenas-esta-com-inscricoes-abertas","status":"publish","type":"post","link":"https:\/\/ejurr.tjrr.jus.br\/?p=32276","title":{"rendered":"Dialogando em rede &#8211;\u00a0Curso\u00a0sobre direitos de crian\u00e7as e adolescentes ind\u00edgenas est\u00e1 com inscri\u00e7\u00f5es abertas\u00a0"},"content":{"rendered":"\n<p class=\"wp-block-paragraph\">A Coordenadoria da Inf\u00e2ncia e Juventude com apoio da Escola Judicial de Roraima (Ejurr) realizar\u00e1 o curso &#8220;A Aldeia e o Judici\u00e1rio: Parceria para a Prote\u00e7\u00e3o e Garantia de Direitos de Crian\u00e7as e Adolescentes Ind\u00edgenas&#8221;. A atividade ser\u00e1 realizada no dia 9 de setembro \u00e0s 9h, e faz parte da programa\u00e7\u00e3o do Dialogando em Rede &#8211; Di\u00e1logos da Justi\u00e7a da Inf\u00e2ncia e Juventude com os Povos Origin\u00e1rios do Circum-Roraima.<\/p>\n\n\n\n<p class=\"wp-block-paragraph\">O curso ter\u00e1 a participa\u00e7\u00e3o dos instrutores Sandra Rodrigues e Silva, Marcos Antonio Barbosa de Almeida e Josu\u00e9 Teles Meneses Albuquerque e ser\u00e1 on line no formato EaD s\u00edncrono (aula ao vivo) por meio da plataforma Google meet.&nbsp;<\/p>\n\n\n\n<p class=\"wp-block-paragraph\">A inten\u00e7\u00e3o \u00e9 aprimorar os conhecimentos dos participantes sobre a prote\u00e7\u00e3o integral de crian\u00e7as e adolescentes e o funcionamento do sistema de justi\u00e7a n\u00e3o ind\u00edgena, fortalecendo sua atua\u00e7\u00e3o no Sistema de Garantia de Direitos e a articula\u00e7\u00e3o com o Poder Judici\u00e1rio.&nbsp;<\/p>\n\n\n\n<p class=\"wp-block-paragraph\">Podem participar\u00a0 da capacita\u00e7\u00e3o, lideran\u00e7as ind\u00edgenas e membros das associa\u00e7\u00f5es ind\u00edgenas parceiras e participantes do Circum-Roraima (tanto do Brasil, como das \u00e1reas de fronteira na Venezuela e  Guiana).<\/p>\n\n\n\n<p class=\"wp-block-paragraph\">As pessoas interessadas devem se inscrever pelo site da Ejurr at\u00e9 o dia 4 de setembro. Est\u00e3o sendo oferecidas 80 vagas. Outras informa\u00e7\u00f5es est\u00e3o dispon\u00edveis no <a href=\"https:\/\/diario.tjrr.jus.br\/dpj\/dpj-20260902.pdf\">edital dispon\u00edvel no Di\u00e1rio da Justi\u00e7a Eletr\u00f4nico<\/a><\/p>\n\n\n\n<p class=\"wp-block-paragraph\"><a href=\"https:\/\/ejurr.tjrr.jus.br\/?p=32270\">INSCREVA-SE NO CURSO AQUI<\/a><\/p>\n\n\n\n<p class=\"wp-block-paragraph\"><strong>Curr\u00edculo<\/strong><\/p>\n\n\n\n<p class=\"wp-block-paragraph\"><\/p>\n\n\n\n<p class=\"wp-block-paragraph\">SANDRA RODRIGUES E SILVA: Antrop\u00f3loga com mais de 20 anos de experi\u00eancia na \u00e1rea de direitos dos povos ind\u00edgenas, pol\u00edticas p\u00fablicas, gest\u00e3o territorial, educa\u00e7\u00e3o intercultural e coopera\u00e7\u00e3o interinstitucional. Possui atua\u00e7\u00e3o junto a \u00f3rg\u00e3os federais, organismos internacionais, universidades e organiza\u00e7\u00f5es ind\u00edgenas, com experi\u00eancia em articula\u00e7\u00e3o de parcerias, coordena\u00e7\u00e3o de processos formativos, implementa\u00e7\u00e3o de pol\u00edticas p\u00fablicas e di\u00e1logo intercultural. Desenvolve trabalhos de campo na Amaz\u00f4nia, al\u00e9m de atividades de facilita\u00e7\u00e3o de oficinas, elabora\u00e7\u00e3o de documentos t\u00e9cnicos e monitoramento de projetos. \u00c9 Mestra em Antropologia Social e Especialista em Gest\u00e3o para o Etnodesenvolvimento pela UFRR, Bacharela em Ci\u00eancias Sociais pela UFC, Licenciada em Sociologia pela UNIASSELVI e Especialista em Rela\u00e7\u00f5es \u00c9tnico-Raciais e Sa\u00fade Mental pelo Cerbrum. MARCOS&nbsp;<\/p>\n\n\n\n<p class=\"wp-block-paragraph\">ANTONIO BARBOSA DE ALMEIDA: Mestre em Antropologia Social pelo Programa&nbsp;<\/p>\n\n\n\n<p class=\"wp-block-paragraph\">de P\u00f3s-Gradua\u00e7\u00e3o em Antropologia Social da Universidade Federal de Roraima (PPGANTS\/UFRR), graduado em Antropologia Social pelo Instituto de Antropologia da UFRR (Inan\/UFRR). Servidor lotado na Equipe interprofissional das Varas da Inf\u00e2ncia e da Juventude da Comarca de Boa Vista, atuando na produ\u00e7\u00e3o de laudos e pareceres antropol\u00f3gicos em processos judiciais relacionados a crian\u00e7as e adolescentes ind\u00edgenas. Tem como principais \u00e1reas de atua\u00e7\u00e3o, os movimentos e din\u00e2micas em espa\u00e7os de fronteiras, fronteiras em suas diferentes acep\u00e7\u00f5es, suas forma\u00e7\u00f5es, tens\u00f5es, constitui\u00e7\u00e3o e afirma\u00e7\u00e3o de identidades no decurso desses processos.&nbsp;<\/p>\n\n\n\n<p class=\"wp-block-paragraph\">JOSU\u00c9 TELES MENESES ALBUQUERQUE: Bacharel em Direito pelo Centro Universit\u00e1rio Est\u00e1cio da Amaz\u00f4nia; Especialista em Direito Digital pela Escola Paulista de Direito &#8211; EPD; Atuou como Assessor Jur\u00eddico de Promotoria de Justi\u00e7a de Entr\u00e2ncia Inicial no Minist\u00e9rio P\u00fablico do Estado do Amazonas &#8211; MPE\/AM; Atualmente \u00e9 Assessor Jur\u00eddico da Coordenadoria da Inf\u00e2ncia e Juventude do TJRR.&nbsp;<\/p>\n\n\n\n<p class=\"has-small-font-size wp-block-paragraph\">Texto Ejurr\/ Imagem: divulga\u00e7\u00e3o<\/p>\n\n\n\n<p class=\"wp-block-paragraph\"><\/p>\n","protected":false},"excerpt":{"rendered":"<p>A Coordenadoria da Inf\u00e2ncia e Juventude com apoio da Escola Judicial de Roraima (Ejurr) realizar\u00e1 o curso &#8220;A Aldeia e o Judici\u00e1rio: Parceria para a Prote\u00e7\u00e3o e Garantia de Direitos de Crian\u00e7as e Adolescentes Ind\u00edgenas&#8221;. A atividade ser\u00e1 realizada no dia 9 de setembro \u00e0s 9h, e faz parte da programa\u00e7\u00e3o do Dialogando em Rede [&hellip;]<\/p>\n","protected":false},"author":3,"featured_media":32277,"comment_status":"open","ping_status":"open","sticky":false,"template":"","format":"standard","meta":{"footnotes":""},"categories":[9],"tags":[],"class_list":["post-32276","post","type-post","status-publish","format-standard","has-post-thumbnail","hentry","category-noticias"],"yoast_head":"<!-- This site is optimized with the Yoast SEO plugin v28.3 - https:\/\/yoast.com\/product\/yoast-seo-wordpress\/ -->\n<title>Dialogando em rede -\u00a0Curso\u00a0sobre direitos de crian\u00e7as e adolescentes ind\u00edgenas est\u00e1 com inscri\u00e7\u00f5es abertas\u00a0 - EJURR<\/title>\n<meta name=\"robots\" content=\"index, follow, max-snippet:-1, max-image-preview:large, max-video-preview:-1\" \/>\n<link rel=\"canonical\" href=\"https:\/\/ejurr.tjrr.jus.br\/?p=32276\" \/>\n<meta property=\"og:locale\" content=\"pt_BR\" \/>\n<meta property=\"og:type\" content=\"article\" \/>\n<meta property=\"og:title\" content=\"Dialogando em rede -\u00a0Curso\u00a0sobre direitos de crian\u00e7as e adolescentes ind\u00edgenas est\u00e1 com inscri\u00e7\u00f5es abertas\u00a0 - EJURR\" \/>\n<meta property=\"og:description\" content=\"A Coordenadoria da Inf\u00e2ncia e Juventude com apoio da Escola Judicial de Roraima (Ejurr) realizar\u00e1 o curso &#8220;A Aldeia e o Judici\u00e1rio: Parceria para a Prote\u00e7\u00e3o e Garantia de Direitos de Crian\u00e7as e Adolescentes Ind\u00edgenas&#8221;. A atividade ser\u00e1 realizada no dia 9 de setembro \u00e0s 9h, e faz parte da programa\u00e7\u00e3o do Dialogando em Rede [&hellip;]\" \/>\n<meta property=\"og:url\" content=\"https:\/\/ejurr.tjrr.jus.br\/?p=32276\" \/>\n<meta property=\"og:site_name\" content=\"EJURR\" \/>\n<meta property=\"article:publisher\" content=\"https:\/\/www.facebook.com\/ejurr.tj\" \/>\n<meta property=\"article:published_time\" content=\"2026-09-02T14:41:53+00:00\" \/>\n<meta property=\"article:modified_time\" content=\"2026-09-02T14:43:30+00:00\" \/>\n<meta property=\"og:image\" content=\"https:\/\/ejurr.tjrr.jus.br\/wp-content\/uploads\/2026\/09\/criancas-indigenas.jpg-1-scaled.jpeg\" \/>\n\t<meta property=\"og:image:width\" content=\"2560\" \/>\n\t<meta property=\"og:image:height\" content=\"1708\" \/>\n\t<meta property=\"og:image:type\" content=\"image\/jpeg\" \/>\n<meta name=\"author\" content=\"\u00c9rica Figueredo\" \/>\n<meta name=\"twitter:card\" content=\"summary_large_image\" \/>\n<meta name=\"twitter:label1\" content=\"Escrito por\" \/>\n\t<meta name=\"twitter:data1\" content=\"\u00c9rica Figueredo\" \/>\n\t<meta name=\"twitter:label2\" content=\"Est. tempo de leitura\" \/>\n\t<meta name=\"twitter:data2\" content=\"3 minutos\" \/>\n<script type=\"application\/ld+json\" class=\"yoast-schema-graph\">{\"@context\":\"https:\\\/\\\/schema.org\",\"@graph\":[{\"@type\":\"Article\",\"@id\":\"https:\\\/\\\/ejurr.tjrr.jus.br\\\/?p=32276#article\",\"isPartOf\":{\"@id\":\"https:\\\/\\\/ejurr.tjrr.jus.br\\\/?p=32276\"},\"author\":{\"name\":\"\u00c9rica Figueredo\",\"@id\":\"https:\\\/\\\/ejurr.tjrr.jus.br\\\/#\\\/schema\\\/person\\\/5dce040510816d75c020721e1d0ee85e\"},\"headline\":\"Dialogando em rede &#8211;\u00a0Curso\u00a0sobre direitos de crian\u00e7as e adolescentes ind\u00edgenas est\u00e1 com inscri\u00e7\u00f5es abertas\u00a0\",\"datePublished\":\"2026-09-02T14:41:53+00:00\",\"dateModified\":\"2026-09-02T14:43:30+00:00\",\"mainEntityOfPage\":{\"@id\":\"https:\\\/\\\/ejurr.tjrr.jus.br\\\/?p=32276\"},\"wordCount\":595,\"commentCount\":0,\"publisher\":{\"@id\":\"https:\\\/\\\/ejurr.tjrr.jus.br\\\/#organization\"},\"image\":{\"@id\":\"https:\\\/\\\/ejurr.tjrr.jus.br\\\/?p=32276#primaryimage\"},\"thumbnailUrl\":\"https:\\\/\\\/ejurr.tjrr.jus.br\\\/wp-content\\\/uploads\\\/2026\\\/09\\\/criancas-indigenas.jpg-1-scaled.jpeg\",\"articleSection\":[\"Not\u00edcias\"],\"inLanguage\":\"pt-BR\",\"potentialAction\":[{\"@type\":\"CommentAction\",\"name\":\"Comment\",\"target\":[\"https:\\\/\\\/ejurr.tjrr.jus.br\\\/?p=32276#respond\"]}]},{\"@type\":\"WebPage\",\"@id\":\"https:\\\/\\\/ejurr.tjrr.jus.br\\\/?p=32276\",\"url\":\"https:\\\/\\\/ejurr.tjrr.jus.br\\\/?p=32276\",\"name\":\"Dialogando em rede -\u00a0Curso\u00a0sobre direitos de crian\u00e7as e adolescentes ind\u00edgenas est\u00e1 com inscri\u00e7\u00f5es abertas\u00a0 - EJURR\",\"isPartOf\":{\"@id\":\"https:\\\/\\\/ejurr.tjrr.jus.br\\\/#website\"},\"primaryImageOfPage\":{\"@id\":\"https:\\\/\\\/ejurr.tjrr.jus.br\\\/?p=32276#primaryimage\"},\"image\":{\"@id\":\"https:\\\/\\\/ejurr.tjrr.jus.br\\\/?p=32276#primaryimage\"},\"thumbnailUrl\":\"https:\\\/\\\/ejurr.tjrr.jus.br\\\/wp-content\\\/uploads\\\/2026\\\/09\\\/criancas-indigenas.jpg-1-scaled.jpeg\",\"datePublished\":\"2026-09-02T14:41:53+00:00\",\"dateModified\":\"2026-09-02T14:43:30+00:00\",\"breadcrumb\":{\"@id\":\"https:\\\/\\\/ejurr.tjrr.jus.br\\\/?p=32276#breadcrumb\"},\"inLanguage\":\"pt-BR\",\"potentialAction\":[{\"@type\":\"ReadAction\",\"target\":[\"https:\\\/\\\/ejurr.tjrr.jus.br\\\/?p=32276\"]}]},{\"@type\":\"ImageObject\",\"inLanguage\":\"pt-BR\",\"@id\":\"https:\\\/\\\/ejurr.tjrr.jus.br\\\/?p=32276#primaryimage\",\"url\":\"https:\\\/\\\/ejurr.tjrr.jus.br\\\/wp-content\\\/uploads\\\/2026\\\/09\\\/criancas-indigenas.jpg-1-scaled.jpeg\",\"contentUrl\":\"https:\\\/\\\/ejurr.tjrr.jus.br\\\/wp-content\\\/uploads\\\/2026\\\/09\\\/criancas-indigenas.jpg-1-scaled.jpeg\",\"width\":2560,\"height\":1708,\"caption\":\"Mulher ind\u00edgena com cabelo presos, pintura facial e colares carega uma crian\u00e7a ind\u00edgena que sorri e olha em dire\u00e7\u00e3o ao fot\u00f3grafo.\"},{\"@type\":\"BreadcrumbList\",\"@id\":\"https:\\\/\\\/ejurr.tjrr.jus.br\\\/?p=32276#breadcrumb\",\"itemListElement\":[{\"@type\":\"ListItem\",\"position\":1,\"name\":\"In\u00edcio\",\"item\":\"https:\\\/\\\/ejurr.tjrr.jus.br\\\/\"},{\"@type\":\"ListItem\",\"position\":2,\"name\":\"Dialogando em rede &#8211;\u00a0Curso\u00a0sobre direitos de crian\u00e7as e adolescentes ind\u00edgenas est\u00e1 com inscri\u00e7\u00f5es abertas\u00a0\"}]},{\"@type\":\"WebSite\",\"@id\":\"https:\\\/\\\/ejurr.tjrr.jus.br\\\/#website\",\"url\":\"https:\\\/\\\/ejurr.tjrr.jus.br\\\/\",\"name\":\"Escola Judicial de Roraima\",\"description\":\"A Escola Judicial de Roraima \u00e9 uma institui\u00e7\u00e3o de educa\u00e7\u00e3o corporativa mantida pelo Tribunal de Justi\u00e7a do Estado de Roraima. Seu objetivo \u00e9 planejar e executar os cursos de forma\u00e7\u00e3o inicial, capacita\u00e7\u00e3o e aperfei\u00e7oamento dos magistrados, servidores, formadores e colaboradores do Poder Judici\u00e1rio.\",\"publisher\":{\"@id\":\"https:\\\/\\\/ejurr.tjrr.jus.br\\\/#organization\"},\"alternateName\":\"EJURR\",\"potentialAction\":[{\"@type\":\"SearchAction\",\"target\":{\"@type\":\"EntryPoint\",\"urlTemplate\":\"https:\\\/\\\/ejurr.tjrr.jus.br\\\/?s={search_term_string}\"},\"query-input\":{\"@type\":\"PropertyValueSpecification\",\"valueRequired\":true,\"valueName\":\"search_term_string\"}}],\"inLanguage\":\"pt-BR\"},{\"@type\":\"Organization\",\"@id\":\"https:\\\/\\\/ejurr.tjrr.jus.br\\\/#organization\",\"name\":\"Escola Judicial de Roraima\",\"alternateName\":\"EJURR\",\"url\":\"https:\\\/\\\/ejurr.tjrr.jus.br\\\/\",\"logo\":{\"@type\":\"ImageObject\",\"inLanguage\":\"pt-BR\",\"@id\":\"https:\\\/\\\/ejurr.tjrr.jus.br\\\/#\\\/schema\\\/logo\\\/image\\\/\",\"url\":\"https:\\\/\\\/ejurr.tjrr.jus.br\\\/wp-content\\\/uploads\\\/2023\\\/06\\\/MIV-EJURR-V.png\",\"contentUrl\":\"https:\\\/\\\/ejurr.tjrr.jus.br\\\/wp-content\\\/uploads\\\/2023\\\/06\\\/MIV-EJURR-V.png\",\"width\":387,\"height\":369,\"caption\":\"Escola Judicial de Roraima\"},\"image\":{\"@id\":\"https:\\\/\\\/ejurr.tjrr.jus.br\\\/#\\\/schema\\\/logo\\\/image\\\/\"},\"sameAs\":[\"https:\\\/\\\/www.facebook.com\\\/ejurr.tj\",\"https:\\\/\\\/www.instagram.com\\\/ejurr.tj\\\/\",\"https:\\\/\\\/www.youtube.com\\\/@ejurr\",\"https:\\\/\\\/wa.me\\\/559531984156\",\"https:\\\/\\\/www.flickr.com\\\/photos\\\/ejurr_oficial\"]},{\"@type\":\"Person\",\"@id\":\"https:\\\/\\\/ejurr.tjrr.jus.br\\\/#\\\/schema\\\/person\\\/5dce040510816d75c020721e1d0ee85e\",\"name\":\"\u00c9rica Figueredo\",\"image\":{\"@type\":\"ImageObject\",\"inLanguage\":\"pt-BR\",\"@id\":\"https:\\\/\\\/secure.gravatar.com\\\/avatar\\\/3252ecacaba89d68f1c9eef1c2ca300b0f2b81c8d93c481c2e6aa490067cffe7?s=96&d=mm&r=g\",\"url\":\"https:\\\/\\\/secure.gravatar.com\\\/avatar\\\/3252ecacaba89d68f1c9eef1c2ca300b0f2b81c8d93c481c2e6aa490067cffe7?s=96&d=mm&r=g\",\"contentUrl\":\"https:\\\/\\\/secure.gravatar.com\\\/avatar\\\/3252ecacaba89d68f1c9eef1c2ca300b0f2b81c8d93c481c2e6aa490067cffe7?s=96&d=mm&r=g\",\"caption\":\"\u00c9rica Figueredo\"},\"sameAs\":[\"http:\\\/\\\/ejurr.tjrr.jus.br\"],\"url\":\"https:\\\/\\\/ejurr.tjrr.jus.br\\\/?author=3\"}]}<\/script>\n<!-- \/ Yoast SEO plugin. -->","yoast_head_json":{"title":"Dialogando em rede -\u00a0Curso\u00a0sobre direitos de crian\u00e7as e adolescentes ind\u00edgenas est\u00e1 com inscri\u00e7\u00f5es abertas\u00a0 - EJURR","robots":{"index":"index","follow":"follow","max-snippet":"max-snippet:-1","max-image-preview":"max-image-preview:large","max-video-preview":"max-video-preview:-1"},"canonical":"https:\/\/ejurr.tjrr.jus.br\/?p=32276","og_locale":"pt_BR","og_type":"article","og_title":"Dialogando em rede -\u00a0Curso\u00a0sobre direitos de crian\u00e7as e adolescentes ind\u00edgenas est\u00e1 com inscri\u00e7\u00f5es abertas\u00a0 - EJURR","og_description":"A Coordenadoria da Inf\u00e2ncia e Juventude com apoio da Escola Judicial de Roraima (Ejurr) realizar\u00e1 o curso &#8220;A Aldeia e o Judici\u00e1rio: Parceria para a Prote\u00e7\u00e3o e Garantia de Direitos de Crian\u00e7as e Adolescentes Ind\u00edgenas&#8221;. A atividade ser\u00e1 realizada no dia 9 de setembro \u00e0s 9h, e faz parte da programa\u00e7\u00e3o do Dialogando em Rede [&hellip;]","og_url":"https:\/\/ejurr.tjrr.jus.br\/?p=32276","og_site_name":"EJURR","article_publisher":"https:\/\/www.facebook.com\/ejurr.tj","article_published_time":"2026-09-02T14:41:53+00:00","article_modified_time":"2026-09-02T14:43:30+00:00","og_image":[{"width":2560,"height":1708,"url":"https:\/\/ejurr.tjrr.jus.br\/wp-content\/uploads\/2026\/09\/criancas-indigenas.jpg-1-scaled.jpeg","type":"image\/jpeg"}],"author":"\u00c9rica Figueredo","twitter_card":"summary_large_image","twitter_misc":{"Escrito por":"\u00c9rica Figueredo","Est. tempo de leitura":"3 minutos"},"schema":{"@context":"https:\/\/schema.org","@graph":[{"@type":"Article","@id":"https:\/\/ejurr.tjrr.jus.br\/?p=32276#article","isPartOf":{"@id":"https:\/\/ejurr.tjrr.jus.br\/?p=32276"},"author":{"name":"\u00c9rica Figueredo","@id":"https:\/\/ejurr.tjrr.jus.br\/#\/schema\/person\/5dce040510816d75c020721e1d0ee85e"},"headline":"Dialogando em rede &#8211;\u00a0Curso\u00a0sobre direitos de crian\u00e7as e adolescentes ind\u00edgenas est\u00e1 com inscri\u00e7\u00f5es abertas\u00a0","datePublished":"2026-09-02T14:41:53+00:00","dateModified":"2026-09-02T14:43:30+00:00","mainEntityOfPage":{"@id":"https:\/\/ejurr.tjrr.jus.br\/?p=32276"},"wordCount":595,"commentCount":0,"publisher":{"@id":"https:\/\/ejurr.tjrr.jus.br\/#organization"},"image":{"@id":"https:\/\/ejurr.tjrr.jus.br\/?p=32276#primaryimage"},"thumbnailUrl":"https:\/\/ejurr.tjrr.jus.br\/wp-content\/uploads\/2026\/09\/criancas-indigenas.jpg-1-scaled.jpeg","articleSection":["Not\u00edcias"],"inLanguage":"pt-BR","potentialAction":[{"@type":"CommentAction","name":"Comment","target":["https:\/\/ejurr.tjrr.jus.br\/?p=32276#respond"]}]},{"@type":"WebPage","@id":"https:\/\/ejurr.tjrr.jus.br\/?p=32276","url":"https:\/\/ejurr.tjrr.jus.br\/?p=32276","name":"Dialogando em rede -\u00a0Curso\u00a0sobre direitos de crian\u00e7as e adolescentes ind\u00edgenas est\u00e1 com inscri\u00e7\u00f5es abertas\u00a0 - EJURR","isPartOf":{"@id":"https:\/\/ejurr.tjrr.jus.br\/#website"},"primaryImageOfPage":{"@id":"https:\/\/ejurr.tjrr.jus.br\/?p=32276#primaryimage"},"image":{"@id":"https:\/\/ejurr.tjrr.jus.br\/?p=32276#primaryimage"},"thumbnailUrl":"https:\/\/ejurr.tjrr.jus.br\/wp-content\/uploads\/2026\/09\/criancas-indigenas.jpg-1-scaled.jpeg","datePublished":"2026-09-02T14:41:53+00:00","dateModified":"2026-09-02T14:43:30+00:00","breadcrumb":{"@id":"https:\/\/ejurr.tjrr.jus.br\/?p=32276#breadcrumb"},"inLanguage":"pt-BR","potentialAction":[{"@type":"ReadAction","target":["https:\/\/ejurr.tjrr.jus.br\/?p=32276"]}]},{"@type":"ImageObject","inLanguage":"pt-BR","@id":"https:\/\/ejurr.tjrr.jus.br\/?p=32276#primaryimage","url":"https:\/\/ejurr.tjrr.jus.br\/wp-content\/uploads\/2026\/09\/criancas-indigenas.jpg-1-scaled.jpeg","contentUrl":"https:\/\/ejurr.tjrr.jus.br\/wp-content\/uploads\/2026\/09\/criancas-indigenas.jpg-1-scaled.jpeg","width":2560,"height":1708,"caption":"Mulher ind\u00edgena com cabelo presos, pintura facial e colares carega uma crian\u00e7a ind\u00edgena que sorri e olha em dire\u00e7\u00e3o ao fot\u00f3grafo."},{"@type":"BreadcrumbList","@id":"https:\/\/ejurr.tjrr.jus.br\/?p=32276#breadcrumb","itemListElement":[{"@type":"ListItem","position":1,"name":"In\u00edcio","item":"https:\/\/ejurr.tjrr.jus.br\/"},{"@type":"ListItem","position":2,"name":"Dialogando em rede &#8211;\u00a0Curso\u00a0sobre direitos de crian\u00e7as e adolescentes ind\u00edgenas est\u00e1 com inscri\u00e7\u00f5es abertas\u00a0"}]},{"@type":"WebSite","@id":"https:\/\/ejurr.tjrr.jus.br\/#website","url":"https:\/\/ejurr.tjrr.jus.br\/","name":"Escola Judicial de Roraima","description":"A Escola Judicial de Roraima \u00e9 uma institui\u00e7\u00e3o de educa\u00e7\u00e3o corporativa mantida pelo Tribunal de Justi\u00e7a do Estado de Roraima. Seu objetivo \u00e9 planejar e executar os cursos de forma\u00e7\u00e3o inicial, capacita\u00e7\u00e3o e aperfei\u00e7oamento dos magistrados, servidores, formadores e colaboradores do Poder Judici\u00e1rio.","publisher":{"@id":"https:\/\/ejurr.tjrr.jus.br\/#organization"},"alternateName":"EJURR","potentialAction":[{"@type":"SearchAction","target":{"@type":"EntryPoint","urlTemplate":"https:\/\/ejurr.tjrr.jus.br\/?s={search_term_string}"},"query-input":{"@type":"PropertyValueSpecification","valueRequired":true,"valueName":"search_term_string"}}],"inLanguage":"pt-BR"},{"@type":"Organization","@id":"https:\/\/ejurr.tjrr.jus.br\/#organization","name":"Escola Judicial de Roraima","alternateName":"EJURR","url":"https:\/\/ejurr.tjrr.jus.br\/","logo":{"@type":"ImageObject","inLanguage":"pt-BR","@id":"https:\/\/ejurr.tjrr.jus.br\/#\/schema\/logo\/image\/","url":"https:\/\/ejurr.tjrr.jus.br\/wp-content\/uploads\/2023\/06\/MIV-EJURR-V.png","contentUrl":"https:\/\/ejurr.tjrr.jus.br\/wp-content\/uploads\/2023\/06\/MIV-EJURR-V.png","width":387,"height":369,"caption":"Escola Judicial de Roraima"},"image":{"@id":"https:\/\/ejurr.tjrr.jus.br\/#\/schema\/logo\/image\/"},"sameAs":["https:\/\/www.facebook.com\/ejurr.tj","https:\/\/www.instagram.com\/ejurr.tj\/","https:\/\/www.youtube.com\/@ejurr","https:\/\/wa.me\/559531984156","https:\/\/www.flickr.com\/photos\/ejurr_oficial"]},{"@type":"Person","@id":"https:\/\/ejurr.tjrr.jus.br\/#\/schema\/person\/5dce040510816d75c020721e1d0ee85e","name":"\u00c9rica Figueredo","image":{"@type":"ImageObject","inLanguage":"pt-BR","@id":"https:\/\/secure.gravatar.com\/avatar\/3252ecacaba89d68f1c9eef1c2ca300b0f2b81c8d93c481c2e6aa490067cffe7?s=96&d=mm&r=g","url":"https:\/\/secure.gravatar.com\/avatar\/3252ecacaba89d68f1c9eef1c2ca300b0f2b81c8d93c481c2e6aa490067cffe7?s=96&d=mm&r=g","contentUrl":"https:\/\/secure.gravatar.com\/avatar\/3252ecacaba89d68f1c9eef1c2ca300b0f2b81c8d93c481c2e6aa490067cffe7?s=96&d=mm&r=g","caption":"\u00c9rica Figueredo"},"sameAs":["http:\/\/ejurr.tjrr.jus.br"],"url":"https:\/\/ejurr.tjrr.jus.br\/?author=3"}]}},"_links":{"self":[{"href":"https:\/\/ejurr.tjrr.jus.br\/index.php?rest_route=\/wp\/v2\/posts\/32276","targetHints":{"allow":["GET"]}}],"collection":[{"href":"https:\/\/ejurr.tjrr.jus.br\/index.php?rest_route=\/wp\/v2\/posts"}],"about":[{"href":"https:\/\/ejurr.tjrr.jus.br\/index.php?rest_route=\/wp\/v2\/types\/post"}],"author":[{"embeddable":true,"href":"https:\/\/ejurr.tjrr.jus.br\/index.php?rest_route=\/wp\/v2\/users\/3"}],"replies":[{"embeddable":true,"href":"https:\/\/ejurr.tjrr.jus.br\/index.php?rest_route=%2Fwp%2Fv2%2Fcomments&post=32276"}],"version-history":[{"count":5,"href":"https:\/\/ejurr.tjrr.jus.br\/index.php?rest_route=\/wp\/v2\/posts\/32276\/revisions"}],"predecessor-version":[{"id":32283,"href":"https:\/\/ejurr.tjrr.jus.br\/index.php?rest_route=\/wp\/v2\/posts\/32276\/revisions\/32283"}],"wp:featuredmedia":[{"embeddable":true,"href":"https:\/\/ejurr.tjrr.jus.br\/index.php?rest_route=\/wp\/v2\/media\/32277"}],"wp:attachment":[{"href":"https:\/\/ejurr.tjrr.jus.br\/index.php?rest_route=%2Fwp%2Fv2%2Fmedia&parent=32276"}],"wp:term":[{"taxonomy":"category","embeddable":true,"href":"https:\/\/ejurr.tjrr.jus.br\/index.php?rest_route=%2Fwp%2Fv2%2Fcategories&post=32276"},{"taxonomy":"post_tag","embeddable":true,"href":"https:\/\/ejurr.tjrr.jus.br\/index.php?rest_route=%2Fwp%2Fv2%2Ftags&post=32276"}],"curies":[{"name":"wp","href":"https:\/\/api.w.org\/{rel}","templated":true}]}}