{"id":32270,"date":"2026-09-02T09:41:37","date_gmt":"2026-09-02T13:41:37","guid":{"rendered":"https:\/\/ejurr.tjrr.jus.br\/?p=32270"},"modified":"2026-09-02T09:41:39","modified_gmt":"2026-09-02T13:41:39","slug":"a-aldeia-e-o-judiciario-parceria-para-a-protecao-e-garantia-de-direitos-de-criancas-e-adolescentes-indigenas","status":"publish","type":"post","link":"https:\/\/ejurr.tjrr.jus.br\/?p=32270","title":{"rendered":"A Aldeia e o Judici\u00e1rio: Parceria para a Prote\u00e7\u00e3o e Garantia de Direitos de Crian\u00e7as e Adolescentes Ind\u00edgenas"},"content":{"rendered":"\t\t<div data-elementor-type=\"wp-post\" data-elementor-id=\"32270\" class=\"elementor elementor-32270\" data-elementor-post-type=\"post\">\n\t\t\t\t<div class=\"elementor-element elementor-element-d8b2425 e-flex e-con-boxed e-con e-parent\" data-id=\"d8b2425\" data-element_type=\"container\" data-e-type=\"container\">\n\t\t\t\t\t<div class=\"e-con-inner\">\n\t\t<div class=\"elementor-element elementor-element-21fd8d8 e-flex e-con-boxed e-con e-child\" data-id=\"21fd8d8\" data-element_type=\"container\" data-e-type=\"container\">\n\t\t\t\t\t<div class=\"e-con-inner\">\n\t\t\t\t<div class=\"elementor-element elementor-element-a47e199 elementor-widget elementor-widget-heading\" data-id=\"a47e199\" data-element_type=\"widget\" data-e-type=\"widget\" data-widget_type=\"heading.default\">\n\t\t\t\t<div class=\"elementor-widget-container\">\n\t\t\t\t\t<h2 class=\"elementor-heading-title elementor-size-default\">A Aldeia e o Judici\u00e1rio: Parceria para a Prote\u00e7\u00e3o e Garantia de Direitos de Crian\u00e7as e Adolescentes Ind\u00edgenas<\/h2>\t\t\t\t<\/div>\n\t\t\t\t<\/div>\n\t\t<div class=\"elementor-element elementor-element-ebc7e38 e-flex e-con-boxed e-con e-child\" data-id=\"ebc7e38\" data-element_type=\"container\" data-e-type=\"container\">\n\t\t\t\t\t<div class=\"e-con-inner\">\n\t\t<div class=\"elementor-element elementor-element-c25a574 e-con-full elementor-hidden-tablet elementor-hidden-mobile e-flex e-con e-child\" data-id=\"c25a574\" data-element_type=\"container\" data-e-type=\"container\">\n\t\t\t\t<div class=\"elementor-element elementor-element-8bfbcf4 elementor-widget__width-initial elementor-widget elementor-widget-image\" data-id=\"8bfbcf4\" data-element_type=\"widget\" data-e-type=\"widget\" data-widget_type=\"image.default\">\n\t\t\t\t<div class=\"elementor-widget-container\">\n\t\t\t\t\t\t\t\t\t\t\t\t\t\t\t<img decoding=\"async\" src=\"https:\/\/ejurr.tjrr.jus.br\/wp-content\/uploads\/elementor\/thumbs\/WhatsApp-Image-2026-09-02-at-09.14.02-rstcuwm62t884046egyxs8ittvb6qmonetuzyxmzrc.jpeg\" title=\"A Aldeia e o Judici\u00e1rio\" alt=\"Card digital. Na metade superior, a imagem mostra em primeiro plano uma crian\u00e7a ind\u00edgena com rosto pintado de preto e vermelho, sorrindo e olhando para a c\u00e2mera. Ao lado dela, de perfil e desfocado, um adulto ind\u00edgena (provavelmente sua m\u00e3e) tamb\u00e9m com rosto pintado sorri para a crian\u00e7a. Elas est\u00e3o em um ambiente ao ar livre com luz natural. Na metade inferior, em fundo marrom escuro, o t\u00edtulo em letras garrafais brancas alongadas diz: &quot;CURSO &apos;A ALDEIA E O JUDICI\u00c1RIO: PARCERIA PARA A PROTE\u00c7\u00c3O E GARANTIA DE DIREITOS DE CRIAN\u00c7AS E ADOLESCENTES IND\u00cdGENAS&apos;&quot;. Abaixo, \u00edcones brancos detalham as informa\u00e7\u00f5es do curso: Instrutores (a): Sandra Rodrigues e Silva, Marcos Antonio Barbosa de Almeida e Josu\u00e9 Teles Meneses Albuquerque; N\u00famero de vagas: 80 vagas; Formato: EAD S\u00edncrono; P\u00fablico-alvo: Lideran\u00e7as ind\u00edgenas e membros das associa\u00e7\u00f5es ind\u00edgenas parceiras e participantes do CIRCUM-Roraima; Carga hor\u00e1ria: 3 horas\/aula; Local: Plataforma de Aprendizagem Google Meet; Inscri\u00e7\u00f5es: 02 a 04\/09\/2026; Data de realiza\u00e7\u00e3o: 09\/09\/2026 das 9h \u00e0s 12h. No rodap\u00e9, o logotipo branco da EJURR (Escola Judicial de Roraima) centralizado, com grafismos geom\u00e9tricos discretos na lateral esquerda.\" loading=\"lazy\" \/>\t\t\t\t\t\t\t\t\t\t\t\t\t\t\t<\/div>\n\t\t\t\t<\/div>\n\t\t\t\t<\/div>\n\t\t<div class=\"elementor-element elementor-element-41a7a01 e-flex e-con-boxed e-con e-child\" data-id=\"41a7a01\" data-element_type=\"container\" data-e-type=\"container\" data-settings=\"{&quot;background_background&quot;:&quot;gradient&quot;}\">\n\t\t\t\t\t<div class=\"e-con-inner\">\n\t\t<div class=\"elementor-element elementor-element-8029d39 e-con-full e-flex e-con e-child\" data-id=\"8029d39\" data-element_type=\"container\" data-e-type=\"container\" data-settings=\"{&quot;background_background&quot;:&quot;gradient&quot;}\">\n\t\t\t\t<\/div>\n\t\t\t\t<div class=\"elementor-element elementor-element-6890c54 elementor-align-justify elementor-widget elementor-widget-button\" data-id=\"6890c54\" data-element_type=\"widget\" data-e-type=\"widget\" data-widget_type=\"button.default\">\n\t\t\t\t<div class=\"elementor-widget-container\">\n\t\t\t\t\t\t\t\t\t<div class=\"elementor-button-wrapper\">\n\t\t\t\t\t<a class=\"elementor-button elementor-button-link elementor-size-sm\" href=\"https:\/\/educa.enfam.jus.br\/inscricao-a-aldeia-e-o-judiciario-parceria-para-a-protecao-e-garantia-de-direitos-de-criancas-e-adolescentes-indigenas\" target=\"_blank\">\n\t\t\t\t\t\t<span class=\"elementor-button-content-wrapper\">\n\t\t\t\t\t\t\t\t\t<span class=\"elementor-button-text\">INSCREVA-SE<\/span>\n\t\t\t\t\t<\/span>\n\t\t\t\t\t<\/a>\n\t\t\t\t<\/div>\n\t\t\t\t\t\t\t\t<\/div>\n\t\t\t\t<\/div>\n\t\t\t\t<div class=\"elementor-element elementor-element-6117975 elementor-widget__width-initial elementor-widget elementor-widget-text-editor\" data-id=\"6117975\" data-element_type=\"widget\" data-e-type=\"widget\" data-widget_type=\"text-editor.default\">\n\t\t\t\t<div class=\"elementor-widget-container\">\n\t\t\t\t\t\t\t\t\t<h3> \n    <span style=\"font-size: 12pt; font-family: arial, helvetica, sans-serif;\"> \n        <span style=\"color: #055688;\"><strong>MODALIDADE<\/strong><\/span>: \n        <span style=\"color: #000000;\">EAD S\u00edncrono<\/span> \n    <\/span> \n    <br> \n    <span style=\"font-size: 12pt; font-family: arial, helvetica, sans-serif;\"> \n        <span style=\"color: #055688;\"><strong>CARGA HOR\u00c1RIA<\/strong><\/span>: \n        <span style=\"color: #000000;\">3 h\/a<\/span> \n    <\/span> \n    <br> \n    <span style=\"font-size: 12pt; font-family: arial, helvetica, sans-serif;\"> \n        <span style=\"color: #055688;\"><strong>P\u00daBLICO-ALVO<\/strong><\/span>: \n        <span style=\"color: #000000;\">Lideran\u00e7as ind\u00edgenas e membros das Associa\u00e7\u00f5es Ind\u00edgenas parceiras e participantes do Circum-Roraima.<\/span> \n    <\/span> \n    <br> \n    <span style=\"font-size: 12pt; font-family: arial, helvetica, sans-serif;\"> \n        <span style=\"color: #e67e23;\"><strong>PER\u00cdODO DE INSCRI\u00c7\u00c3O:<\/strong><\/span> \n        <span style=\"color: #000000;\">2 a 4\/9\/2026<\/span> \n    <\/span> \n    <br> \n    <span style=\"font-size: 12pt; font-family: arial, helvetica, sans-serif;\"> \n        <span style=\"color: #189cd8;\"><strong>PER\u00cdODO DE REALIZA\u00c7\u00c3O:<\/strong><\/span> \n        <span style=\"color: #000000;\">9\/9\/2026 das 9h \u00e0s 12h<\/span> \n    <\/span> \n    <br> \n    <span style=\"font-size: 12pt; font-family: arial, helvetica, sans-serif;\"> \n        <span style=\"color: #055688;\"><strong>LOCAL:<\/strong><\/span> \n        <span style=\"color: #000000;\">Google Meet<\/span> \n    <\/span> \n<\/h3>\t\t\t\t\t\t\t\t<\/div>\n\t\t\t\t<\/div>\n\t\t\t\t\t<\/div>\n\t\t\t\t<\/div>\n\t\t\t\t\t<\/div>\n\t\t\t\t<\/div>\n\t\t<div class=\"elementor-element elementor-element-e0f5958 e-flex e-con-boxed e-con e-child\" data-id=\"e0f5958\" data-element_type=\"container\" data-e-type=\"container\">\n\t\t\t\t\t<div class=\"e-con-inner\">\n\t\t\t\t\t<\/div>\n\t\t\t\t<\/div>\n\t\t\t\t<div class=\"elementor-element elementor-element-6df894c elementor-widget elementor-widget-heading\" data-id=\"6df894c\" data-element_type=\"widget\" data-e-type=\"widget\" data-widget_type=\"heading.default\">\n\t\t\t\t<div class=\"elementor-widget-container\">\n\t\t\t\t\t<h2 class=\"elementor-heading-title elementor-size-default\">Compartilhar:<\/h2>\t\t\t\t<\/div>\n\t\t\t\t<\/div>\n\t\t\t\t<div class=\"elementor-element elementor-element-c8700e9 elementor-share-buttons--view-icon elementor-share-buttons--skin-framed elementor-share-buttons--shape-rounded elementor-grid-0 elementor-share-buttons--color-official elementor-widget elementor-widget-share-buttons\" data-id=\"c8700e9\" data-element_type=\"widget\" data-e-type=\"widget\" data-widget_type=\"share-buttons.default\">\n\t\t\t\t<div class=\"elementor-widget-container\">\n\t\t\t\t\t\t\t<div class=\"elementor-grid\" role=\"list\">\n\t\t\t\t\t\t\t\t<div class=\"elementor-grid-item\" role=\"listitem\">\n\t\t\t\t\t\t<div class=\"elementor-share-btn elementor-share-btn_whatsapp\" role=\"button\" tabindex=\"0\" aria-label=\"Compartilhar no whatsapp\">\n\t\t\t\t\t\t\t\t\t\t\t\t\t\t\t<span class=\"elementor-share-btn__icon\">\n\t\t\t\t\t\t\t\t<i class=\"fab fa-whatsapp\" aria-hidden=\"true\"><\/i>\t\t\t\t\t\t\t<\/span>\n\t\t\t\t\t\t\t\t\t\t\t\t\t\t\t\t\t\t\t\t<\/div>\n\t\t\t\t\t<\/div>\n\t\t\t\t\t\t\t\t\t<div class=\"elementor-grid-item\" role=\"listitem\">\n\t\t\t\t\t\t<div class=\"elementor-share-btn elementor-share-btn_telegram\" role=\"button\" tabindex=\"0\" aria-label=\"Compartilhar no telegram\">\n\t\t\t\t\t\t\t\t\t\t\t\t\t\t\t<span class=\"elementor-share-btn__icon\">\n\t\t\t\t\t\t\t\t<i class=\"fab fa-telegram\" aria-hidden=\"true\"><\/i>\t\t\t\t\t\t\t<\/span>\n\t\t\t\t\t\t\t\t\t\t\t\t\t\t\t\t\t\t\t\t<\/div>\n\t\t\t\t\t<\/div>\n\t\t\t\t\t\t\t\t\t<div class=\"elementor-grid-item\" role=\"listitem\">\n\t\t\t\t\t\t<div class=\"elementor-share-btn elementor-share-btn_email\" role=\"button\" tabindex=\"0\" aria-label=\"Compartilhar no email\">\n\t\t\t\t\t\t\t\t\t\t\t\t\t\t\t<span class=\"elementor-share-btn__icon\">\n\t\t\t\t\t\t\t\t<i class=\"fas fa-envelope\" aria-hidden=\"true\"><\/i>\t\t\t\t\t\t\t<\/span>\n\t\t\t\t\t\t\t\t\t\t\t\t\t\t\t\t\t\t\t\t<\/div>\n\t\t\t\t\t<\/div>\n\t\t\t\t\t\t<\/div>\n\t\t\t\t\t\t<\/div>\n\t\t\t\t<\/div>\n\t\t\t\t<div class=\"elementor-element elementor-element-2c8c3d1 elementor-widget elementor-widget-spacer\" data-id=\"2c8c3d1\" data-element_type=\"widget\" data-e-type=\"widget\" data-widget_type=\"spacer.default\">\n\t\t\t\t<div class=\"elementor-widget-container\">\n\t\t\t\t\t\t\t<div class=\"elementor-spacer\">\n\t\t\t<div class=\"elementor-spacer-inner\"><\/div>\n\t\t<\/div>\n\t\t\t\t\t\t<\/div>\n\t\t\t\t<\/div>\n\t\t\t\t\t<\/div>\n\t\t\t\t<\/div>\n\t\t\t\t\t<\/div>\n\t\t\t\t<\/div>\n\t\t\t\t<\/div>\n\t\t","protected":false},"excerpt":{"rendered":"<p>INSCREVA-SE MODALIDADE: EAD S\u00edncrono CARGA HOR\u00c1RIA: 3 h\/a P\u00daBLICO-ALVO: Lideran\u00e7as ind\u00edgenas e membros das Associa\u00e7\u00f5es Ind\u00edgenas parceiras e participantes do Circum-Roraima. PER\u00cdODO DE INSCRI\u00c7\u00c3O: 2 a 4\/9\/2026 PER\u00cdODO DE REALIZA\u00c7\u00c3O: 9\/9\/2026 das 9h \u00e0s 12h LOCAL: Google Meet Compartilhar:<\/p>\n","protected":false},"author":9,"featured_media":32272,"comment_status":"closed","ping_status":"closed","sticky":false,"template":"","format":"standard","meta":{"footnotes":""},"categories":[18],"tags":[],"class_list":["post-32270","post","type-post","status-publish","format-standard","has-post-thumbnail","hentry","category-inscricoes-abertas"],"yoast_head":"<!-- This site is optimized with the Yoast SEO plugin v28.3 - https:\/\/yoast.com\/product\/yoast-seo-wordpress\/ -->\n<title>\ud83d\udcdd Inscri\u00e7\u00f5es Abertas - A Aldeia e o Judici\u00e1rio: Parceria para a Prote\u00e7\u00e3o e Garantia de Direitos de Crian\u00e7as e Adolescentes Ind\u00edgenas<\/title>\n<meta name=\"description\" content=\"INSCREVA-SE\" \/>\n<meta name=\"robots\" content=\"index, follow, max-snippet:-1, max-image-preview:large, max-video-preview:-1\" \/>\n<link rel=\"canonical\" href=\"https:\/\/ejurr.tjrr.jus.br\/?p=32270\" \/>\n<meta property=\"og:locale\" content=\"pt_BR\" \/>\n<meta property=\"og:type\" content=\"article\" \/>\n<meta property=\"og:title\" content=\"\ud83d\udcdd Inscri\u00e7\u00f5es Abertas - A Aldeia e o Judici\u00e1rio: Parceria para a Prote\u00e7\u00e3o e Garantia de Direitos de Crian\u00e7as e Adolescentes Ind\u00edgenas\" \/>\n<meta property=\"og:description\" content=\"INSCREVA-SE\" \/>\n<meta property=\"og:url\" content=\"https:\/\/ejurr.tjrr.jus.br\/?p=32270\" \/>\n<meta property=\"og:site_name\" content=\"EJURR\" \/>\n<meta property=\"article:publisher\" content=\"https:\/\/www.facebook.com\/ejurr.tj\" \/>\n<meta property=\"article:published_time\" content=\"2026-09-02T13:41:37+00:00\" \/>\n<meta property=\"article:modified_time\" content=\"2026-09-02T13:41:39+00:00\" \/>\n<meta property=\"og:image\" content=\"https:\/\/ejurr.tjrr.jus.br\/wp-content\/uploads\/2026\/09\/WhatsApp-Image-2026-09-02-at-09.14.02.jpeg\" \/>\n\t<meta property=\"og:image:width\" content=\"1080\" \/>\n\t<meta property=\"og:image:height\" content=\"1350\" \/>\n\t<meta property=\"og:image:type\" content=\"image\/jpeg\" \/>\n<meta name=\"author\" content=\"RANIERE MIGUEL DA ROCHA\" \/>\n<meta name=\"twitter:card\" content=\"summary_large_image\" \/>\n<meta name=\"twitter:label1\" content=\"Escrito por\" \/>\n\t<meta name=\"twitter:data1\" content=\"RANIERE MIGUEL DA ROCHA\" \/>\n\t<meta name=\"twitter:label2\" content=\"Est. tempo de leitura\" \/>\n\t<meta name=\"twitter:data2\" content=\"1 minuto\" \/>\n<script type=\"application\/ld+json\" class=\"yoast-schema-graph\">{\"@context\":\"https:\\\/\\\/schema.org\",\"@graph\":[{\"@type\":\"Article\",\"@id\":\"https:\\\/\\\/ejurr.tjrr.jus.br\\\/?p=32270#article\",\"isPartOf\":{\"@id\":\"https:\\\/\\\/ejurr.tjrr.jus.br\\\/?p=32270\"},\"author\":{\"name\":\"RANIERE MIGUEL DA ROCHA\",\"@id\":\"https:\\\/\\\/ejurr.tjrr.jus.br\\\/#\\\/schema\\\/person\\\/fb28cbaf8bba6e874947ac6628c9554e\"},\"headline\":\"A Aldeia e o Judici\u00e1rio: Parceria para a Prote\u00e7\u00e3o e Garantia de Direitos de Crian\u00e7as e Adolescentes Ind\u00edgenas\",\"datePublished\":\"2026-09-02T13:41:37+00:00\",\"dateModified\":\"2026-09-02T13:41:39+00:00\",\"mainEntityOfPage\":{\"@id\":\"https:\\\/\\\/ejurr.tjrr.jus.br\\\/?p=32270\"},\"wordCount\":69,\"publisher\":{\"@id\":\"https:\\\/\\\/ejurr.tjrr.jus.br\\\/#organization\"},\"image\":{\"@id\":\"https:\\\/\\\/ejurr.tjrr.jus.br\\\/?p=32270#primaryimage\"},\"thumbnailUrl\":\"https:\\\/\\\/ejurr.tjrr.jus.br\\\/wp-content\\\/uploads\\\/2026\\\/09\\\/WhatsApp-Image-2026-09-02-at-09.14.02.jpeg\",\"articleSection\":[\"Inscri\u00e7\u00f5es Abertas\"],\"inLanguage\":\"pt-BR\"},{\"@type\":\"WebPage\",\"@id\":\"https:\\\/\\\/ejurr.tjrr.jus.br\\\/?p=32270\",\"url\":\"https:\\\/\\\/ejurr.tjrr.jus.br\\\/?p=32270\",\"name\":\"\ud83d\udcdd Inscri\u00e7\u00f5es Abertas - A Aldeia e o Judici\u00e1rio: Parceria para a Prote\u00e7\u00e3o e Garantia de Direitos de Crian\u00e7as e Adolescentes Ind\u00edgenas\",\"isPartOf\":{\"@id\":\"https:\\\/\\\/ejurr.tjrr.jus.br\\\/#website\"},\"primaryImageOfPage\":{\"@id\":\"https:\\\/\\\/ejurr.tjrr.jus.br\\\/?p=32270#primaryimage\"},\"image\":{\"@id\":\"https:\\\/\\\/ejurr.tjrr.jus.br\\\/?p=32270#primaryimage\"},\"thumbnailUrl\":\"https:\\\/\\\/ejurr.tjrr.jus.br\\\/wp-content\\\/uploads\\\/2026\\\/09\\\/WhatsApp-Image-2026-09-02-at-09.14.02.jpeg\",\"datePublished\":\"2026-09-02T13:41:37+00:00\",\"dateModified\":\"2026-09-02T13:41:39+00:00\",\"description\":\"INSCREVA-SE\",\"breadcrumb\":{\"@id\":\"https:\\\/\\\/ejurr.tjrr.jus.br\\\/?p=32270#breadcrumb\"},\"inLanguage\":\"pt-BR\",\"potentialAction\":[{\"@type\":\"ReadAction\",\"target\":[\"https:\\\/\\\/ejurr.tjrr.jus.br\\\/?p=32270\"]}]},{\"@type\":\"ImageObject\",\"inLanguage\":\"pt-BR\",\"@id\":\"https:\\\/\\\/ejurr.tjrr.jus.br\\\/?p=32270#primaryimage\",\"url\":\"https:\\\/\\\/ejurr.tjrr.jus.br\\\/wp-content\\\/uploads\\\/2026\\\/09\\\/WhatsApp-Image-2026-09-02-at-09.14.02.jpeg\",\"contentUrl\":\"https:\\\/\\\/ejurr.tjrr.jus.br\\\/wp-content\\\/uploads\\\/2026\\\/09\\\/WhatsApp-Image-2026-09-02-at-09.14.02.jpeg\",\"width\":1080,\"height\":1350,\"caption\":\"Card digital. Na metade superior, a imagem mostra em primeiro plano uma crian\u00e7a ind\u00edgena com rosto pintado de preto e vermelho, sorrindo e olhando para a c\u00e2mera. Ao lado dela, de perfil e desfocado, um adulto ind\u00edgena (provavelmente sua m\u00e3e) tamb\u00e9m com rosto pintado sorri para a crian\u00e7a. Elas est\u00e3o em um ambiente ao ar livre com luz natural. Na metade inferior, em fundo marrom escuro, o t\u00edtulo em letras garrafais brancas alongadas diz: \\\"CURSO 'A ALDEIA E O JUDICI\u00c1RIO: PARCERIA PARA A PROTE\u00c7\u00c3O E GARANTIA DE DIREITOS DE CRIAN\u00c7AS E ADOLESCENTES IND\u00cdGENAS'\\\". Abaixo, \u00edcones brancos detalham as informa\u00e7\u00f5es do curso: Instrutores (a): Sandra Rodrigues e Silva, Marcos Antonio Barbosa de Almeida e Josu\u00e9 Teles Meneses Albuquerque; N\u00famero de vagas: 80 vagas; Formato: EAD S\u00edncrono; P\u00fablico-alvo: Lideran\u00e7as ind\u00edgenas e membros das associa\u00e7\u00f5es ind\u00edgenas parceiras e participantes do CIRCUM-Roraima; Carga hor\u00e1ria: 3 horas\\\/aula; Local: Plataforma de Aprendizagem Google Meet; Inscri\u00e7\u00f5es: 02 a 04\\\/09\\\/2026; Data de realiza\u00e7\u00e3o: 09\\\/09\\\/2026 das 9h \u00e0s 12h. No rodap\u00e9, o logotipo branco da EJURR (Escola Judicial de Roraima) centralizado, com grafismos geom\u00e9tricos discretos na lateral esquerda.\"},{\"@type\":\"BreadcrumbList\",\"@id\":\"https:\\\/\\\/ejurr.tjrr.jus.br\\\/?p=32270#breadcrumb\",\"itemListElement\":[{\"@type\":\"ListItem\",\"position\":1,\"name\":\"In\u00edcio\",\"item\":\"https:\\\/\\\/ejurr.tjrr.jus.br\\\/\"},{\"@type\":\"ListItem\",\"position\":2,\"name\":\"A Aldeia e o Judici\u00e1rio: Parceria para a Prote\u00e7\u00e3o e Garantia de Direitos de Crian\u00e7as e Adolescentes Ind\u00edgenas\"}]},{\"@type\":\"WebSite\",\"@id\":\"https:\\\/\\\/ejurr.tjrr.jus.br\\\/#website\",\"url\":\"https:\\\/\\\/ejurr.tjrr.jus.br\\\/\",\"name\":\"Escola Judicial de Roraima\",\"description\":\"A Escola Judicial de Roraima \u00e9 uma institui\u00e7\u00e3o de educa\u00e7\u00e3o corporativa mantida pelo Tribunal de Justi\u00e7a do Estado de Roraima. Seu objetivo \u00e9 planejar e executar os cursos de forma\u00e7\u00e3o inicial, capacita\u00e7\u00e3o e aperfei\u00e7oamento dos magistrados, servidores, formadores e colaboradores do Poder Judici\u00e1rio.\",\"publisher\":{\"@id\":\"https:\\\/\\\/ejurr.tjrr.jus.br\\\/#organization\"},\"alternateName\":\"EJURR\",\"potentialAction\":[{\"@type\":\"SearchAction\",\"target\":{\"@type\":\"EntryPoint\",\"urlTemplate\":\"https:\\\/\\\/ejurr.tjrr.jus.br\\\/?s={search_term_string}\"},\"query-input\":{\"@type\":\"PropertyValueSpecification\",\"valueRequired\":true,\"valueName\":\"search_term_string\"}}],\"inLanguage\":\"pt-BR\"},{\"@type\":\"Organization\",\"@id\":\"https:\\\/\\\/ejurr.tjrr.jus.br\\\/#organization\",\"name\":\"Escola Judicial de Roraima\",\"alternateName\":\"EJURR\",\"url\":\"https:\\\/\\\/ejurr.tjrr.jus.br\\\/\",\"logo\":{\"@type\":\"ImageObject\",\"inLanguage\":\"pt-BR\",\"@id\":\"https:\\\/\\\/ejurr.tjrr.jus.br\\\/#\\\/schema\\\/logo\\\/image\\\/\",\"url\":\"https:\\\/\\\/ejurr.tjrr.jus.br\\\/wp-content\\\/uploads\\\/2023\\\/06\\\/MIV-EJURR-V.png\",\"contentUrl\":\"https:\\\/\\\/ejurr.tjrr.jus.br\\\/wp-content\\\/uploads\\\/2023\\\/06\\\/MIV-EJURR-V.png\",\"width\":387,\"height\":369,\"caption\":\"Escola Judicial de Roraima\"},\"image\":{\"@id\":\"https:\\\/\\\/ejurr.tjrr.jus.br\\\/#\\\/schema\\\/logo\\\/image\\\/\"},\"sameAs\":[\"https:\\\/\\\/www.facebook.com\\\/ejurr.tj\",\"https:\\\/\\\/www.instagram.com\\\/ejurr.tj\\\/\",\"https:\\\/\\\/www.youtube.com\\\/@ejurr\",\"https:\\\/\\\/wa.me\\\/559531984156\",\"https:\\\/\\\/www.flickr.com\\\/photos\\\/ejurr_oficial\"]},{\"@type\":\"Person\",\"@id\":\"https:\\\/\\\/ejurr.tjrr.jus.br\\\/#\\\/schema\\\/person\\\/fb28cbaf8bba6e874947ac6628c9554e\",\"name\":\"RANIERE MIGUEL DA ROCHA\",\"image\":{\"@type\":\"ImageObject\",\"inLanguage\":\"pt-BR\",\"@id\":\"https:\\\/\\\/secure.gravatar.com\\\/avatar\\\/edc4809353490b2651b0f6f628cb044888535b208ad1f1721b496e4a90f333a4?s=96&d=mm&r=g\",\"url\":\"https:\\\/\\\/secure.gravatar.com\\\/avatar\\\/edc4809353490b2651b0f6f628cb044888535b208ad1f1721b496e4a90f333a4?s=96&d=mm&r=g\",\"contentUrl\":\"https:\\\/\\\/secure.gravatar.com\\\/avatar\\\/edc4809353490b2651b0f6f628cb044888535b208ad1f1721b496e4a90f333a4?s=96&d=mm&r=g\",\"caption\":\"RANIERE MIGUEL DA ROCHA\"},\"url\":\"https:\\\/\\\/ejurr.tjrr.jus.br\\\/?author=9\"}]}<\/script>\n<!-- \/ Yoast SEO plugin. -->","yoast_head_json":{"title":"\ud83d\udcdd Inscri\u00e7\u00f5es Abertas - A Aldeia e o Judici\u00e1rio: Parceria para a Prote\u00e7\u00e3o e Garantia de Direitos de Crian\u00e7as e Adolescentes Ind\u00edgenas","description":"INSCREVA-SE","robots":{"index":"index","follow":"follow","max-snippet":"max-snippet:-1","max-image-preview":"max-image-preview:large","max-video-preview":"max-video-preview:-1"},"canonical":"https:\/\/ejurr.tjrr.jus.br\/?p=32270","og_locale":"pt_BR","og_type":"article","og_title":"\ud83d\udcdd Inscri\u00e7\u00f5es Abertas - A Aldeia e o Judici\u00e1rio: Parceria para a Prote\u00e7\u00e3o e Garantia de Direitos de Crian\u00e7as e Adolescentes Ind\u00edgenas","og_description":"INSCREVA-SE","og_url":"https:\/\/ejurr.tjrr.jus.br\/?p=32270","og_site_name":"EJURR","article_publisher":"https:\/\/www.facebook.com\/ejurr.tj","article_published_time":"2026-09-02T13:41:37+00:00","article_modified_time":"2026-09-02T13:41:39+00:00","og_image":[{"width":1080,"height":1350,"url":"https:\/\/ejurr.tjrr.jus.br\/wp-content\/uploads\/2026\/09\/WhatsApp-Image-2026-09-02-at-09.14.02.jpeg","type":"image\/jpeg"}],"author":"RANIERE MIGUEL DA ROCHA","twitter_card":"summary_large_image","twitter_misc":{"Escrito por":"RANIERE MIGUEL DA ROCHA","Est. tempo de leitura":"1 minuto"},"schema":{"@context":"https:\/\/schema.org","@graph":[{"@type":"Article","@id":"https:\/\/ejurr.tjrr.jus.br\/?p=32270#article","isPartOf":{"@id":"https:\/\/ejurr.tjrr.jus.br\/?p=32270"},"author":{"name":"RANIERE MIGUEL DA ROCHA","@id":"https:\/\/ejurr.tjrr.jus.br\/#\/schema\/person\/fb28cbaf8bba6e874947ac6628c9554e"},"headline":"A Aldeia e o Judici\u00e1rio: Parceria para a Prote\u00e7\u00e3o e Garantia de Direitos de Crian\u00e7as e Adolescentes Ind\u00edgenas","datePublished":"2026-09-02T13:41:37+00:00","dateModified":"2026-09-02T13:41:39+00:00","mainEntityOfPage":{"@id":"https:\/\/ejurr.tjrr.jus.br\/?p=32270"},"wordCount":69,"publisher":{"@id":"https:\/\/ejurr.tjrr.jus.br\/#organization"},"image":{"@id":"https:\/\/ejurr.tjrr.jus.br\/?p=32270#primaryimage"},"thumbnailUrl":"https:\/\/ejurr.tjrr.jus.br\/wp-content\/uploads\/2026\/09\/WhatsApp-Image-2026-09-02-at-09.14.02.jpeg","articleSection":["Inscri\u00e7\u00f5es Abertas"],"inLanguage":"pt-BR"},{"@type":"WebPage","@id":"https:\/\/ejurr.tjrr.jus.br\/?p=32270","url":"https:\/\/ejurr.tjrr.jus.br\/?p=32270","name":"\ud83d\udcdd Inscri\u00e7\u00f5es Abertas - A Aldeia e o Judici\u00e1rio: Parceria para a Prote\u00e7\u00e3o e Garantia de Direitos de Crian\u00e7as e Adolescentes Ind\u00edgenas","isPartOf":{"@id":"https:\/\/ejurr.tjrr.jus.br\/#website"},"primaryImageOfPage":{"@id":"https:\/\/ejurr.tjrr.jus.br\/?p=32270#primaryimage"},"image":{"@id":"https:\/\/ejurr.tjrr.jus.br\/?p=32270#primaryimage"},"thumbnailUrl":"https:\/\/ejurr.tjrr.jus.br\/wp-content\/uploads\/2026\/09\/WhatsApp-Image-2026-09-02-at-09.14.02.jpeg","datePublished":"2026-09-02T13:41:37+00:00","dateModified":"2026-09-02T13:41:39+00:00","description":"INSCREVA-SE","breadcrumb":{"@id":"https:\/\/ejurr.tjrr.jus.br\/?p=32270#breadcrumb"},"inLanguage":"pt-BR","potentialAction":[{"@type":"ReadAction","target":["https:\/\/ejurr.tjrr.jus.br\/?p=32270"]}]},{"@type":"ImageObject","inLanguage":"pt-BR","@id":"https:\/\/ejurr.tjrr.jus.br\/?p=32270#primaryimage","url":"https:\/\/ejurr.tjrr.jus.br\/wp-content\/uploads\/2026\/09\/WhatsApp-Image-2026-09-02-at-09.14.02.jpeg","contentUrl":"https:\/\/ejurr.tjrr.jus.br\/wp-content\/uploads\/2026\/09\/WhatsApp-Image-2026-09-02-at-09.14.02.jpeg","width":1080,"height":1350,"caption":"Card digital. Na metade superior, a imagem mostra em primeiro plano uma crian\u00e7a ind\u00edgena com rosto pintado de preto e vermelho, sorrindo e olhando para a c\u00e2mera. Ao lado dela, de perfil e desfocado, um adulto ind\u00edgena (provavelmente sua m\u00e3e) tamb\u00e9m com rosto pintado sorri para a crian\u00e7a. Elas est\u00e3o em um ambiente ao ar livre com luz natural. Na metade inferior, em fundo marrom escuro, o t\u00edtulo em letras garrafais brancas alongadas diz: \"CURSO 'A ALDEIA E O JUDICI\u00c1RIO: PARCERIA PARA A PROTE\u00c7\u00c3O E GARANTIA DE DIREITOS DE CRIAN\u00c7AS E ADOLESCENTES IND\u00cdGENAS'\". Abaixo, \u00edcones brancos detalham as informa\u00e7\u00f5es do curso: Instrutores (a): Sandra Rodrigues e Silva, Marcos Antonio Barbosa de Almeida e Josu\u00e9 Teles Meneses Albuquerque; N\u00famero de vagas: 80 vagas; Formato: EAD S\u00edncrono; P\u00fablico-alvo: Lideran\u00e7as ind\u00edgenas e membros das associa\u00e7\u00f5es ind\u00edgenas parceiras e participantes do CIRCUM-Roraima; Carga hor\u00e1ria: 3 horas\/aula; Local: Plataforma de Aprendizagem Google Meet; Inscri\u00e7\u00f5es: 02 a 04\/09\/2026; Data de realiza\u00e7\u00e3o: 09\/09\/2026 das 9h \u00e0s 12h. No rodap\u00e9, o logotipo branco da EJURR (Escola Judicial de Roraima) centralizado, com grafismos geom\u00e9tricos discretos na lateral esquerda."},{"@type":"BreadcrumbList","@id":"https:\/\/ejurr.tjrr.jus.br\/?p=32270#breadcrumb","itemListElement":[{"@type":"ListItem","position":1,"name":"In\u00edcio","item":"https:\/\/ejurr.tjrr.jus.br\/"},{"@type":"ListItem","position":2,"name":"A Aldeia e o Judici\u00e1rio: Parceria para a Prote\u00e7\u00e3o e Garantia de Direitos de Crian\u00e7as e Adolescentes Ind\u00edgenas"}]},{"@type":"WebSite","@id":"https:\/\/ejurr.tjrr.jus.br\/#website","url":"https:\/\/ejurr.tjrr.jus.br\/","name":"Escola Judicial de Roraima","description":"A Escola Judicial de Roraima \u00e9 uma institui\u00e7\u00e3o de educa\u00e7\u00e3o corporativa mantida pelo Tribunal de Justi\u00e7a do Estado de Roraima. Seu objetivo \u00e9 planejar e executar os cursos de forma\u00e7\u00e3o inicial, capacita\u00e7\u00e3o e aperfei\u00e7oamento dos magistrados, servidores, formadores e colaboradores do Poder Judici\u00e1rio.","publisher":{"@id":"https:\/\/ejurr.tjrr.jus.br\/#organization"},"alternateName":"EJURR","potentialAction":[{"@type":"SearchAction","target":{"@type":"EntryPoint","urlTemplate":"https:\/\/ejurr.tjrr.jus.br\/?s={search_term_string}"},"query-input":{"@type":"PropertyValueSpecification","valueRequired":true,"valueName":"search_term_string"}}],"inLanguage":"pt-BR"},{"@type":"Organization","@id":"https:\/\/ejurr.tjrr.jus.br\/#organization","name":"Escola Judicial de Roraima","alternateName":"EJURR","url":"https:\/\/ejurr.tjrr.jus.br\/","logo":{"@type":"ImageObject","inLanguage":"pt-BR","@id":"https:\/\/ejurr.tjrr.jus.br\/#\/schema\/logo\/image\/","url":"https:\/\/ejurr.tjrr.jus.br\/wp-content\/uploads\/2023\/06\/MIV-EJURR-V.png","contentUrl":"https:\/\/ejurr.tjrr.jus.br\/wp-content\/uploads\/2023\/06\/MIV-EJURR-V.png","width":387,"height":369,"caption":"Escola Judicial de Roraima"},"image":{"@id":"https:\/\/ejurr.tjrr.jus.br\/#\/schema\/logo\/image\/"},"sameAs":["https:\/\/www.facebook.com\/ejurr.tj","https:\/\/www.instagram.com\/ejurr.tj\/","https:\/\/www.youtube.com\/@ejurr","https:\/\/wa.me\/559531984156","https:\/\/www.flickr.com\/photos\/ejurr_oficial"]},{"@type":"Person","@id":"https:\/\/ejurr.tjrr.jus.br\/#\/schema\/person\/fb28cbaf8bba6e874947ac6628c9554e","name":"RANIERE MIGUEL DA ROCHA","image":{"@type":"ImageObject","inLanguage":"pt-BR","@id":"https:\/\/secure.gravatar.com\/avatar\/edc4809353490b2651b0f6f628cb044888535b208ad1f1721b496e4a90f333a4?s=96&d=mm&r=g","url":"https:\/\/secure.gravatar.com\/avatar\/edc4809353490b2651b0f6f628cb044888535b208ad1f1721b496e4a90f333a4?s=96&d=mm&r=g","contentUrl":"https:\/\/secure.gravatar.com\/avatar\/edc4809353490b2651b0f6f628cb044888535b208ad1f1721b496e4a90f333a4?s=96&d=mm&r=g","caption":"RANIERE MIGUEL DA ROCHA"},"url":"https:\/\/ejurr.tjrr.jus.br\/?author=9"}]}},"_links":{"self":[{"href":"https:\/\/ejurr.tjrr.jus.br\/index.php?rest_route=\/wp\/v2\/posts\/32270","targetHints":{"allow":["GET"]}}],"collection":[{"href":"https:\/\/ejurr.tjrr.jus.br\/index.php?rest_route=\/wp\/v2\/posts"}],"about":[{"href":"https:\/\/ejurr.tjrr.jus.br\/index.php?rest_route=\/wp\/v2\/types\/post"}],"author":[{"embeddable":true,"href":"https:\/\/ejurr.tjrr.jus.br\/index.php?rest_route=\/wp\/v2\/users\/9"}],"replies":[{"embeddable":true,"href":"https:\/\/ejurr.tjrr.jus.br\/index.php?rest_route=%2Fwp%2Fv2%2Fcomments&post=32270"}],"version-history":[{"count":4,"href":"https:\/\/ejurr.tjrr.jus.br\/index.php?rest_route=\/wp\/v2\/posts\/32270\/revisions"}],"predecessor-version":[{"id":32275,"href":"https:\/\/ejurr.tjrr.jus.br\/index.php?rest_route=\/wp\/v2\/posts\/32270\/revisions\/32275"}],"wp:featuredmedia":[{"embeddable":true,"href":"https:\/\/ejurr.tjrr.jus.br\/index.php?rest_route=\/wp\/v2\/media\/32272"}],"wp:attachment":[{"href":"https:\/\/ejurr.tjrr.jus.br\/index.php?rest_route=%2Fwp%2Fv2%2Fmedia&parent=32270"}],"wp:term":[{"taxonomy":"category","embeddable":true,"href":"https:\/\/ejurr.tjrr.jus.br\/index.php?rest_route=%2Fwp%2Fv2%2Fcategories&post=32270"},{"taxonomy":"post_tag","embeddable":true,"href":"https:\/\/ejurr.tjrr.jus.br\/index.php?rest_route=%2Fwp%2Fv2%2Ftags&post=32270"}],"curies":[{"name":"wp","href":"https:\/\/api.w.org\/{rel}","templated":true}]}}