{"id":32258,"date":"2026-08-31T13:31:19","date_gmt":"2026-08-31T17:31:19","guid":{"rendered":"https:\/\/ejurr.tjrr.jus.br\/?p=32258"},"modified":"2026-08-31T13:32:22","modified_gmt":"2026-08-31T17:32:22","slug":"ejurr-promove-curso-de-inteligencia-artificial-generativa-na-atividade-jurisdicional-voltado-para-magistratura","status":"publish","type":"post","link":"https:\/\/ejurr.tjrr.jus.br\/?p=32258","title":{"rendered":"Ejurr promove curso de Intelig\u00eancia Artificial Generativa voltado para magistratura"},"content":{"rendered":"\n<p class=\"wp-block-paragraph\">Para promover o uso \u00e9tico e seguro da IA, a Escola Judicial de Roraima (EJURR) realizar\u00e1 o curso &#8220;Intelig\u00eancia Artificial Generativa na Atividade Jurisdicional&#8221; entre os dias 8 e 11 de setembro com foco no trabalho de magistradas e magistrados do Poder Judici\u00e1rio As aulas ser\u00e3o ministradas pelo juiz federal, Rafael Leite Paulo no formato presencial.<\/p>\n\n\n\n<p class=\"wp-block-paragraph\">O objetivo \u00e9 promover a&nbsp; compreens\u00e3o sobre os fundamentos e as melhores pr\u00e1ticas do uso de Intelig\u00eancia Artificial no contexto da atividade jurisdicional, desenvolvendo as compet\u00eancias necess\u00e1rias para uma ado\u00e7\u00e3o segura e eficaz das ferramentas de IA.<\/p>\n\n\n\n<p class=\"wp-block-paragraph\">As aulas ser\u00e3o realizadas&nbsp; no laborat\u00f3rio de inform\u00e1tica da Ejurr, entre 14 e 18h. Ao todo, est\u00e3o sendo oferecidas 20 vagas para desembargadoras, desembargadores, ju\u00edzas e ju\u00edzes do TJRR.<\/p>\n\n\n\n<p class=\"wp-block-paragraph\">As pessoas interessadas devem se inscrever entre os dias 31 de agosto e 3 de setembro. Outras informa\u00e7\u00f5es est\u00e3o dispon\u00edveis no <a href=\"https:\/\/diario.tjrr.jus.br\/dpj\/dpj-20260831.pdf\">edital.<\/a><\/p>\n\n\n\n<h2 class=\"wp-block-heading has-medium-font-size\">Sobre o Instrutor<\/h2>\n\n\n\n<p class=\"wp-block-paragraph\">Dr. Rafael Leite Paulo&nbsp; \u00e9 juiz federal do TRF1, possui o t\u00edtulo de LL.M. (Master of Laws) pela Harvard Law School. \u00c9 destaque na \u00e1rea de tecnologia e direito, foi premiado na categoria Juiz Individual no V Pr\u00eamio Conciliar \u00e9 Legal do CNJ e no concurso Robotiza\u00e7\u00e3o e o Poder Judici\u00e1rio, promovido pela AJUFE e IBRAJUS.<\/p>\n\n\n\n<p class=\"wp-block-paragraph\">Idealizador e coordenador dos cursos de intelig\u00eancia artificial do CEAJUD-CNJ. Tamb\u00e9m possui vasta experi\u00eancia em projetos estrat\u00e9gicos nacionais, tendo participado da concep\u00e7\u00e3o e implanta\u00e7\u00e3o da Plataforma Digital do Poder Judici\u00e1rio (PDPJ), gest\u00e3o t\u00e9cnica das plataformas CODEX e SINAPSES, e estrutura\u00e7\u00e3o de projetos de IA no conv\u00eanio PNUD-CNJ.<\/p>\n\n\n\n<p class=\"has-small-font-size wp-block-paragraph\">Texto: Ejurr\/ Imagem Divulga\u00e7\u00e3o<\/p>\n\n\n\n<p class=\"wp-block-paragraph\"><\/p>\n","protected":false},"excerpt":{"rendered":"<p>Para promover o uso \u00e9tico e seguro da IA, a Escola Judicial de Roraima (EJURR) realizar\u00e1 o curso &#8220;Intelig\u00eancia Artificial Generativa na Atividade Jurisdicional&#8221; entre os dias 8 e 11 de setembro com foco no trabalho de magistradas e magistrados do Poder Judici\u00e1rio As aulas ser\u00e3o ministradas pelo juiz federal, Rafael Leite Paulo no formato [&hellip;]<\/p>\n","protected":false},"author":3,"featured_media":32259,"comment_status":"open","ping_status":"open","sticky":false,"template":"","format":"standard","meta":{"footnotes":""},"categories":[9],"tags":[],"class_list":["post-32258","post","type-post","status-publish","format-standard","has-post-thumbnail","hentry","category-noticias"],"yoast_head":"<!-- This site is optimized with the Yoast SEO plugin v28.3 - https:\/\/yoast.com\/product\/yoast-seo-wordpress\/ -->\n<title>Ejurr promove curso de Intelig\u00eancia Artificial Generativa voltado para magistratura - EJURR<\/title>\n<meta name=\"robots\" content=\"index, follow, max-snippet:-1, max-image-preview:large, max-video-preview:-1\" \/>\n<link rel=\"canonical\" href=\"https:\/\/ejurr.tjrr.jus.br\/?p=32258\" \/>\n<meta property=\"og:locale\" content=\"pt_BR\" \/>\n<meta property=\"og:type\" content=\"article\" \/>\n<meta property=\"og:title\" content=\"Ejurr promove curso de Intelig\u00eancia Artificial Generativa voltado para magistratura - EJURR\" \/>\n<meta property=\"og:description\" content=\"Para promover o uso \u00e9tico e seguro da IA, a Escola Judicial de Roraima (EJURR) realizar\u00e1 o curso &#8220;Intelig\u00eancia Artificial Generativa na Atividade Jurisdicional&#8221; entre os dias 8 e 11 de setembro com foco no trabalho de magistradas e magistrados do Poder Judici\u00e1rio As aulas ser\u00e3o ministradas pelo juiz federal, Rafael Leite Paulo no formato [&hellip;]\" \/>\n<meta property=\"og:url\" content=\"https:\/\/ejurr.tjrr.jus.br\/?p=32258\" \/>\n<meta property=\"og:site_name\" content=\"EJURR\" \/>\n<meta property=\"article:publisher\" content=\"https:\/\/www.facebook.com\/ejurr.tj\" \/>\n<meta property=\"article:published_time\" content=\"2026-08-31T17:31:19+00:00\" \/>\n<meta property=\"article:modified_time\" content=\"2026-08-31T17:32:22+00:00\" \/>\n<meta property=\"og:image\" content=\"https:\/\/ejurr.tjrr.jus.br\/wp-content\/uploads\/2026\/08\/ia-juizes.jpeg\" \/>\n\t<meta property=\"og:image:width\" content=\"1080\" \/>\n\t<meta property=\"og:image:height\" content=\"748\" \/>\n\t<meta property=\"og:image:type\" content=\"image\/jpeg\" \/>\n<meta name=\"author\" content=\"\u00c9rica Figueredo\" \/>\n<meta name=\"twitter:card\" content=\"summary_large_image\" \/>\n<meta name=\"twitter:label1\" content=\"Escrito por\" \/>\n\t<meta name=\"twitter:data1\" content=\"\u00c9rica Figueredo\" \/>\n\t<meta name=\"twitter:label2\" content=\"Est. tempo de leitura\" \/>\n\t<meta name=\"twitter:data2\" content=\"2 minutos\" \/>\n<script type=\"application\/ld+json\" class=\"yoast-schema-graph\">{\"@context\":\"https:\\\/\\\/schema.org\",\"@graph\":[{\"@type\":\"Article\",\"@id\":\"https:\\\/\\\/ejurr.tjrr.jus.br\\\/?p=32258#article\",\"isPartOf\":{\"@id\":\"https:\\\/\\\/ejurr.tjrr.jus.br\\\/?p=32258\"},\"author\":{\"name\":\"\u00c9rica Figueredo\",\"@id\":\"https:\\\/\\\/ejurr.tjrr.jus.br\\\/#\\\/schema\\\/person\\\/5dce040510816d75c020721e1d0ee85e\"},\"headline\":\"Ejurr promove curso de Intelig\u00eancia Artificial Generativa voltado para magistratura\",\"datePublished\":\"2026-08-31T17:31:19+00:00\",\"dateModified\":\"2026-08-31T17:32:22+00:00\",\"mainEntityOfPage\":{\"@id\":\"https:\\\/\\\/ejurr.tjrr.jus.br\\\/?p=32258\"},\"wordCount\":293,\"commentCount\":0,\"publisher\":{\"@id\":\"https:\\\/\\\/ejurr.tjrr.jus.br\\\/#organization\"},\"image\":{\"@id\":\"https:\\\/\\\/ejurr.tjrr.jus.br\\\/?p=32258#primaryimage\"},\"thumbnailUrl\":\"https:\\\/\\\/ejurr.tjrr.jus.br\\\/wp-content\\\/uploads\\\/2026\\\/08\\\/ia-juizes.jpeg\",\"articleSection\":[\"Not\u00edcias\"],\"inLanguage\":\"pt-BR\",\"potentialAction\":[{\"@type\":\"CommentAction\",\"name\":\"Comment\",\"target\":[\"https:\\\/\\\/ejurr.tjrr.jus.br\\\/?p=32258#respond\"]}]},{\"@type\":\"WebPage\",\"@id\":\"https:\\\/\\\/ejurr.tjrr.jus.br\\\/?p=32258\",\"url\":\"https:\\\/\\\/ejurr.tjrr.jus.br\\\/?p=32258\",\"name\":\"Ejurr promove curso de Intelig\u00eancia Artificial Generativa voltado para magistratura - EJURR\",\"isPartOf\":{\"@id\":\"https:\\\/\\\/ejurr.tjrr.jus.br\\\/#website\"},\"primaryImageOfPage\":{\"@id\":\"https:\\\/\\\/ejurr.tjrr.jus.br\\\/?p=32258#primaryimage\"},\"image\":{\"@id\":\"https:\\\/\\\/ejurr.tjrr.jus.br\\\/?p=32258#primaryimage\"},\"thumbnailUrl\":\"https:\\\/\\\/ejurr.tjrr.jus.br\\\/wp-content\\\/uploads\\\/2026\\\/08\\\/ia-juizes.jpeg\",\"datePublished\":\"2026-08-31T17:31:19+00:00\",\"dateModified\":\"2026-08-31T17:32:22+00:00\",\"breadcrumb\":{\"@id\":\"https:\\\/\\\/ejurr.tjrr.jus.br\\\/?p=32258#breadcrumb\"},\"inLanguage\":\"pt-BR\",\"potentialAction\":[{\"@type\":\"ReadAction\",\"target\":[\"https:\\\/\\\/ejurr.tjrr.jus.br\\\/?p=32258\"]}]},{\"@type\":\"ImageObject\",\"inLanguage\":\"pt-BR\",\"@id\":\"https:\\\/\\\/ejurr.tjrr.jus.br\\\/?p=32258#primaryimage\",\"url\":\"https:\\\/\\\/ejurr.tjrr.jus.br\\\/wp-content\\\/uploads\\\/2026\\\/08\\\/ia-juizes.jpeg\",\"contentUrl\":\"https:\\\/\\\/ejurr.tjrr.jus.br\\\/wp-content\\\/uploads\\\/2026\\\/08\\\/ia-juizes.jpeg\",\"width\":1080,\"height\":748,\"caption\":\"Em destaque do lado superior esquerdo, est\u00e3o \u00cdcones flutuantes e frases que remetem \u00e0 tecnologia e \u00e0 intelig\u00eancia artificial. Por tr\u00e1s, aparecem levemente desfocadas m\u00e3os que digitam em um notebook.\"},{\"@type\":\"BreadcrumbList\",\"@id\":\"https:\\\/\\\/ejurr.tjrr.jus.br\\\/?p=32258#breadcrumb\",\"itemListElement\":[{\"@type\":\"ListItem\",\"position\":1,\"name\":\"In\u00edcio\",\"item\":\"https:\\\/\\\/ejurr.tjrr.jus.br\\\/\"},{\"@type\":\"ListItem\",\"position\":2,\"name\":\"Ejurr promove curso de Intelig\u00eancia Artificial Generativa voltado para magistratura\"}]},{\"@type\":\"WebSite\",\"@id\":\"https:\\\/\\\/ejurr.tjrr.jus.br\\\/#website\",\"url\":\"https:\\\/\\\/ejurr.tjrr.jus.br\\\/\",\"name\":\"Escola Judicial de Roraima\",\"description\":\"A Escola Judicial de Roraima \u00e9 uma institui\u00e7\u00e3o de educa\u00e7\u00e3o corporativa mantida pelo Tribunal de Justi\u00e7a do Estado de Roraima. Seu objetivo \u00e9 planejar e executar os cursos de forma\u00e7\u00e3o inicial, capacita\u00e7\u00e3o e aperfei\u00e7oamento dos magistrados, servidores, formadores e colaboradores do Poder Judici\u00e1rio.\",\"publisher\":{\"@id\":\"https:\\\/\\\/ejurr.tjrr.jus.br\\\/#organization\"},\"alternateName\":\"EJURR\",\"potentialAction\":[{\"@type\":\"SearchAction\",\"target\":{\"@type\":\"EntryPoint\",\"urlTemplate\":\"https:\\\/\\\/ejurr.tjrr.jus.br\\\/?s={search_term_string}\"},\"query-input\":{\"@type\":\"PropertyValueSpecification\",\"valueRequired\":true,\"valueName\":\"search_term_string\"}}],\"inLanguage\":\"pt-BR\"},{\"@type\":\"Organization\",\"@id\":\"https:\\\/\\\/ejurr.tjrr.jus.br\\\/#organization\",\"name\":\"Escola Judicial de Roraima\",\"alternateName\":\"EJURR\",\"url\":\"https:\\\/\\\/ejurr.tjrr.jus.br\\\/\",\"logo\":{\"@type\":\"ImageObject\",\"inLanguage\":\"pt-BR\",\"@id\":\"https:\\\/\\\/ejurr.tjrr.jus.br\\\/#\\\/schema\\\/logo\\\/image\\\/\",\"url\":\"https:\\\/\\\/ejurr.tjrr.jus.br\\\/wp-content\\\/uploads\\\/2023\\\/06\\\/MIV-EJURR-V.png\",\"contentUrl\":\"https:\\\/\\\/ejurr.tjrr.jus.br\\\/wp-content\\\/uploads\\\/2023\\\/06\\\/MIV-EJURR-V.png\",\"width\":387,\"height\":369,\"caption\":\"Escola Judicial de Roraima\"},\"image\":{\"@id\":\"https:\\\/\\\/ejurr.tjrr.jus.br\\\/#\\\/schema\\\/logo\\\/image\\\/\"},\"sameAs\":[\"https:\\\/\\\/www.facebook.com\\\/ejurr.tj\",\"https:\\\/\\\/www.instagram.com\\\/ejurr.tj\\\/\",\"https:\\\/\\\/www.youtube.com\\\/@ejurr\",\"https:\\\/\\\/wa.me\\\/559531984156\",\"https:\\\/\\\/www.flickr.com\\\/photos\\\/ejurr_oficial\"]},{\"@type\":\"Person\",\"@id\":\"https:\\\/\\\/ejurr.tjrr.jus.br\\\/#\\\/schema\\\/person\\\/5dce040510816d75c020721e1d0ee85e\",\"name\":\"\u00c9rica Figueredo\",\"image\":{\"@type\":\"ImageObject\",\"inLanguage\":\"pt-BR\",\"@id\":\"https:\\\/\\\/secure.gravatar.com\\\/avatar\\\/3252ecacaba89d68f1c9eef1c2ca300b0f2b81c8d93c481c2e6aa490067cffe7?s=96&d=mm&r=g\",\"url\":\"https:\\\/\\\/secure.gravatar.com\\\/avatar\\\/3252ecacaba89d68f1c9eef1c2ca300b0f2b81c8d93c481c2e6aa490067cffe7?s=96&d=mm&r=g\",\"contentUrl\":\"https:\\\/\\\/secure.gravatar.com\\\/avatar\\\/3252ecacaba89d68f1c9eef1c2ca300b0f2b81c8d93c481c2e6aa490067cffe7?s=96&d=mm&r=g\",\"caption\":\"\u00c9rica Figueredo\"},\"sameAs\":[\"http:\\\/\\\/ejurr.tjrr.jus.br\"],\"url\":\"https:\\\/\\\/ejurr.tjrr.jus.br\\\/?author=3\"}]}<\/script>\n<!-- \/ Yoast SEO plugin. -->","yoast_head_json":{"title":"Ejurr promove curso de Intelig\u00eancia Artificial Generativa voltado para magistratura - EJURR","robots":{"index":"index","follow":"follow","max-snippet":"max-snippet:-1","max-image-preview":"max-image-preview:large","max-video-preview":"max-video-preview:-1"},"canonical":"https:\/\/ejurr.tjrr.jus.br\/?p=32258","og_locale":"pt_BR","og_type":"article","og_title":"Ejurr promove curso de Intelig\u00eancia Artificial Generativa voltado para magistratura - EJURR","og_description":"Para promover o uso \u00e9tico e seguro da IA, a Escola Judicial de Roraima (EJURR) realizar\u00e1 o curso &#8220;Intelig\u00eancia Artificial Generativa na Atividade Jurisdicional&#8221; entre os dias 8 e 11 de setembro com foco no trabalho de magistradas e magistrados do Poder Judici\u00e1rio As aulas ser\u00e3o ministradas pelo juiz federal, Rafael Leite Paulo no formato [&hellip;]","og_url":"https:\/\/ejurr.tjrr.jus.br\/?p=32258","og_site_name":"EJURR","article_publisher":"https:\/\/www.facebook.com\/ejurr.tj","article_published_time":"2026-08-31T17:31:19+00:00","article_modified_time":"2026-08-31T17:32:22+00:00","og_image":[{"width":1080,"height":748,"url":"https:\/\/ejurr.tjrr.jus.br\/wp-content\/uploads\/2026\/08\/ia-juizes.jpeg","type":"image\/jpeg"}],"author":"\u00c9rica Figueredo","twitter_card":"summary_large_image","twitter_misc":{"Escrito por":"\u00c9rica Figueredo","Est. tempo de leitura":"2 minutos"},"schema":{"@context":"https:\/\/schema.org","@graph":[{"@type":"Article","@id":"https:\/\/ejurr.tjrr.jus.br\/?p=32258#article","isPartOf":{"@id":"https:\/\/ejurr.tjrr.jus.br\/?p=32258"},"author":{"name":"\u00c9rica Figueredo","@id":"https:\/\/ejurr.tjrr.jus.br\/#\/schema\/person\/5dce040510816d75c020721e1d0ee85e"},"headline":"Ejurr promove curso de Intelig\u00eancia Artificial Generativa voltado para magistratura","datePublished":"2026-08-31T17:31:19+00:00","dateModified":"2026-08-31T17:32:22+00:00","mainEntityOfPage":{"@id":"https:\/\/ejurr.tjrr.jus.br\/?p=32258"},"wordCount":293,"commentCount":0,"publisher":{"@id":"https:\/\/ejurr.tjrr.jus.br\/#organization"},"image":{"@id":"https:\/\/ejurr.tjrr.jus.br\/?p=32258#primaryimage"},"thumbnailUrl":"https:\/\/ejurr.tjrr.jus.br\/wp-content\/uploads\/2026\/08\/ia-juizes.jpeg","articleSection":["Not\u00edcias"],"inLanguage":"pt-BR","potentialAction":[{"@type":"CommentAction","name":"Comment","target":["https:\/\/ejurr.tjrr.jus.br\/?p=32258#respond"]}]},{"@type":"WebPage","@id":"https:\/\/ejurr.tjrr.jus.br\/?p=32258","url":"https:\/\/ejurr.tjrr.jus.br\/?p=32258","name":"Ejurr promove curso de Intelig\u00eancia Artificial Generativa voltado para magistratura - EJURR","isPartOf":{"@id":"https:\/\/ejurr.tjrr.jus.br\/#website"},"primaryImageOfPage":{"@id":"https:\/\/ejurr.tjrr.jus.br\/?p=32258#primaryimage"},"image":{"@id":"https:\/\/ejurr.tjrr.jus.br\/?p=32258#primaryimage"},"thumbnailUrl":"https:\/\/ejurr.tjrr.jus.br\/wp-content\/uploads\/2026\/08\/ia-juizes.jpeg","datePublished":"2026-08-31T17:31:19+00:00","dateModified":"2026-08-31T17:32:22+00:00","breadcrumb":{"@id":"https:\/\/ejurr.tjrr.jus.br\/?p=32258#breadcrumb"},"inLanguage":"pt-BR","potentialAction":[{"@type":"ReadAction","target":["https:\/\/ejurr.tjrr.jus.br\/?p=32258"]}]},{"@type":"ImageObject","inLanguage":"pt-BR","@id":"https:\/\/ejurr.tjrr.jus.br\/?p=32258#primaryimage","url":"https:\/\/ejurr.tjrr.jus.br\/wp-content\/uploads\/2026\/08\/ia-juizes.jpeg","contentUrl":"https:\/\/ejurr.tjrr.jus.br\/wp-content\/uploads\/2026\/08\/ia-juizes.jpeg","width":1080,"height":748,"caption":"Em destaque do lado superior esquerdo, est\u00e3o \u00cdcones flutuantes e frases que remetem \u00e0 tecnologia e \u00e0 intelig\u00eancia artificial. Por tr\u00e1s, aparecem levemente desfocadas m\u00e3os que digitam em um notebook."},{"@type":"BreadcrumbList","@id":"https:\/\/ejurr.tjrr.jus.br\/?p=32258#breadcrumb","itemListElement":[{"@type":"ListItem","position":1,"name":"In\u00edcio","item":"https:\/\/ejurr.tjrr.jus.br\/"},{"@type":"ListItem","position":2,"name":"Ejurr promove curso de Intelig\u00eancia Artificial Generativa voltado para magistratura"}]},{"@type":"WebSite","@id":"https:\/\/ejurr.tjrr.jus.br\/#website","url":"https:\/\/ejurr.tjrr.jus.br\/","name":"Escola Judicial de Roraima","description":"A Escola Judicial de Roraima \u00e9 uma institui\u00e7\u00e3o de educa\u00e7\u00e3o corporativa mantida pelo Tribunal de Justi\u00e7a do Estado de Roraima. Seu objetivo \u00e9 planejar e executar os cursos de forma\u00e7\u00e3o inicial, capacita\u00e7\u00e3o e aperfei\u00e7oamento dos magistrados, servidores, formadores e colaboradores do Poder Judici\u00e1rio.","publisher":{"@id":"https:\/\/ejurr.tjrr.jus.br\/#organization"},"alternateName":"EJURR","potentialAction":[{"@type":"SearchAction","target":{"@type":"EntryPoint","urlTemplate":"https:\/\/ejurr.tjrr.jus.br\/?s={search_term_string}"},"query-input":{"@type":"PropertyValueSpecification","valueRequired":true,"valueName":"search_term_string"}}],"inLanguage":"pt-BR"},{"@type":"Organization","@id":"https:\/\/ejurr.tjrr.jus.br\/#organization","name":"Escola Judicial de Roraima","alternateName":"EJURR","url":"https:\/\/ejurr.tjrr.jus.br\/","logo":{"@type":"ImageObject","inLanguage":"pt-BR","@id":"https:\/\/ejurr.tjrr.jus.br\/#\/schema\/logo\/image\/","url":"https:\/\/ejurr.tjrr.jus.br\/wp-content\/uploads\/2023\/06\/MIV-EJURR-V.png","contentUrl":"https:\/\/ejurr.tjrr.jus.br\/wp-content\/uploads\/2023\/06\/MIV-EJURR-V.png","width":387,"height":369,"caption":"Escola Judicial de Roraima"},"image":{"@id":"https:\/\/ejurr.tjrr.jus.br\/#\/schema\/logo\/image\/"},"sameAs":["https:\/\/www.facebook.com\/ejurr.tj","https:\/\/www.instagram.com\/ejurr.tj\/","https:\/\/www.youtube.com\/@ejurr","https:\/\/wa.me\/559531984156","https:\/\/www.flickr.com\/photos\/ejurr_oficial"]},{"@type":"Person","@id":"https:\/\/ejurr.tjrr.jus.br\/#\/schema\/person\/5dce040510816d75c020721e1d0ee85e","name":"\u00c9rica Figueredo","image":{"@type":"ImageObject","inLanguage":"pt-BR","@id":"https:\/\/secure.gravatar.com\/avatar\/3252ecacaba89d68f1c9eef1c2ca300b0f2b81c8d93c481c2e6aa490067cffe7?s=96&d=mm&r=g","url":"https:\/\/secure.gravatar.com\/avatar\/3252ecacaba89d68f1c9eef1c2ca300b0f2b81c8d93c481c2e6aa490067cffe7?s=96&d=mm&r=g","contentUrl":"https:\/\/secure.gravatar.com\/avatar\/3252ecacaba89d68f1c9eef1c2ca300b0f2b81c8d93c481c2e6aa490067cffe7?s=96&d=mm&r=g","caption":"\u00c9rica Figueredo"},"sameAs":["http:\/\/ejurr.tjrr.jus.br"],"url":"https:\/\/ejurr.tjrr.jus.br\/?author=3"}]}},"_links":{"self":[{"href":"https:\/\/ejurr.tjrr.jus.br\/index.php?rest_route=\/wp\/v2\/posts\/32258","targetHints":{"allow":["GET"]}}],"collection":[{"href":"https:\/\/ejurr.tjrr.jus.br\/index.php?rest_route=\/wp\/v2\/posts"}],"about":[{"href":"https:\/\/ejurr.tjrr.jus.br\/index.php?rest_route=\/wp\/v2\/types\/post"}],"author":[{"embeddable":true,"href":"https:\/\/ejurr.tjrr.jus.br\/index.php?rest_route=\/wp\/v2\/users\/3"}],"replies":[{"embeddable":true,"href":"https:\/\/ejurr.tjrr.jus.br\/index.php?rest_route=%2Fwp%2Fv2%2Fcomments&post=32258"}],"version-history":[{"count":4,"href":"https:\/\/ejurr.tjrr.jus.br\/index.php?rest_route=\/wp\/v2\/posts\/32258\/revisions"}],"predecessor-version":[{"id":32264,"href":"https:\/\/ejurr.tjrr.jus.br\/index.php?rest_route=\/wp\/v2\/posts\/32258\/revisions\/32264"}],"wp:featuredmedia":[{"embeddable":true,"href":"https:\/\/ejurr.tjrr.jus.br\/index.php?rest_route=\/wp\/v2\/media\/32259"}],"wp:attachment":[{"href":"https:\/\/ejurr.tjrr.jus.br\/index.php?rest_route=%2Fwp%2Fv2%2Fmedia&parent=32258"}],"wp:term":[{"taxonomy":"category","embeddable":true,"href":"https:\/\/ejurr.tjrr.jus.br\/index.php?rest_route=%2Fwp%2Fv2%2Fcategories&post=32258"},{"taxonomy":"post_tag","embeddable":true,"href":"https:\/\/ejurr.tjrr.jus.br\/index.php?rest_route=%2Fwp%2Fv2%2Ftags&post=32258"}],"curies":[{"name":"wp","href":"https:\/\/api.w.org\/{rel}","templated":true}]}}