{"id":31085,"date":"2026-04-30T18:02:00","date_gmt":"2026-04-30T22:02:00","guid":{"rendered":"https:\/\/ejurr.tjrr.jus.br\/?p=31085"},"modified":"2026-04-30T18:41:32","modified_gmt":"2026-04-30T22:41:32","slug":"ritmos-e-vida-projeto-incentiva-bem-estar-fisico-e-emocional-no-tjrr","status":"publish","type":"post","link":"https:\/\/ejurr.tjrr.jus.br\/?p=31085","title":{"rendered":"Ritmos e Vida- Projeto incentiva bem-estar f\u00edsico e emocional no TJRR"},"content":{"rendered":"\n<p>A Secretaria de Sa\u00fade e Qualidade de Vida (SQV) em parceria com a Escola Judicial de Roraima (Ejurr) realiza o projeto \u201cRitmos &amp; Vida\u201d, uma iniciativa voltada para o desenvolvimento corporal, r\u00edtmico e expressivo dos participantes por meio da dan\u00e7a.<\/p>\n\n\n\n<p>No m\u00eas de maio, os encontros ocorrer\u00e3o nos dias 5, 7, 12, 14, 19, 21, 26 e 28 de maio no Complexo Sociocultural do Poder Judici\u00e1rio de Roraima. O foco ser\u00e1 desenvolver entre os participantes o conhecimento sobre o boi de Parintins. Podem participar das atividades, magistradas, magistrados, servidoras, servidores, ativos e aposentados do tribunal, estagi\u00e1rias, estagi\u00e1rios e terceirizados do TJRR. As inscri\u00e7\u00f5es devem ser feitas no <a href=\"https:\/\/ejurr.tjrr.jus.br\/?p=30079\">site da Ejurr.<\/a>\u00a0 <\/p>\n\n\n\n<p>O objetivo do projeto \u00e9\u00a0promover o desenvolvimento corporal, r\u00edtmico e expressivo dos participantes por meio da pr\u00e1tica da dan\u00e7a, como elemento para estimular a participa\u00e7\u00e3o, o engajamento e o prazer no movimento, contribuindo para a promo\u00e7\u00e3o do bem-estar f\u00edsico e emocional.<\/p>\n\n\n\n<figure class=\"wp-block-image size-large is-resized\"><img fetchpriority=\"high\" decoding=\"async\" width=\"768\" height=\"1024\" src=\"https:\/\/ejurr.tjrr.jus.br\/wp-content\/uploads\/2026\/04\/WhatsApp-Image-2026-04-30-at-17.59.30-768x1024.jpeg\" alt=\"\" class=\"wp-image-31088\" style=\"width:587px;height:auto\" srcset=\"https:\/\/ejurr.tjrr.jus.br\/wp-content\/uploads\/2026\/04\/WhatsApp-Image-2026-04-30-at-17.59.30-768x1024.jpeg 768w, https:\/\/ejurr.tjrr.jus.br\/wp-content\/uploads\/2026\/04\/WhatsApp-Image-2026-04-30-at-17.59.30-225x300.jpeg 225w, https:\/\/ejurr.tjrr.jus.br\/wp-content\/uploads\/2026\/04\/WhatsApp-Image-2026-04-30-at-17.59.30.jpeg 960w\" sizes=\"(max-width: 768px) 100vw, 768px\" \/><\/figure>\n\n\n\n<p>Em fevereiro, o projeto foi iniciado com abordagem voltada para o carnaval com diversas atividades ao longo do m\u00eas em ritmo de samba e ax\u00e9. Nos meses de mar\u00e7o e abril, foram realizadas atividades com ritmos diversos.\u00a0<\/p>\n\n\n\n<p><strong>Curr\u00edculo do Instrutor<\/strong><\/p>\n\n\n\n<p>Igor Felipe Miranda dos Santos \u00e9 graduado em Educa\u00e7\u00e3o F\u00edsica. Especialista em Treinamento Especializado. Ele \u00e9 servidor p\u00fablico da Funda\u00e7\u00e3o de Educa\u00e7\u00e3o, Turismo, Esporte e Cultura de Boa Vista &#8211; FETEC.&nbsp;<\/p>\n\n\n\n<p><strong>Texto: Ejurr\/ Foto: SQV-TJRR\u00a0<\/strong><\/p>\n\n\n\n<p><\/p>\n","protected":false},"excerpt":{"rendered":"<p>A Secretaria de Sa\u00fade e Qualidade de Vida (SQV) em parceria com a Escola Judicial de Roraima (Ejurr) realiza o projeto \u201cRitmos &amp; Vida\u201d, uma iniciativa voltada para o desenvolvimento corporal, r\u00edtmico e expressivo dos participantes por meio da dan\u00e7a. No m\u00eas de maio, os encontros ocorrer\u00e3o nos dias 5, 7, 12, 14, 19, 21, [&hellip;]<\/p>\n","protected":false},"author":3,"featured_media":31088,"comment_status":"open","ping_status":"open","sticky":false,"template":"","format":"standard","meta":{"footnotes":""},"categories":[9],"tags":[],"class_list":["post-31085","post","type-post","status-publish","format-standard","has-post-thumbnail","hentry","category-noticias"],"yoast_head":"<!-- This site is optimized with the Yoast SEO plugin v26.6 - https:\/\/yoast.com\/wordpress\/plugins\/seo\/ -->\n<title>Ritmos e Vida- Projeto incentiva bem-estar f\u00edsico e emocional no TJRR - EJURR<\/title>\n<meta name=\"robots\" content=\"index, follow, max-snippet:-1, max-image-preview:large, max-video-preview:-1\" \/>\n<link rel=\"canonical\" href=\"https:\/\/ejurr.tjrr.jus.br\/?p=31085\" \/>\n<meta property=\"og:locale\" content=\"pt_BR\" \/>\n<meta property=\"og:type\" content=\"article\" \/>\n<meta property=\"og:title\" content=\"Ritmos e Vida- Projeto incentiva bem-estar f\u00edsico e emocional no TJRR - EJURR\" \/>\n<meta property=\"og:description\" content=\"A Secretaria de Sa\u00fade e Qualidade de Vida (SQV) em parceria com a Escola Judicial de Roraima (Ejurr) realiza o projeto \u201cRitmos &amp; Vida\u201d, uma iniciativa voltada para o desenvolvimento corporal, r\u00edtmico e expressivo dos participantes por meio da dan\u00e7a. No m\u00eas de maio, os encontros ocorrer\u00e3o nos dias 5, 7, 12, 14, 19, 21, [&hellip;]\" \/>\n<meta property=\"og:url\" content=\"https:\/\/ejurr.tjrr.jus.br\/?p=31085\" \/>\n<meta property=\"og:site_name\" content=\"EJURR\" \/>\n<meta property=\"article:publisher\" content=\"https:\/\/www.facebook.com\/ejurr.tj\" \/>\n<meta property=\"article:published_time\" content=\"2026-04-30T22:02:00+00:00\" \/>\n<meta property=\"article:modified_time\" content=\"2026-04-30T22:41:32+00:00\" \/>\n<meta property=\"og:image\" content=\"https:\/\/ejurr.tjrr.jus.br\/wp-content\/uploads\/2026\/04\/WhatsApp-Image-2026-04-30-at-17.59.30.jpeg\" \/>\n\t<meta property=\"og:image:width\" content=\"960\" \/>\n\t<meta property=\"og:image:height\" content=\"1280\" \/>\n\t<meta property=\"og:image:type\" content=\"image\/jpeg\" \/>\n<meta name=\"author\" content=\"\u00c9rica Figueredo\" \/>\n<meta name=\"twitter:card\" content=\"summary_large_image\" \/>\n<meta name=\"twitter:label1\" content=\"Escrito por\" \/>\n\t<meta name=\"twitter:data1\" content=\"\u00c9rica Figueredo\" \/>\n\t<meta name=\"twitter:label2\" content=\"Est. tempo de leitura\" \/>\n\t<meta name=\"twitter:data2\" content=\"2 minutos\" \/>\n<script type=\"application\/ld+json\" class=\"yoast-schema-graph\">{\"@context\":\"https:\/\/schema.org\",\"@graph\":[{\"@type\":\"Article\",\"@id\":\"https:\/\/ejurr.tjrr.jus.br\/?p=31085#article\",\"isPartOf\":{\"@id\":\"https:\/\/ejurr.tjrr.jus.br\/?p=31085\"},\"author\":{\"name\":\"\u00c9rica Figueredo\",\"@id\":\"https:\/\/ejurr.tjrr.jus.br\/#\/schema\/person\/5dce040510816d75c020721e1d0ee85e\"},\"headline\":\"Ritmos e Vida- Projeto incentiva bem-estar f\u00edsico e emocional no TJRR\",\"datePublished\":\"2026-04-30T22:02:00+00:00\",\"dateModified\":\"2026-04-30T22:41:32+00:00\",\"mainEntityOfPage\":{\"@id\":\"https:\/\/ejurr.tjrr.jus.br\/?p=31085\"},\"wordCount\":252,\"commentCount\":0,\"publisher\":{\"@id\":\"https:\/\/ejurr.tjrr.jus.br\/#organization\"},\"image\":{\"@id\":\"https:\/\/ejurr.tjrr.jus.br\/?p=31085#primaryimage\"},\"thumbnailUrl\":\"https:\/\/ejurr.tjrr.jus.br\/wp-content\/uploads\/2026\/04\/WhatsApp-Image-2026-04-30-at-17.59.30.jpeg\",\"articleSection\":[\"Not\u00edcias\"],\"inLanguage\":\"pt-BR\",\"potentialAction\":[{\"@type\":\"CommentAction\",\"name\":\"Comment\",\"target\":[\"https:\/\/ejurr.tjrr.jus.br\/?p=31085#respond\"]}]},{\"@type\":\"WebPage\",\"@id\":\"https:\/\/ejurr.tjrr.jus.br\/?p=31085\",\"url\":\"https:\/\/ejurr.tjrr.jus.br\/?p=31085\",\"name\":\"Ritmos e Vida- Projeto incentiva bem-estar f\u00edsico e emocional no TJRR - EJURR\",\"isPartOf\":{\"@id\":\"https:\/\/ejurr.tjrr.jus.br\/#website\"},\"primaryImageOfPage\":{\"@id\":\"https:\/\/ejurr.tjrr.jus.br\/?p=31085#primaryimage\"},\"image\":{\"@id\":\"https:\/\/ejurr.tjrr.jus.br\/?p=31085#primaryimage\"},\"thumbnailUrl\":\"https:\/\/ejurr.tjrr.jus.br\/wp-content\/uploads\/2026\/04\/WhatsApp-Image-2026-04-30-at-17.59.30.jpeg\",\"datePublished\":\"2026-04-30T22:02:00+00:00\",\"dateModified\":\"2026-04-30T22:41:32+00:00\",\"breadcrumb\":{\"@id\":\"https:\/\/ejurr.tjrr.jus.br\/?p=31085#breadcrumb\"},\"inLanguage\":\"pt-BR\",\"potentialAction\":[{\"@type\":\"ReadAction\",\"target\":[\"https:\/\/ejurr.tjrr.jus.br\/?p=31085\"]}]},{\"@type\":\"ImageObject\",\"inLanguage\":\"pt-BR\",\"@id\":\"https:\/\/ejurr.tjrr.jus.br\/?p=31085#primaryimage\",\"url\":\"https:\/\/ejurr.tjrr.jus.br\/wp-content\/uploads\/2026\/04\/WhatsApp-Image-2026-04-30-at-17.59.30.jpeg\",\"contentUrl\":\"https:\/\/ejurr.tjrr.jus.br\/wp-content\/uploads\/2026\/04\/WhatsApp-Image-2026-04-30-at-17.59.30.jpeg\",\"width\":960,\"height\":1280},{\"@type\":\"BreadcrumbList\",\"@id\":\"https:\/\/ejurr.tjrr.jus.br\/?p=31085#breadcrumb\",\"itemListElement\":[{\"@type\":\"ListItem\",\"position\":1,\"name\":\"In\u00edcio\",\"item\":\"https:\/\/ejurr.tjrr.jus.br\/\"},{\"@type\":\"ListItem\",\"position\":2,\"name\":\"Ritmos e Vida- Projeto incentiva bem-estar f\u00edsico e emocional no TJRR\"}]},{\"@type\":\"WebSite\",\"@id\":\"https:\/\/ejurr.tjrr.jus.br\/#website\",\"url\":\"https:\/\/ejurr.tjrr.jus.br\/\",\"name\":\"Escola Judicial de Roraima\",\"description\":\"A Escola Judicial de Roraima \u00e9 uma institui\u00e7\u00e3o de educa\u00e7\u00e3o corporativa mantida pelo Tribunal de Justi\u00e7a do Estado de Roraima. Seu objetivo \u00e9 planejar e executar os cursos de forma\u00e7\u00e3o inicial, capacita\u00e7\u00e3o e aperfei\u00e7oamento dos magistrados, servidores, formadores e colaboradores do Poder Judici\u00e1rio.\",\"publisher\":{\"@id\":\"https:\/\/ejurr.tjrr.jus.br\/#organization\"},\"alternateName\":\"EJURR\",\"potentialAction\":[{\"@type\":\"SearchAction\",\"target\":{\"@type\":\"EntryPoint\",\"urlTemplate\":\"https:\/\/ejurr.tjrr.jus.br\/?s={search_term_string}\"},\"query-input\":{\"@type\":\"PropertyValueSpecification\",\"valueRequired\":true,\"valueName\":\"search_term_string\"}}],\"inLanguage\":\"pt-BR\"},{\"@type\":\"Organization\",\"@id\":\"https:\/\/ejurr.tjrr.jus.br\/#organization\",\"name\":\"Escola Judicial de Roraima\",\"alternateName\":\"EJURR\",\"url\":\"https:\/\/ejurr.tjrr.jus.br\/\",\"logo\":{\"@type\":\"ImageObject\",\"inLanguage\":\"pt-BR\",\"@id\":\"https:\/\/ejurr.tjrr.jus.br\/#\/schema\/logo\/image\/\",\"url\":\"https:\/\/ejurr.tjrr.jus.br\/wp-content\/uploads\/2023\/06\/MIV-EJURR-V.png\",\"contentUrl\":\"https:\/\/ejurr.tjrr.jus.br\/wp-content\/uploads\/2023\/06\/MIV-EJURR-V.png\",\"width\":387,\"height\":369,\"caption\":\"Escola Judicial de Roraima\"},\"image\":{\"@id\":\"https:\/\/ejurr.tjrr.jus.br\/#\/schema\/logo\/image\/\"},\"sameAs\":[\"https:\/\/www.facebook.com\/ejurr.tj\",\"https:\/\/www.instagram.com\/ejurr.tj\/\",\"https:\/\/www.youtube.com\/@ejurr\",\"https:\/\/wa.me\/559531984156\",\"https:\/\/www.flickr.com\/photos\/ejurr_oficial\"]},{\"@type\":\"Person\",\"@id\":\"https:\/\/ejurr.tjrr.jus.br\/#\/schema\/person\/5dce040510816d75c020721e1d0ee85e\",\"name\":\"\u00c9rica Figueredo\",\"image\":{\"@type\":\"ImageObject\",\"inLanguage\":\"pt-BR\",\"@id\":\"https:\/\/ejurr.tjrr.jus.br\/#\/schema\/person\/image\/\",\"url\":\"https:\/\/secure.gravatar.com\/avatar\/ca55ee37aaa0889795b400a799c5c4a9?s=96&d=mm&r=g\",\"contentUrl\":\"https:\/\/secure.gravatar.com\/avatar\/ca55ee37aaa0889795b400a799c5c4a9?s=96&d=mm&r=g\",\"caption\":\"\u00c9rica Figueredo\"},\"sameAs\":[\"http:\/\/ejurr.tjrr.jus.br\"],\"url\":\"https:\/\/ejurr.tjrr.jus.br\/?author=3\"}]}<\/script>\n<!-- \/ Yoast SEO plugin. -->","yoast_head_json":{"title":"Ritmos e Vida- Projeto incentiva bem-estar f\u00edsico e emocional no TJRR - EJURR","robots":{"index":"index","follow":"follow","max-snippet":"max-snippet:-1","max-image-preview":"max-image-preview:large","max-video-preview":"max-video-preview:-1"},"canonical":"https:\/\/ejurr.tjrr.jus.br\/?p=31085","og_locale":"pt_BR","og_type":"article","og_title":"Ritmos e Vida- Projeto incentiva bem-estar f\u00edsico e emocional no TJRR - EJURR","og_description":"A Secretaria de Sa\u00fade e Qualidade de Vida (SQV) em parceria com a Escola Judicial de Roraima (Ejurr) realiza o projeto \u201cRitmos &amp; Vida\u201d, uma iniciativa voltada para o desenvolvimento corporal, r\u00edtmico e expressivo dos participantes por meio da dan\u00e7a. No m\u00eas de maio, os encontros ocorrer\u00e3o nos dias 5, 7, 12, 14, 19, 21, [&hellip;]","og_url":"https:\/\/ejurr.tjrr.jus.br\/?p=31085","og_site_name":"EJURR","article_publisher":"https:\/\/www.facebook.com\/ejurr.tj","article_published_time":"2026-04-30T22:02:00+00:00","article_modified_time":"2026-04-30T22:41:32+00:00","og_image":[{"width":960,"height":1280,"url":"https:\/\/ejurr.tjrr.jus.br\/wp-content\/uploads\/2026\/04\/WhatsApp-Image-2026-04-30-at-17.59.30.jpeg","type":"image\/jpeg"}],"author":"\u00c9rica Figueredo","twitter_card":"summary_large_image","twitter_misc":{"Escrito por":"\u00c9rica Figueredo","Est. tempo de leitura":"2 minutos"},"schema":{"@context":"https:\/\/schema.org","@graph":[{"@type":"Article","@id":"https:\/\/ejurr.tjrr.jus.br\/?p=31085#article","isPartOf":{"@id":"https:\/\/ejurr.tjrr.jus.br\/?p=31085"},"author":{"name":"\u00c9rica Figueredo","@id":"https:\/\/ejurr.tjrr.jus.br\/#\/schema\/person\/5dce040510816d75c020721e1d0ee85e"},"headline":"Ritmos e Vida- Projeto incentiva bem-estar f\u00edsico e emocional no TJRR","datePublished":"2026-04-30T22:02:00+00:00","dateModified":"2026-04-30T22:41:32+00:00","mainEntityOfPage":{"@id":"https:\/\/ejurr.tjrr.jus.br\/?p=31085"},"wordCount":252,"commentCount":0,"publisher":{"@id":"https:\/\/ejurr.tjrr.jus.br\/#organization"},"image":{"@id":"https:\/\/ejurr.tjrr.jus.br\/?p=31085#primaryimage"},"thumbnailUrl":"https:\/\/ejurr.tjrr.jus.br\/wp-content\/uploads\/2026\/04\/WhatsApp-Image-2026-04-30-at-17.59.30.jpeg","articleSection":["Not\u00edcias"],"inLanguage":"pt-BR","potentialAction":[{"@type":"CommentAction","name":"Comment","target":["https:\/\/ejurr.tjrr.jus.br\/?p=31085#respond"]}]},{"@type":"WebPage","@id":"https:\/\/ejurr.tjrr.jus.br\/?p=31085","url":"https:\/\/ejurr.tjrr.jus.br\/?p=31085","name":"Ritmos e Vida- Projeto incentiva bem-estar f\u00edsico e emocional no TJRR - EJURR","isPartOf":{"@id":"https:\/\/ejurr.tjrr.jus.br\/#website"},"primaryImageOfPage":{"@id":"https:\/\/ejurr.tjrr.jus.br\/?p=31085#primaryimage"},"image":{"@id":"https:\/\/ejurr.tjrr.jus.br\/?p=31085#primaryimage"},"thumbnailUrl":"https:\/\/ejurr.tjrr.jus.br\/wp-content\/uploads\/2026\/04\/WhatsApp-Image-2026-04-30-at-17.59.30.jpeg","datePublished":"2026-04-30T22:02:00+00:00","dateModified":"2026-04-30T22:41:32+00:00","breadcrumb":{"@id":"https:\/\/ejurr.tjrr.jus.br\/?p=31085#breadcrumb"},"inLanguage":"pt-BR","potentialAction":[{"@type":"ReadAction","target":["https:\/\/ejurr.tjrr.jus.br\/?p=31085"]}]},{"@type":"ImageObject","inLanguage":"pt-BR","@id":"https:\/\/ejurr.tjrr.jus.br\/?p=31085#primaryimage","url":"https:\/\/ejurr.tjrr.jus.br\/wp-content\/uploads\/2026\/04\/WhatsApp-Image-2026-04-30-at-17.59.30.jpeg","contentUrl":"https:\/\/ejurr.tjrr.jus.br\/wp-content\/uploads\/2026\/04\/WhatsApp-Image-2026-04-30-at-17.59.30.jpeg","width":960,"height":1280},{"@type":"BreadcrumbList","@id":"https:\/\/ejurr.tjrr.jus.br\/?p=31085#breadcrumb","itemListElement":[{"@type":"ListItem","position":1,"name":"In\u00edcio","item":"https:\/\/ejurr.tjrr.jus.br\/"},{"@type":"ListItem","position":2,"name":"Ritmos e Vida- Projeto incentiva bem-estar f\u00edsico e emocional no TJRR"}]},{"@type":"WebSite","@id":"https:\/\/ejurr.tjrr.jus.br\/#website","url":"https:\/\/ejurr.tjrr.jus.br\/","name":"Escola Judicial de Roraima","description":"A Escola Judicial de Roraima \u00e9 uma institui\u00e7\u00e3o de educa\u00e7\u00e3o corporativa mantida pelo Tribunal de Justi\u00e7a do Estado de Roraima. Seu objetivo \u00e9 planejar e executar os cursos de forma\u00e7\u00e3o inicial, capacita\u00e7\u00e3o e aperfei\u00e7oamento dos magistrados, servidores, formadores e colaboradores do Poder Judici\u00e1rio.","publisher":{"@id":"https:\/\/ejurr.tjrr.jus.br\/#organization"},"alternateName":"EJURR","potentialAction":[{"@type":"SearchAction","target":{"@type":"EntryPoint","urlTemplate":"https:\/\/ejurr.tjrr.jus.br\/?s={search_term_string}"},"query-input":{"@type":"PropertyValueSpecification","valueRequired":true,"valueName":"search_term_string"}}],"inLanguage":"pt-BR"},{"@type":"Organization","@id":"https:\/\/ejurr.tjrr.jus.br\/#organization","name":"Escola Judicial de Roraima","alternateName":"EJURR","url":"https:\/\/ejurr.tjrr.jus.br\/","logo":{"@type":"ImageObject","inLanguage":"pt-BR","@id":"https:\/\/ejurr.tjrr.jus.br\/#\/schema\/logo\/image\/","url":"https:\/\/ejurr.tjrr.jus.br\/wp-content\/uploads\/2023\/06\/MIV-EJURR-V.png","contentUrl":"https:\/\/ejurr.tjrr.jus.br\/wp-content\/uploads\/2023\/06\/MIV-EJURR-V.png","width":387,"height":369,"caption":"Escola Judicial de Roraima"},"image":{"@id":"https:\/\/ejurr.tjrr.jus.br\/#\/schema\/logo\/image\/"},"sameAs":["https:\/\/www.facebook.com\/ejurr.tj","https:\/\/www.instagram.com\/ejurr.tj\/","https:\/\/www.youtube.com\/@ejurr","https:\/\/wa.me\/559531984156","https:\/\/www.flickr.com\/photos\/ejurr_oficial"]},{"@type":"Person","@id":"https:\/\/ejurr.tjrr.jus.br\/#\/schema\/person\/5dce040510816d75c020721e1d0ee85e","name":"\u00c9rica Figueredo","image":{"@type":"ImageObject","inLanguage":"pt-BR","@id":"https:\/\/ejurr.tjrr.jus.br\/#\/schema\/person\/image\/","url":"https:\/\/secure.gravatar.com\/avatar\/ca55ee37aaa0889795b400a799c5c4a9?s=96&d=mm&r=g","contentUrl":"https:\/\/secure.gravatar.com\/avatar\/ca55ee37aaa0889795b400a799c5c4a9?s=96&d=mm&r=g","caption":"\u00c9rica Figueredo"},"sameAs":["http:\/\/ejurr.tjrr.jus.br"],"url":"https:\/\/ejurr.tjrr.jus.br\/?author=3"}]}},"_links":{"self":[{"href":"https:\/\/ejurr.tjrr.jus.br\/index.php?rest_route=\/wp\/v2\/posts\/31085","targetHints":{"allow":["GET"]}}],"collection":[{"href":"https:\/\/ejurr.tjrr.jus.br\/index.php?rest_route=\/wp\/v2\/posts"}],"about":[{"href":"https:\/\/ejurr.tjrr.jus.br\/index.php?rest_route=\/wp\/v2\/types\/post"}],"author":[{"embeddable":true,"href":"https:\/\/ejurr.tjrr.jus.br\/index.php?rest_route=\/wp\/v2\/users\/3"}],"replies":[{"embeddable":true,"href":"https:\/\/ejurr.tjrr.jus.br\/index.php?rest_route=%2Fwp%2Fv2%2Fcomments&post=31085"}],"version-history":[{"count":4,"href":"https:\/\/ejurr.tjrr.jus.br\/index.php?rest_route=\/wp\/v2\/posts\/31085\/revisions"}],"predecessor-version":[{"id":31092,"href":"https:\/\/ejurr.tjrr.jus.br\/index.php?rest_route=\/wp\/v2\/posts\/31085\/revisions\/31092"}],"wp:featuredmedia":[{"embeddable":true,"href":"https:\/\/ejurr.tjrr.jus.br\/index.php?rest_route=\/wp\/v2\/media\/31088"}],"wp:attachment":[{"href":"https:\/\/ejurr.tjrr.jus.br\/index.php?rest_route=%2Fwp%2Fv2%2Fmedia&parent=31085"}],"wp:term":[{"taxonomy":"category","embeddable":true,"href":"https:\/\/ejurr.tjrr.jus.br\/index.php?rest_route=%2Fwp%2Fv2%2Fcategories&post=31085"},{"taxonomy":"post_tag","embeddable":true,"href":"https:\/\/ejurr.tjrr.jus.br\/index.php?rest_route=%2Fwp%2Fv2%2Ftags&post=31085"}],"curies":[{"name":"wp","href":"https:\/\/api.w.org\/{rel}","templated":true}]}}