{"id":31068,"date":"2026-04-30T12:07:46","date_gmt":"2026-04-30T16:07:46","guid":{"rendered":"https:\/\/ejurr.tjrr.jus.br\/?p=31068"},"modified":"2026-04-30T12:09:26","modified_gmt":"2026-04-30T16:09:26","slug":"policias-civis-e-escrivaes-participam-de-curso-na-area-de-bens-apreendidos","status":"publish","type":"post","link":"https:\/\/ejurr.tjrr.jus.br\/?p=31068","title":{"rendered":"Policias civis e escriv\u00e3es participam de curso na \u00e1rea de bens apreendidos"},"content":{"rendered":"\n<figure class=\"wp-block-image size-large\"><img fetchpriority=\"high\" decoding=\"async\" width=\"1024\" height=\"683\" src=\"https:\/\/ejurr.tjrr.jus.br\/wp-content\/uploads\/2026\/04\/CADASTRAMENTO-DE-BENS-APREENDIDOS-45-1024x683.jpg\" alt=\"\" class=\"wp-image-31069\" srcset=\"https:\/\/ejurr.tjrr.jus.br\/wp-content\/uploads\/2026\/04\/CADASTRAMENTO-DE-BENS-APREENDIDOS-45-1024x683.jpg 1024w, https:\/\/ejurr.tjrr.jus.br\/wp-content\/uploads\/2026\/04\/CADASTRAMENTO-DE-BENS-APREENDIDOS-45-300x200.jpg 300w, https:\/\/ejurr.tjrr.jus.br\/wp-content\/uploads\/2026\/04\/CADASTRAMENTO-DE-BENS-APREENDIDOS-45-768x512.jpg 768w, https:\/\/ejurr.tjrr.jus.br\/wp-content\/uploads\/2026\/04\/CADASTRAMENTO-DE-BENS-APREENDIDOS-45-1536x1024.jpg 1536w, https:\/\/ejurr.tjrr.jus.br\/wp-content\/uploads\/2026\/04\/CADASTRAMENTO-DE-BENS-APREENDIDOS-45-2048x1365.jpg 2048w\" sizes=\"(max-width: 1024px) 100vw, 1024px\" \/><\/figure>\n\n\n\n<p>Para ampliar os conhecimentos sobre o Sistema Nacional de Gest\u00e3o de Bens Apreendido\/CNJ (SNGB), foi promovido no dia 25 de mar\u00e7o o&nbsp; treinamento na \u00e1rea de cadastramento de bens apreendidos no SNGB\/CNJ\/Usu\u00e1rio Externo. A atividade foi ministrada no formato presencial entre 9h e 11h no laborat\u00f3rio de inform\u00e1tica da Ejurr<strong>.<\/strong><\/p>\n\n\n\n<p>A inten\u00e7\u00e3o foi promover a integra\u00e7\u00e3o entre o Poder Judici\u00e1rio e a Pol\u00edcia Civil no manejo de bens apreendidos e sanar problemas de desempenho no uso do sistema, assegurando que o registro de bens seja feito de forma correta, aperfei\u00e7oando o exerc\u00edcio profissional e a coopera\u00e7\u00e3o.<\/p>\n\n\n\n<p>A iniciativa foi da Corregedoria Geral do Tribunal de Justi\u00e7a de Roraima por meio da Diretoria de Gest\u00e3o de Bens Apreendidos do TJRR, com apoio da Ejurr. Com carga hor\u00e1ria de 3 horas o curso teve como p\u00fablico-alvo, escriv\u00e3es e policiais civis que utilizam o SNGB.<\/p>\n\n\n\n<p>Os conhecimentos sobre o assunto foram repassados pelo chefe do Setor de Invent\u00e1rio e Armazenamento de Bens Apreendidos do Tribunal de Justi\u00e7a de Roraima, \u00c9rico Raimundo Soares.\u00a0<\/p>\n\n\n\n<p>\u201c\u00c9 importante, dada a obrigatoriedade da Pol\u00edcia Civil cadastrar esses bens que ficam sob sua cust\u00f3dia&nbsp; at\u00e9 que passem para a guarda do Poder Judici\u00e1rio. Assim, o CNJ estabeleceu, por meio da Resolu\u00e7\u00e3o 483 de 2022, e a partir das recentes altera\u00e7\u00f5es, inclusive de uma portaria conjunta, n\u00f3s temos a\u00ed a n\u00famero 1 do TJ com a Pol\u00edcia Civil, foi estabelecida essa obrigatoriedade da Pol\u00edcia Judici\u00e1ria cadastrar os bens que foram apreendidos para, a partir da\u00ed, fazer o repasse para o Tribunal de Justi\u00e7a\u201d, ressaltou.<\/p>\n\n\n\n<p>O escriv\u00e3o da Pol\u00edcia Civil de Roraima, Giovane Pimenta foi um dos cursistas. Para ele, o curso representou um conhecimento que vai beneficiar toda a sociedade.\u00a0<\/p>\n\n\n\n<p>\u201cO que estamos aprendendo no curso na verdade \u00e9 um controle a mais feito pelo judici\u00e1rio. Ele vincula o procedimento policial na delegacia atrav\u00e9s do Projudi e vincula tamb\u00e9m ao banco de dados do TJ. Ent\u00e3o haver\u00e1 um controle maior, o envio ser\u00e1 mais c\u00e9lere e o procedimento ficar\u00e1 mais transparente e n\u00e3o vai modificar nossa estrutura de pol\u00edcia\u201d.\u00a0<\/p>\n\n\n\n<p><strong>Sobre o SNGB<\/strong><\/p>\n\n\n\n<p>O SNGB, foi desenvolvido pelo CNJ, sendo uma ferramenta digital para cadastrar e gerir ativos (bens, valores, documentos) apreendidos ou sob cust\u00f3dia judicial em todo o Brasil. Substituindo o antigo SNBA, o SNGB integra o programa Justi\u00e7a 4.0, facilitando o monitoramento de bens desde a apreens\u00e3o at\u00e9 a destina\u00e7\u00e3o final (perda, leil\u00e3o ou devolu\u00e7\u00e3o.<\/p>\n\n\n\n<p class=\"has-small-font-size\"><strong>Texto: \u00c9rica Figueredo\/ Foto: Ejurr\u00a0<\/strong><\/p>\n\n\n\n<p><\/p>\n\n\n\n<p><\/p>\n\n\n\n<p><\/p>\n","protected":false},"excerpt":{"rendered":"<p>Para ampliar os conhecimentos sobre o Sistema Nacional de Gest\u00e3o de Bens Apreendido\/CNJ (SNGB), foi promovido no dia 25 de mar\u00e7o o&nbsp; treinamento na \u00e1rea de cadastramento de bens apreendidos no SNGB\/CNJ\/Usu\u00e1rio Externo. A atividade foi ministrada no formato presencial entre 9h e 11h no laborat\u00f3rio de inform\u00e1tica da Ejurr. A inten\u00e7\u00e3o foi promover a [&hellip;]<\/p>\n","protected":false},"author":3,"featured_media":31069,"comment_status":"open","ping_status":"open","sticky":false,"template":"","format":"standard","meta":{"footnotes":""},"categories":[9],"tags":[],"class_list":["post-31068","post","type-post","status-publish","format-standard","has-post-thumbnail","hentry","category-noticias"],"yoast_head":"<!-- This site is optimized with the Yoast SEO plugin v26.6 - https:\/\/yoast.com\/wordpress\/plugins\/seo\/ -->\n<title>Policias civis e escriv\u00e3es participam de curso na \u00e1rea de bens apreendidos - EJURR<\/title>\n<meta name=\"robots\" content=\"index, follow, max-snippet:-1, max-image-preview:large, max-video-preview:-1\" \/>\n<link rel=\"canonical\" href=\"https:\/\/ejurr.tjrr.jus.br\/?p=31068\" \/>\n<meta property=\"og:locale\" content=\"pt_BR\" \/>\n<meta property=\"og:type\" content=\"article\" \/>\n<meta property=\"og:title\" content=\"Policias civis e escriv\u00e3es participam de curso na \u00e1rea de bens apreendidos - EJURR\" \/>\n<meta property=\"og:description\" content=\"Para ampliar os conhecimentos sobre o Sistema Nacional de Gest\u00e3o de Bens Apreendido\/CNJ (SNGB), foi promovido no dia 25 de mar\u00e7o o&nbsp; treinamento na \u00e1rea de cadastramento de bens apreendidos no SNGB\/CNJ\/Usu\u00e1rio Externo. A atividade foi ministrada no formato presencial entre 9h e 11h no laborat\u00f3rio de inform\u00e1tica da Ejurr. A inten\u00e7\u00e3o foi promover a [&hellip;]\" \/>\n<meta property=\"og:url\" content=\"https:\/\/ejurr.tjrr.jus.br\/?p=31068\" \/>\n<meta property=\"og:site_name\" content=\"EJURR\" \/>\n<meta property=\"article:publisher\" content=\"https:\/\/www.facebook.com\/ejurr.tj\" \/>\n<meta property=\"article:published_time\" content=\"2026-04-30T16:07:46+00:00\" \/>\n<meta property=\"article:modified_time\" content=\"2026-04-30T16:09:26+00:00\" \/>\n<meta property=\"og:image\" content=\"https:\/\/ejurr.tjrr.jus.br\/wp-content\/uploads\/2026\/04\/CADASTRAMENTO-DE-BENS-APREENDIDOS-45-scaled.jpg\" \/>\n\t<meta property=\"og:image:width\" content=\"2560\" \/>\n\t<meta property=\"og:image:height\" content=\"1707\" \/>\n\t<meta property=\"og:image:type\" content=\"image\/jpeg\" \/>\n<meta name=\"author\" content=\"\u00c9rica Figueredo\" \/>\n<meta name=\"twitter:card\" content=\"summary_large_image\" \/>\n<meta name=\"twitter:label1\" content=\"Escrito por\" \/>\n\t<meta name=\"twitter:data1\" content=\"\u00c9rica Figueredo\" \/>\n\t<meta name=\"twitter:label2\" content=\"Est. tempo de leitura\" \/>\n\t<meta name=\"twitter:data2\" content=\"3 minutos\" \/>\n<script type=\"application\/ld+json\" class=\"yoast-schema-graph\">{\"@context\":\"https:\/\/schema.org\",\"@graph\":[{\"@type\":\"Article\",\"@id\":\"https:\/\/ejurr.tjrr.jus.br\/?p=31068#article\",\"isPartOf\":{\"@id\":\"https:\/\/ejurr.tjrr.jus.br\/?p=31068\"},\"author\":{\"name\":\"\u00c9rica Figueredo\",\"@id\":\"https:\/\/ejurr.tjrr.jus.br\/#\/schema\/person\/5dce040510816d75c020721e1d0ee85e\"},\"headline\":\"Policias civis e escriv\u00e3es participam de curso na \u00e1rea de bens apreendidos\",\"datePublished\":\"2026-04-30T16:07:46+00:00\",\"dateModified\":\"2026-04-30T16:09:26+00:00\",\"mainEntityOfPage\":{\"@id\":\"https:\/\/ejurr.tjrr.jus.br\/?p=31068\"},\"wordCount\":456,\"commentCount\":0,\"publisher\":{\"@id\":\"https:\/\/ejurr.tjrr.jus.br\/#organization\"},\"image\":{\"@id\":\"https:\/\/ejurr.tjrr.jus.br\/?p=31068#primaryimage\"},\"thumbnailUrl\":\"https:\/\/ejurr.tjrr.jus.br\/wp-content\/uploads\/2026\/04\/CADASTRAMENTO-DE-BENS-APREENDIDOS-45-scaled.jpg\",\"articleSection\":[\"Not\u00edcias\"],\"inLanguage\":\"pt-BR\",\"potentialAction\":[{\"@type\":\"CommentAction\",\"name\":\"Comment\",\"target\":[\"https:\/\/ejurr.tjrr.jus.br\/?p=31068#respond\"]}]},{\"@type\":\"WebPage\",\"@id\":\"https:\/\/ejurr.tjrr.jus.br\/?p=31068\",\"url\":\"https:\/\/ejurr.tjrr.jus.br\/?p=31068\",\"name\":\"Policias civis e escriv\u00e3es participam de curso na \u00e1rea de bens apreendidos - EJURR\",\"isPartOf\":{\"@id\":\"https:\/\/ejurr.tjrr.jus.br\/#website\"},\"primaryImageOfPage\":{\"@id\":\"https:\/\/ejurr.tjrr.jus.br\/?p=31068#primaryimage\"},\"image\":{\"@id\":\"https:\/\/ejurr.tjrr.jus.br\/?p=31068#primaryimage\"},\"thumbnailUrl\":\"https:\/\/ejurr.tjrr.jus.br\/wp-content\/uploads\/2026\/04\/CADASTRAMENTO-DE-BENS-APREENDIDOS-45-scaled.jpg\",\"datePublished\":\"2026-04-30T16:07:46+00:00\",\"dateModified\":\"2026-04-30T16:09:26+00:00\",\"breadcrumb\":{\"@id\":\"https:\/\/ejurr.tjrr.jus.br\/?p=31068#breadcrumb\"},\"inLanguage\":\"pt-BR\",\"potentialAction\":[{\"@type\":\"ReadAction\",\"target\":[\"https:\/\/ejurr.tjrr.jus.br\/?p=31068\"]}]},{\"@type\":\"ImageObject\",\"inLanguage\":\"pt-BR\",\"@id\":\"https:\/\/ejurr.tjrr.jus.br\/?p=31068#primaryimage\",\"url\":\"https:\/\/ejurr.tjrr.jus.br\/wp-content\/uploads\/2026\/04\/CADASTRAMENTO-DE-BENS-APREENDIDOS-45-scaled.jpg\",\"contentUrl\":\"https:\/\/ejurr.tjrr.jus.br\/wp-content\/uploads\/2026\/04\/CADASTRAMENTO-DE-BENS-APREENDIDOS-45-scaled.jpg\",\"width\":2560,\"height\":1707},{\"@type\":\"BreadcrumbList\",\"@id\":\"https:\/\/ejurr.tjrr.jus.br\/?p=31068#breadcrumb\",\"itemListElement\":[{\"@type\":\"ListItem\",\"position\":1,\"name\":\"In\u00edcio\",\"item\":\"https:\/\/ejurr.tjrr.jus.br\/\"},{\"@type\":\"ListItem\",\"position\":2,\"name\":\"Policias civis e escriv\u00e3es participam de curso na \u00e1rea de bens apreendidos\"}]},{\"@type\":\"WebSite\",\"@id\":\"https:\/\/ejurr.tjrr.jus.br\/#website\",\"url\":\"https:\/\/ejurr.tjrr.jus.br\/\",\"name\":\"Escola Judicial de Roraima\",\"description\":\"A Escola Judicial de Roraima \u00e9 uma institui\u00e7\u00e3o de educa\u00e7\u00e3o corporativa mantida pelo Tribunal de Justi\u00e7a do Estado de Roraima. Seu objetivo \u00e9 planejar e executar os cursos de forma\u00e7\u00e3o inicial, capacita\u00e7\u00e3o e aperfei\u00e7oamento dos magistrados, servidores, formadores e colaboradores do Poder Judici\u00e1rio.\",\"publisher\":{\"@id\":\"https:\/\/ejurr.tjrr.jus.br\/#organization\"},\"alternateName\":\"EJURR\",\"potentialAction\":[{\"@type\":\"SearchAction\",\"target\":{\"@type\":\"EntryPoint\",\"urlTemplate\":\"https:\/\/ejurr.tjrr.jus.br\/?s={search_term_string}\"},\"query-input\":{\"@type\":\"PropertyValueSpecification\",\"valueRequired\":true,\"valueName\":\"search_term_string\"}}],\"inLanguage\":\"pt-BR\"},{\"@type\":\"Organization\",\"@id\":\"https:\/\/ejurr.tjrr.jus.br\/#organization\",\"name\":\"Escola Judicial de Roraima\",\"alternateName\":\"EJURR\",\"url\":\"https:\/\/ejurr.tjrr.jus.br\/\",\"logo\":{\"@type\":\"ImageObject\",\"inLanguage\":\"pt-BR\",\"@id\":\"https:\/\/ejurr.tjrr.jus.br\/#\/schema\/logo\/image\/\",\"url\":\"https:\/\/ejurr.tjrr.jus.br\/wp-content\/uploads\/2023\/06\/MIV-EJURR-V.png\",\"contentUrl\":\"https:\/\/ejurr.tjrr.jus.br\/wp-content\/uploads\/2023\/06\/MIV-EJURR-V.png\",\"width\":387,\"height\":369,\"caption\":\"Escola Judicial de Roraima\"},\"image\":{\"@id\":\"https:\/\/ejurr.tjrr.jus.br\/#\/schema\/logo\/image\/\"},\"sameAs\":[\"https:\/\/www.facebook.com\/ejurr.tj\",\"https:\/\/www.instagram.com\/ejurr.tj\/\",\"https:\/\/www.youtube.com\/@ejurr\",\"https:\/\/wa.me\/559531984156\",\"https:\/\/www.flickr.com\/photos\/ejurr_oficial\"]},{\"@type\":\"Person\",\"@id\":\"https:\/\/ejurr.tjrr.jus.br\/#\/schema\/person\/5dce040510816d75c020721e1d0ee85e\",\"name\":\"\u00c9rica Figueredo\",\"image\":{\"@type\":\"ImageObject\",\"inLanguage\":\"pt-BR\",\"@id\":\"https:\/\/ejurr.tjrr.jus.br\/#\/schema\/person\/image\/\",\"url\":\"https:\/\/secure.gravatar.com\/avatar\/ca55ee37aaa0889795b400a799c5c4a9?s=96&d=mm&r=g\",\"contentUrl\":\"https:\/\/secure.gravatar.com\/avatar\/ca55ee37aaa0889795b400a799c5c4a9?s=96&d=mm&r=g\",\"caption\":\"\u00c9rica Figueredo\"},\"sameAs\":[\"http:\/\/ejurr.tjrr.jus.br\"],\"url\":\"https:\/\/ejurr.tjrr.jus.br\/?author=3\"}]}<\/script>\n<!-- \/ Yoast SEO plugin. -->","yoast_head_json":{"title":"Policias civis e escriv\u00e3es participam de curso na \u00e1rea de bens apreendidos - EJURR","robots":{"index":"index","follow":"follow","max-snippet":"max-snippet:-1","max-image-preview":"max-image-preview:large","max-video-preview":"max-video-preview:-1"},"canonical":"https:\/\/ejurr.tjrr.jus.br\/?p=31068","og_locale":"pt_BR","og_type":"article","og_title":"Policias civis e escriv\u00e3es participam de curso na \u00e1rea de bens apreendidos - EJURR","og_description":"Para ampliar os conhecimentos sobre o Sistema Nacional de Gest\u00e3o de Bens Apreendido\/CNJ (SNGB), foi promovido no dia 25 de mar\u00e7o o&nbsp; treinamento na \u00e1rea de cadastramento de bens apreendidos no SNGB\/CNJ\/Usu\u00e1rio Externo. A atividade foi ministrada no formato presencial entre 9h e 11h no laborat\u00f3rio de inform\u00e1tica da Ejurr. A inten\u00e7\u00e3o foi promover a [&hellip;]","og_url":"https:\/\/ejurr.tjrr.jus.br\/?p=31068","og_site_name":"EJURR","article_publisher":"https:\/\/www.facebook.com\/ejurr.tj","article_published_time":"2026-04-30T16:07:46+00:00","article_modified_time":"2026-04-30T16:09:26+00:00","og_image":[{"width":2560,"height":1707,"url":"https:\/\/ejurr.tjrr.jus.br\/wp-content\/uploads\/2026\/04\/CADASTRAMENTO-DE-BENS-APREENDIDOS-45-scaled.jpg","type":"image\/jpeg"}],"author":"\u00c9rica Figueredo","twitter_card":"summary_large_image","twitter_misc":{"Escrito por":"\u00c9rica Figueredo","Est. tempo de leitura":"3 minutos"},"schema":{"@context":"https:\/\/schema.org","@graph":[{"@type":"Article","@id":"https:\/\/ejurr.tjrr.jus.br\/?p=31068#article","isPartOf":{"@id":"https:\/\/ejurr.tjrr.jus.br\/?p=31068"},"author":{"name":"\u00c9rica Figueredo","@id":"https:\/\/ejurr.tjrr.jus.br\/#\/schema\/person\/5dce040510816d75c020721e1d0ee85e"},"headline":"Policias civis e escriv\u00e3es participam de curso na \u00e1rea de bens apreendidos","datePublished":"2026-04-30T16:07:46+00:00","dateModified":"2026-04-30T16:09:26+00:00","mainEntityOfPage":{"@id":"https:\/\/ejurr.tjrr.jus.br\/?p=31068"},"wordCount":456,"commentCount":0,"publisher":{"@id":"https:\/\/ejurr.tjrr.jus.br\/#organization"},"image":{"@id":"https:\/\/ejurr.tjrr.jus.br\/?p=31068#primaryimage"},"thumbnailUrl":"https:\/\/ejurr.tjrr.jus.br\/wp-content\/uploads\/2026\/04\/CADASTRAMENTO-DE-BENS-APREENDIDOS-45-scaled.jpg","articleSection":["Not\u00edcias"],"inLanguage":"pt-BR","potentialAction":[{"@type":"CommentAction","name":"Comment","target":["https:\/\/ejurr.tjrr.jus.br\/?p=31068#respond"]}]},{"@type":"WebPage","@id":"https:\/\/ejurr.tjrr.jus.br\/?p=31068","url":"https:\/\/ejurr.tjrr.jus.br\/?p=31068","name":"Policias civis e escriv\u00e3es participam de curso na \u00e1rea de bens apreendidos - EJURR","isPartOf":{"@id":"https:\/\/ejurr.tjrr.jus.br\/#website"},"primaryImageOfPage":{"@id":"https:\/\/ejurr.tjrr.jus.br\/?p=31068#primaryimage"},"image":{"@id":"https:\/\/ejurr.tjrr.jus.br\/?p=31068#primaryimage"},"thumbnailUrl":"https:\/\/ejurr.tjrr.jus.br\/wp-content\/uploads\/2026\/04\/CADASTRAMENTO-DE-BENS-APREENDIDOS-45-scaled.jpg","datePublished":"2026-04-30T16:07:46+00:00","dateModified":"2026-04-30T16:09:26+00:00","breadcrumb":{"@id":"https:\/\/ejurr.tjrr.jus.br\/?p=31068#breadcrumb"},"inLanguage":"pt-BR","potentialAction":[{"@type":"ReadAction","target":["https:\/\/ejurr.tjrr.jus.br\/?p=31068"]}]},{"@type":"ImageObject","inLanguage":"pt-BR","@id":"https:\/\/ejurr.tjrr.jus.br\/?p=31068#primaryimage","url":"https:\/\/ejurr.tjrr.jus.br\/wp-content\/uploads\/2026\/04\/CADASTRAMENTO-DE-BENS-APREENDIDOS-45-scaled.jpg","contentUrl":"https:\/\/ejurr.tjrr.jus.br\/wp-content\/uploads\/2026\/04\/CADASTRAMENTO-DE-BENS-APREENDIDOS-45-scaled.jpg","width":2560,"height":1707},{"@type":"BreadcrumbList","@id":"https:\/\/ejurr.tjrr.jus.br\/?p=31068#breadcrumb","itemListElement":[{"@type":"ListItem","position":1,"name":"In\u00edcio","item":"https:\/\/ejurr.tjrr.jus.br\/"},{"@type":"ListItem","position":2,"name":"Policias civis e escriv\u00e3es participam de curso na \u00e1rea de bens apreendidos"}]},{"@type":"WebSite","@id":"https:\/\/ejurr.tjrr.jus.br\/#website","url":"https:\/\/ejurr.tjrr.jus.br\/","name":"Escola Judicial de Roraima","description":"A Escola Judicial de Roraima \u00e9 uma institui\u00e7\u00e3o de educa\u00e7\u00e3o corporativa mantida pelo Tribunal de Justi\u00e7a do Estado de Roraima. Seu objetivo \u00e9 planejar e executar os cursos de forma\u00e7\u00e3o inicial, capacita\u00e7\u00e3o e aperfei\u00e7oamento dos magistrados, servidores, formadores e colaboradores do Poder Judici\u00e1rio.","publisher":{"@id":"https:\/\/ejurr.tjrr.jus.br\/#organization"},"alternateName":"EJURR","potentialAction":[{"@type":"SearchAction","target":{"@type":"EntryPoint","urlTemplate":"https:\/\/ejurr.tjrr.jus.br\/?s={search_term_string}"},"query-input":{"@type":"PropertyValueSpecification","valueRequired":true,"valueName":"search_term_string"}}],"inLanguage":"pt-BR"},{"@type":"Organization","@id":"https:\/\/ejurr.tjrr.jus.br\/#organization","name":"Escola Judicial de Roraima","alternateName":"EJURR","url":"https:\/\/ejurr.tjrr.jus.br\/","logo":{"@type":"ImageObject","inLanguage":"pt-BR","@id":"https:\/\/ejurr.tjrr.jus.br\/#\/schema\/logo\/image\/","url":"https:\/\/ejurr.tjrr.jus.br\/wp-content\/uploads\/2023\/06\/MIV-EJURR-V.png","contentUrl":"https:\/\/ejurr.tjrr.jus.br\/wp-content\/uploads\/2023\/06\/MIV-EJURR-V.png","width":387,"height":369,"caption":"Escola Judicial de Roraima"},"image":{"@id":"https:\/\/ejurr.tjrr.jus.br\/#\/schema\/logo\/image\/"},"sameAs":["https:\/\/www.facebook.com\/ejurr.tj","https:\/\/www.instagram.com\/ejurr.tj\/","https:\/\/www.youtube.com\/@ejurr","https:\/\/wa.me\/559531984156","https:\/\/www.flickr.com\/photos\/ejurr_oficial"]},{"@type":"Person","@id":"https:\/\/ejurr.tjrr.jus.br\/#\/schema\/person\/5dce040510816d75c020721e1d0ee85e","name":"\u00c9rica Figueredo","image":{"@type":"ImageObject","inLanguage":"pt-BR","@id":"https:\/\/ejurr.tjrr.jus.br\/#\/schema\/person\/image\/","url":"https:\/\/secure.gravatar.com\/avatar\/ca55ee37aaa0889795b400a799c5c4a9?s=96&d=mm&r=g","contentUrl":"https:\/\/secure.gravatar.com\/avatar\/ca55ee37aaa0889795b400a799c5c4a9?s=96&d=mm&r=g","caption":"\u00c9rica Figueredo"},"sameAs":["http:\/\/ejurr.tjrr.jus.br"],"url":"https:\/\/ejurr.tjrr.jus.br\/?author=3"}]}},"_links":{"self":[{"href":"https:\/\/ejurr.tjrr.jus.br\/index.php?rest_route=\/wp\/v2\/posts\/31068","targetHints":{"allow":["GET"]}}],"collection":[{"href":"https:\/\/ejurr.tjrr.jus.br\/index.php?rest_route=\/wp\/v2\/posts"}],"about":[{"href":"https:\/\/ejurr.tjrr.jus.br\/index.php?rest_route=\/wp\/v2\/types\/post"}],"author":[{"embeddable":true,"href":"https:\/\/ejurr.tjrr.jus.br\/index.php?rest_route=\/wp\/v2\/users\/3"}],"replies":[{"embeddable":true,"href":"https:\/\/ejurr.tjrr.jus.br\/index.php?rest_route=%2Fwp%2Fv2%2Fcomments&post=31068"}],"version-history":[{"count":6,"href":"https:\/\/ejurr.tjrr.jus.br\/index.php?rest_route=\/wp\/v2\/posts\/31068\/revisions"}],"predecessor-version":[{"id":31075,"href":"https:\/\/ejurr.tjrr.jus.br\/index.php?rest_route=\/wp\/v2\/posts\/31068\/revisions\/31075"}],"wp:featuredmedia":[{"embeddable":true,"href":"https:\/\/ejurr.tjrr.jus.br\/index.php?rest_route=\/wp\/v2\/media\/31069"}],"wp:attachment":[{"href":"https:\/\/ejurr.tjrr.jus.br\/index.php?rest_route=%2Fwp%2Fv2%2Fmedia&parent=31068"}],"wp:term":[{"taxonomy":"category","embeddable":true,"href":"https:\/\/ejurr.tjrr.jus.br\/index.php?rest_route=%2Fwp%2Fv2%2Fcategories&post=31068"},{"taxonomy":"post_tag","embeddable":true,"href":"https:\/\/ejurr.tjrr.jus.br\/index.php?rest_route=%2Fwp%2Fv2%2Ftags&post=31068"}],"curies":[{"name":"wp","href":"https:\/\/api.w.org\/{rel}","templated":true}]}}