{"id":31055,"date":"2026-04-30T12:20:00","date_gmt":"2026-04-30T16:20:00","guid":{"rendered":"https:\/\/ejurr.tjrr.jus.br\/?p=31055"},"modified":"2026-04-30T12:19:39","modified_gmt":"2026-04-30T16:19:39","slug":"ejurr-abre-inscricoes-para-encontro-de-maes-atipicas-em-alusao-ao-dia-das-maes","status":"publish","type":"post","link":"https:\/\/ejurr.tjrr.jus.br\/?p=31055","title":{"rendered":"Ejurr abre inscri\u00e7\u00f5es para Encontro de M\u00e3es At\u00edpicas em alus\u00e3o ao Dia das M\u00e3es"},"content":{"rendered":"\n<p style=\"font-size:17px\">A Escola Judicial de Roraima (Ejurr) est\u00e1 com inscri\u00e7\u00f5es abertas para a Roda de Conversa &#8220;Encontro de M\u00e3es At\u00edpicas: desafios, afeto e hist\u00f3rias que inspiram&#8221;, que ser\u00e1 realizada no dia 08 de maio, \u00e0s 9h30, em formato h\u00edbrido, com participa\u00e7\u00e3o presencial e transmiss\u00e3o ao vivo pelo YouTube.<\/p>\n\n\n\n<p>Promovido pela Comiss\u00e3o Permanente de Acessibilidade e Inclus\u00e3o (CPAI) e pelo Setor de Acessibilidade e Inclus\u00e3o (SAINC), o evento \u00e9 realizado em alus\u00e3o ao dia das m\u00e3es e tem como objetivo promover um espa\u00e7o de escuta, acolhimento e troca de experi\u00eancias entre m\u00e3es at\u00edpicas, valorizando suas viv\u00eancias, fortalecendo v\u00ednculos e incentivando o cuidado com a sa\u00fade emocional.<\/p>\n\n\n\n<p>A roda de conversa ser\u00e1 mediada pela presidente da CPAI, desembargadora T\u00e2nia Vasconcelos, e contar\u00e1 com a participa\u00e7\u00e3o da psic\u00f3loga Jussara Barbosa, al\u00e9m de m\u00e3es at\u00edpicas convidadas, que ir\u00e3o compartilhar suas trajet\u00f3rias e desafios.<\/p>\n\n\n\n<h2 class=\"wp-block-heading has-medium-font-size\"><strong>Inclus\u00e3o e valoriza\u00e7\u00e3o da maternidade<\/strong><\/h2>\n\n\n\n<p>Entre os temas que ser\u00e3o abordados est\u00e3o o impacto do diagn\u00f3stico na vida da m\u00e3e, a import\u00e2ncia da rede de apoio, sa\u00fade emocional e autocuidado materno, preconceito e desafios sociais, al\u00e9m das conquistas que marcam essa jornada.<\/p>\n\n\n\n<p>Al\u00e9m do momento de di\u00e1logo, a programa\u00e7\u00e3o do Encontro inclui a \u201cBlitz da Beleza\u201d, uma a\u00e7\u00e3o voltada ao bem-estar das participantes, com spa para p\u00e9s e m\u00e3os, massagens oferecidas pelo Instituto Harmonia e exposi\u00e7\u00e3o e comercializa\u00e7\u00e3o de produtos de beleza, proporcionando um momento de cuidado, relaxamento e valoriza\u00e7\u00e3o pessoal.<\/p>\n\n\n\n<p>Para a diretora da Ejurr e presidente da CPAI, desembargadora T\u00e2nia Vasconcelos, o encontro representa uma oportunidade de acolhimento e valoriza\u00e7\u00e3o dessas mulheres. \u201cEste encontro foi pensado com muito carinho para oferecer n\u00e3o apenas um espa\u00e7o de di\u00e1logo, mas, sobretudo, de acolhimento e escuta sens\u00edvel. Sabemos que a maternidade at\u00edpica traz desafios intensos e \u00e9 fundamental criar momentos em que essas m\u00e3es possam se reconhecer, compartilhar suas experi\u00eancias e se fortalecer emocionalmente\u201d, disse.<\/p>\n\n\n\n<p>Com o intuito de construir e expandir redes de apoio, a a\u00e7\u00e3o contar\u00e1 com acessibilidade na L\u00edngua Brasileira de Sinais (LIBRAS), garantindo a ampla participa\u00e7\u00e3o no debate. O evento \u00e9 voltado para magistradas e servidoras do TJRR, m\u00e3es at\u00edpicas, familiares, cuidadores e comunidade em geral. <\/p>\n\n\n\n<p>A palestra presencial ocorrer\u00e1 na sede da Ejurr, na sala 415. As inscri\u00e7\u00f5es s\u00e3o gratuitas e podem ser realizadas por meio do <a href=\"https:\/\/ejurr.tjrr.jus.br\/?p=31013\">site da escola<\/a>. Mais informa\u00e7\u00f5es devem ser acessadas pelo<a href=\"https:\/\/diario.tjrr.jus.br\/dpj\/dpj-20260427.pdf#page=8\"> edital.<\/a><\/p>\n\n\n\n<h2 class=\"wp-block-heading has-medium-font-size\"><strong>Curr\u00edculo das Convidadas<\/strong><\/h2>\n\n\n\n<p>Jussara Barbosa \u00e9 neuropsic\u00f3loga e Psicopedagoga e chefe do N\u00facleo de Acessibilidade e Inclus\u00e3o da UERR.&nbsp;<\/p>\n\n\n\n<p>Ana Carolina Os\u00f3rio e Silva Rotondo \u00e9 fonoaudi\u00f3loga e m\u00e3e at\u00edpica.&nbsp;<\/p>\n\n\n\n<p>Uberlande Praseres Vasconcelos \u00e9 m\u00e3e at\u00edpica e presidente da Associa\u00e7\u00e3o de M\u00e3es At\u00edpicas de Roraima (AMARR).<\/p>\n\n\n\n<p>Damaris Arruda faz parte do Conselho Estadual dos Direitos da Pessoa com Defici\u00eancia (COEDE\/RR) e m\u00e3e at\u00edpica.&nbsp;<\/p>\n\n\n\n<p>Nilsara Moraes \u00e9 jornalista, m\u00e3e at\u00edpica e servidora p\u00fablica do Tribunal de justi\u00e7a de Roraima.&nbsp;<\/p>\n\n\n\n<figure class=\"wp-block-image size-large\"><img fetchpriority=\"high\" decoding=\"async\" width=\"1024\" height=\"705\" src=\"https:\/\/ejurr.tjrr.jus.br\/wp-content\/uploads\/2026\/04\/WhatsApp-Image-2026-04-27-at-08.31.35-2-1024x705.jpeg\" alt=\"\" class=\"wp-image-31057\" srcset=\"https:\/\/ejurr.tjrr.jus.br\/wp-content\/uploads\/2026\/04\/WhatsApp-Image-2026-04-27-at-08.31.35-2-1024x705.jpeg 1024w, https:\/\/ejurr.tjrr.jus.br\/wp-content\/uploads\/2026\/04\/WhatsApp-Image-2026-04-27-at-08.31.35-2-300x207.jpeg 300w, https:\/\/ejurr.tjrr.jus.br\/wp-content\/uploads\/2026\/04\/WhatsApp-Image-2026-04-27-at-08.31.35-2-768x529.jpeg 768w, https:\/\/ejurr.tjrr.jus.br\/wp-content\/uploads\/2026\/04\/WhatsApp-Image-2026-04-27-at-08.31.35-2.jpeg 1080w\" sizes=\"(max-width: 1024px) 100vw, 1024px\" \/><\/figure>\n\n\n\n<p class=\"has-small-font-size\"><strong>Foto: <\/strong>Divulga\u00e7\u00e3o\/<strong>Texto:<\/strong> Patr\u00edcia Pinheiro\/Ejurr<\/p>\n\n\n\n<p class=\"has-small-font-size\">O portal da Ejurr oferece recursos de acessibilidade por meio da plataforma Ryben\u00e1.<\/p>\n\n\n\n<p><\/p>\n","protected":false},"excerpt":{"rendered":"<p>A Escola Judicial de Roraima (Ejurr) est\u00e1 com inscri\u00e7\u00f5es abertas para a Roda de Conversa &#8220;Encontro de M\u00e3es At\u00edpicas: desafios, afeto e hist\u00f3rias que inspiram&#8221;, que ser\u00e1 realizada no dia 08 de maio, \u00e0s 9h30, em formato h\u00edbrido, com participa\u00e7\u00e3o presencial e transmiss\u00e3o ao vivo pelo YouTube. Promovido pela Comiss\u00e3o Permanente de Acessibilidade e Inclus\u00e3o [&hellip;]<\/p>\n","protected":false},"author":10,"featured_media":31056,"comment_status":"open","ping_status":"open","sticky":false,"template":"","format":"standard","meta":{"footnotes":""},"categories":[9],"tags":[],"class_list":["post-31055","post","type-post","status-publish","format-standard","has-post-thumbnail","hentry","category-noticias"],"yoast_head":"<!-- This site is optimized with the Yoast SEO plugin v26.6 - https:\/\/yoast.com\/wordpress\/plugins\/seo\/ -->\n<title>Ejurr abre inscri\u00e7\u00f5es para Encontro de M\u00e3es At\u00edpicas em alus\u00e3o ao Dia das M\u00e3es - EJURR<\/title>\n<meta name=\"description\" content=\"A Escola Judicial de Roraima est\u00e1 com inscri\u00e7\u00f5es abertas para a Roda de Conversa \u201cEncontro de M\u00e3es At\u00edpicas: desafios, afeto e hist\u00f3rias que inspiram\u201d\" \/>\n<meta name=\"robots\" content=\"index, follow, max-snippet:-1, max-image-preview:large, max-video-preview:-1\" \/>\n<link rel=\"canonical\" href=\"https:\/\/ejurr.tjrr.jus.br\/?p=31055\" \/>\n<meta property=\"og:locale\" content=\"pt_BR\" \/>\n<meta property=\"og:type\" content=\"article\" \/>\n<meta property=\"og:title\" content=\"Ejurr abre inscri\u00e7\u00f5es para Encontro de M\u00e3es At\u00edpicas em alus\u00e3o ao Dia das M\u00e3es - EJURR\" \/>\n<meta property=\"og:description\" content=\"A Escola Judicial de Roraima est\u00e1 com inscri\u00e7\u00f5es abertas para a Roda de Conversa \u201cEncontro de M\u00e3es At\u00edpicas: desafios, afeto e hist\u00f3rias que inspiram\u201d\" \/>\n<meta property=\"og:url\" content=\"https:\/\/ejurr.tjrr.jus.br\/?p=31055\" \/>\n<meta property=\"og:site_name\" content=\"EJURR\" \/>\n<meta property=\"article:publisher\" content=\"https:\/\/www.facebook.com\/ejurr.tj\" \/>\n<meta property=\"article:published_time\" content=\"2026-04-30T16:20:00+00:00\" \/>\n<meta property=\"og:image\" content=\"https:\/\/ejurr.tjrr.jus.br\/wp-content\/uploads\/2026\/04\/WhatsApp-Image-2026-04-27-at-08.31.35-1.jpeg\" \/>\n\t<meta property=\"og:image:width\" content=\"1080\" \/>\n\t<meta property=\"og:image:height\" content=\"744\" \/>\n\t<meta property=\"og:image:type\" content=\"image\/jpeg\" \/>\n<meta name=\"author\" content=\"Yasmin Tavares Vieira\" \/>\n<meta name=\"twitter:card\" content=\"summary_large_image\" \/>\n<meta name=\"twitter:label1\" content=\"Escrito por\" \/>\n\t<meta name=\"twitter:data1\" content=\"Yasmin Tavares Vieira\" \/>\n\t<meta name=\"twitter:label2\" content=\"Est. tempo de leitura\" \/>\n\t<meta name=\"twitter:data2\" content=\"4 minutos\" \/>\n<script type=\"application\/ld+json\" class=\"yoast-schema-graph\">{\"@context\":\"https:\/\/schema.org\",\"@graph\":[{\"@type\":\"Article\",\"@id\":\"https:\/\/ejurr.tjrr.jus.br\/?p=31055#article\",\"isPartOf\":{\"@id\":\"https:\/\/ejurr.tjrr.jus.br\/?p=31055\"},\"author\":{\"name\":\"Yasmin Tavares Vieira\",\"@id\":\"https:\/\/ejurr.tjrr.jus.br\/#\/schema\/person\/f1b6f5e2c7fb49f1a29a80b47c588a4f\"},\"headline\":\"Ejurr abre inscri\u00e7\u00f5es para Encontro de M\u00e3es At\u00edpicas em alus\u00e3o ao Dia das M\u00e3es\",\"datePublished\":\"2026-04-30T16:20:00+00:00\",\"mainEntityOfPage\":{\"@id\":\"https:\/\/ejurr.tjrr.jus.br\/?p=31055\"},\"wordCount\":575,\"commentCount\":0,\"publisher\":{\"@id\":\"https:\/\/ejurr.tjrr.jus.br\/#organization\"},\"image\":{\"@id\":\"https:\/\/ejurr.tjrr.jus.br\/?p=31055#primaryimage\"},\"thumbnailUrl\":\"https:\/\/ejurr.tjrr.jus.br\/wp-content\/uploads\/2026\/04\/WhatsApp-Image-2026-04-27-at-08.31.35-1.jpeg\",\"articleSection\":[\"Not\u00edcias\"],\"inLanguage\":\"pt-BR\",\"potentialAction\":[{\"@type\":\"CommentAction\",\"name\":\"Comment\",\"target\":[\"https:\/\/ejurr.tjrr.jus.br\/?p=31055#respond\"]}]},{\"@type\":\"WebPage\",\"@id\":\"https:\/\/ejurr.tjrr.jus.br\/?p=31055\",\"url\":\"https:\/\/ejurr.tjrr.jus.br\/?p=31055\",\"name\":\"Ejurr abre inscri\u00e7\u00f5es para Encontro de M\u00e3es At\u00edpicas em alus\u00e3o ao Dia das M\u00e3es - EJURR\",\"isPartOf\":{\"@id\":\"https:\/\/ejurr.tjrr.jus.br\/#website\"},\"primaryImageOfPage\":{\"@id\":\"https:\/\/ejurr.tjrr.jus.br\/?p=31055#primaryimage\"},\"image\":{\"@id\":\"https:\/\/ejurr.tjrr.jus.br\/?p=31055#primaryimage\"},\"thumbnailUrl\":\"https:\/\/ejurr.tjrr.jus.br\/wp-content\/uploads\/2026\/04\/WhatsApp-Image-2026-04-27-at-08.31.35-1.jpeg\",\"datePublished\":\"2026-04-30T16:20:00+00:00\",\"description\":\"A Escola Judicial de Roraima est\u00e1 com inscri\u00e7\u00f5es abertas para a Roda de Conversa \u201cEncontro de M\u00e3es At\u00edpicas: desafios, afeto e hist\u00f3rias que inspiram\u201d\",\"breadcrumb\":{\"@id\":\"https:\/\/ejurr.tjrr.jus.br\/?p=31055#breadcrumb\"},\"inLanguage\":\"pt-BR\",\"potentialAction\":[{\"@type\":\"ReadAction\",\"target\":[\"https:\/\/ejurr.tjrr.jus.br\/?p=31055\"]}]},{\"@type\":\"ImageObject\",\"inLanguage\":\"pt-BR\",\"@id\":\"https:\/\/ejurr.tjrr.jus.br\/?p=31055#primaryimage\",\"url\":\"https:\/\/ejurr.tjrr.jus.br\/wp-content\/uploads\/2026\/04\/WhatsApp-Image-2026-04-27-at-08.31.35-1.jpeg\",\"contentUrl\":\"https:\/\/ejurr.tjrr.jus.br\/wp-content\/uploads\/2026\/04\/WhatsApp-Image-2026-04-27-at-08.31.35-1.jpeg\",\"width\":1080,\"height\":744},{\"@type\":\"BreadcrumbList\",\"@id\":\"https:\/\/ejurr.tjrr.jus.br\/?p=31055#breadcrumb\",\"itemListElement\":[{\"@type\":\"ListItem\",\"position\":1,\"name\":\"In\u00edcio\",\"item\":\"https:\/\/ejurr.tjrr.jus.br\/\"},{\"@type\":\"ListItem\",\"position\":2,\"name\":\"Ejurr abre inscri\u00e7\u00f5es para Encontro de M\u00e3es At\u00edpicas em alus\u00e3o ao Dia das M\u00e3es\"}]},{\"@type\":\"WebSite\",\"@id\":\"https:\/\/ejurr.tjrr.jus.br\/#website\",\"url\":\"https:\/\/ejurr.tjrr.jus.br\/\",\"name\":\"Escola Judicial de Roraima\",\"description\":\"A Escola Judicial de Roraima \u00e9 uma institui\u00e7\u00e3o de educa\u00e7\u00e3o corporativa mantida pelo Tribunal de Justi\u00e7a do Estado de Roraima. Seu objetivo \u00e9 planejar e executar os cursos de forma\u00e7\u00e3o inicial, capacita\u00e7\u00e3o e aperfei\u00e7oamento dos magistrados, servidores, formadores e colaboradores do Poder Judici\u00e1rio.\",\"publisher\":{\"@id\":\"https:\/\/ejurr.tjrr.jus.br\/#organization\"},\"alternateName\":\"EJURR\",\"potentialAction\":[{\"@type\":\"SearchAction\",\"target\":{\"@type\":\"EntryPoint\",\"urlTemplate\":\"https:\/\/ejurr.tjrr.jus.br\/?s={search_term_string}\"},\"query-input\":{\"@type\":\"PropertyValueSpecification\",\"valueRequired\":true,\"valueName\":\"search_term_string\"}}],\"inLanguage\":\"pt-BR\"},{\"@type\":\"Organization\",\"@id\":\"https:\/\/ejurr.tjrr.jus.br\/#organization\",\"name\":\"Escola Judicial de Roraima\",\"alternateName\":\"EJURR\",\"url\":\"https:\/\/ejurr.tjrr.jus.br\/\",\"logo\":{\"@type\":\"ImageObject\",\"inLanguage\":\"pt-BR\",\"@id\":\"https:\/\/ejurr.tjrr.jus.br\/#\/schema\/logo\/image\/\",\"url\":\"https:\/\/ejurr.tjrr.jus.br\/wp-content\/uploads\/2023\/06\/MIV-EJURR-V.png\",\"contentUrl\":\"https:\/\/ejurr.tjrr.jus.br\/wp-content\/uploads\/2023\/06\/MIV-EJURR-V.png\",\"width\":387,\"height\":369,\"caption\":\"Escola Judicial de Roraima\"},\"image\":{\"@id\":\"https:\/\/ejurr.tjrr.jus.br\/#\/schema\/logo\/image\/\"},\"sameAs\":[\"https:\/\/www.facebook.com\/ejurr.tj\",\"https:\/\/www.instagram.com\/ejurr.tj\/\",\"https:\/\/www.youtube.com\/@ejurr\",\"https:\/\/wa.me\/559531984156\",\"https:\/\/www.flickr.com\/photos\/ejurr_oficial\"]},{\"@type\":\"Person\",\"@id\":\"https:\/\/ejurr.tjrr.jus.br\/#\/schema\/person\/f1b6f5e2c7fb49f1a29a80b47c588a4f\",\"name\":\"Yasmin Tavares Vieira\",\"image\":{\"@type\":\"ImageObject\",\"inLanguage\":\"pt-BR\",\"@id\":\"https:\/\/ejurr.tjrr.jus.br\/#\/schema\/person\/image\/\",\"url\":\"https:\/\/secure.gravatar.com\/avatar\/35ac5710a0c40cd8f2db0c66b83e8a66?s=96&d=mm&r=g\",\"contentUrl\":\"https:\/\/secure.gravatar.com\/avatar\/35ac5710a0c40cd8f2db0c66b83e8a66?s=96&d=mm&r=g\",\"caption\":\"Yasmin Tavares Vieira\"},\"sameAs\":[\"http:\/\/ejurr.tjrr.jus.br\"],\"url\":\"https:\/\/ejurr.tjrr.jus.br\/?author=10\"}]}<\/script>\n<!-- \/ Yoast SEO plugin. -->","yoast_head_json":{"title":"Ejurr abre inscri\u00e7\u00f5es para Encontro de M\u00e3es At\u00edpicas em alus\u00e3o ao Dia das M\u00e3es - EJURR","description":"A Escola Judicial de Roraima est\u00e1 com inscri\u00e7\u00f5es abertas para a Roda de Conversa \u201cEncontro de M\u00e3es At\u00edpicas: desafios, afeto e hist\u00f3rias que inspiram\u201d","robots":{"index":"index","follow":"follow","max-snippet":"max-snippet:-1","max-image-preview":"max-image-preview:large","max-video-preview":"max-video-preview:-1"},"canonical":"https:\/\/ejurr.tjrr.jus.br\/?p=31055","og_locale":"pt_BR","og_type":"article","og_title":"Ejurr abre inscri\u00e7\u00f5es para Encontro de M\u00e3es At\u00edpicas em alus\u00e3o ao Dia das M\u00e3es - EJURR","og_description":"A Escola Judicial de Roraima est\u00e1 com inscri\u00e7\u00f5es abertas para a Roda de Conversa \u201cEncontro de M\u00e3es At\u00edpicas: desafios, afeto e hist\u00f3rias que inspiram\u201d","og_url":"https:\/\/ejurr.tjrr.jus.br\/?p=31055","og_site_name":"EJURR","article_publisher":"https:\/\/www.facebook.com\/ejurr.tj","article_published_time":"2026-04-30T16:20:00+00:00","og_image":[{"width":1080,"height":744,"url":"https:\/\/ejurr.tjrr.jus.br\/wp-content\/uploads\/2026\/04\/WhatsApp-Image-2026-04-27-at-08.31.35-1.jpeg","type":"image\/jpeg"}],"author":"Yasmin Tavares Vieira","twitter_card":"summary_large_image","twitter_misc":{"Escrito por":"Yasmin Tavares Vieira","Est. tempo de leitura":"4 minutos"},"schema":{"@context":"https:\/\/schema.org","@graph":[{"@type":"Article","@id":"https:\/\/ejurr.tjrr.jus.br\/?p=31055#article","isPartOf":{"@id":"https:\/\/ejurr.tjrr.jus.br\/?p=31055"},"author":{"name":"Yasmin Tavares Vieira","@id":"https:\/\/ejurr.tjrr.jus.br\/#\/schema\/person\/f1b6f5e2c7fb49f1a29a80b47c588a4f"},"headline":"Ejurr abre inscri\u00e7\u00f5es para Encontro de M\u00e3es At\u00edpicas em alus\u00e3o ao Dia das M\u00e3es","datePublished":"2026-04-30T16:20:00+00:00","mainEntityOfPage":{"@id":"https:\/\/ejurr.tjrr.jus.br\/?p=31055"},"wordCount":575,"commentCount":0,"publisher":{"@id":"https:\/\/ejurr.tjrr.jus.br\/#organization"},"image":{"@id":"https:\/\/ejurr.tjrr.jus.br\/?p=31055#primaryimage"},"thumbnailUrl":"https:\/\/ejurr.tjrr.jus.br\/wp-content\/uploads\/2026\/04\/WhatsApp-Image-2026-04-27-at-08.31.35-1.jpeg","articleSection":["Not\u00edcias"],"inLanguage":"pt-BR","potentialAction":[{"@type":"CommentAction","name":"Comment","target":["https:\/\/ejurr.tjrr.jus.br\/?p=31055#respond"]}]},{"@type":"WebPage","@id":"https:\/\/ejurr.tjrr.jus.br\/?p=31055","url":"https:\/\/ejurr.tjrr.jus.br\/?p=31055","name":"Ejurr abre inscri\u00e7\u00f5es para Encontro de M\u00e3es At\u00edpicas em alus\u00e3o ao Dia das M\u00e3es - EJURR","isPartOf":{"@id":"https:\/\/ejurr.tjrr.jus.br\/#website"},"primaryImageOfPage":{"@id":"https:\/\/ejurr.tjrr.jus.br\/?p=31055#primaryimage"},"image":{"@id":"https:\/\/ejurr.tjrr.jus.br\/?p=31055#primaryimage"},"thumbnailUrl":"https:\/\/ejurr.tjrr.jus.br\/wp-content\/uploads\/2026\/04\/WhatsApp-Image-2026-04-27-at-08.31.35-1.jpeg","datePublished":"2026-04-30T16:20:00+00:00","description":"A Escola Judicial de Roraima est\u00e1 com inscri\u00e7\u00f5es abertas para a Roda de Conversa \u201cEncontro de M\u00e3es At\u00edpicas: desafios, afeto e hist\u00f3rias que inspiram\u201d","breadcrumb":{"@id":"https:\/\/ejurr.tjrr.jus.br\/?p=31055#breadcrumb"},"inLanguage":"pt-BR","potentialAction":[{"@type":"ReadAction","target":["https:\/\/ejurr.tjrr.jus.br\/?p=31055"]}]},{"@type":"ImageObject","inLanguage":"pt-BR","@id":"https:\/\/ejurr.tjrr.jus.br\/?p=31055#primaryimage","url":"https:\/\/ejurr.tjrr.jus.br\/wp-content\/uploads\/2026\/04\/WhatsApp-Image-2026-04-27-at-08.31.35-1.jpeg","contentUrl":"https:\/\/ejurr.tjrr.jus.br\/wp-content\/uploads\/2026\/04\/WhatsApp-Image-2026-04-27-at-08.31.35-1.jpeg","width":1080,"height":744},{"@type":"BreadcrumbList","@id":"https:\/\/ejurr.tjrr.jus.br\/?p=31055#breadcrumb","itemListElement":[{"@type":"ListItem","position":1,"name":"In\u00edcio","item":"https:\/\/ejurr.tjrr.jus.br\/"},{"@type":"ListItem","position":2,"name":"Ejurr abre inscri\u00e7\u00f5es para Encontro de M\u00e3es At\u00edpicas em alus\u00e3o ao Dia das M\u00e3es"}]},{"@type":"WebSite","@id":"https:\/\/ejurr.tjrr.jus.br\/#website","url":"https:\/\/ejurr.tjrr.jus.br\/","name":"Escola Judicial de Roraima","description":"A Escola Judicial de Roraima \u00e9 uma institui\u00e7\u00e3o de educa\u00e7\u00e3o corporativa mantida pelo Tribunal de Justi\u00e7a do Estado de Roraima. Seu objetivo \u00e9 planejar e executar os cursos de forma\u00e7\u00e3o inicial, capacita\u00e7\u00e3o e aperfei\u00e7oamento dos magistrados, servidores, formadores e colaboradores do Poder Judici\u00e1rio.","publisher":{"@id":"https:\/\/ejurr.tjrr.jus.br\/#organization"},"alternateName":"EJURR","potentialAction":[{"@type":"SearchAction","target":{"@type":"EntryPoint","urlTemplate":"https:\/\/ejurr.tjrr.jus.br\/?s={search_term_string}"},"query-input":{"@type":"PropertyValueSpecification","valueRequired":true,"valueName":"search_term_string"}}],"inLanguage":"pt-BR"},{"@type":"Organization","@id":"https:\/\/ejurr.tjrr.jus.br\/#organization","name":"Escola Judicial de Roraima","alternateName":"EJURR","url":"https:\/\/ejurr.tjrr.jus.br\/","logo":{"@type":"ImageObject","inLanguage":"pt-BR","@id":"https:\/\/ejurr.tjrr.jus.br\/#\/schema\/logo\/image\/","url":"https:\/\/ejurr.tjrr.jus.br\/wp-content\/uploads\/2023\/06\/MIV-EJURR-V.png","contentUrl":"https:\/\/ejurr.tjrr.jus.br\/wp-content\/uploads\/2023\/06\/MIV-EJURR-V.png","width":387,"height":369,"caption":"Escola Judicial de Roraima"},"image":{"@id":"https:\/\/ejurr.tjrr.jus.br\/#\/schema\/logo\/image\/"},"sameAs":["https:\/\/www.facebook.com\/ejurr.tj","https:\/\/www.instagram.com\/ejurr.tj\/","https:\/\/www.youtube.com\/@ejurr","https:\/\/wa.me\/559531984156","https:\/\/www.flickr.com\/photos\/ejurr_oficial"]},{"@type":"Person","@id":"https:\/\/ejurr.tjrr.jus.br\/#\/schema\/person\/f1b6f5e2c7fb49f1a29a80b47c588a4f","name":"Yasmin Tavares Vieira","image":{"@type":"ImageObject","inLanguage":"pt-BR","@id":"https:\/\/ejurr.tjrr.jus.br\/#\/schema\/person\/image\/","url":"https:\/\/secure.gravatar.com\/avatar\/35ac5710a0c40cd8f2db0c66b83e8a66?s=96&d=mm&r=g","contentUrl":"https:\/\/secure.gravatar.com\/avatar\/35ac5710a0c40cd8f2db0c66b83e8a66?s=96&d=mm&r=g","caption":"Yasmin Tavares Vieira"},"sameAs":["http:\/\/ejurr.tjrr.jus.br"],"url":"https:\/\/ejurr.tjrr.jus.br\/?author=10"}]}},"_links":{"self":[{"href":"https:\/\/ejurr.tjrr.jus.br\/index.php?rest_route=\/wp\/v2\/posts\/31055","targetHints":{"allow":["GET"]}}],"collection":[{"href":"https:\/\/ejurr.tjrr.jus.br\/index.php?rest_route=\/wp\/v2\/posts"}],"about":[{"href":"https:\/\/ejurr.tjrr.jus.br\/index.php?rest_route=\/wp\/v2\/types\/post"}],"author":[{"embeddable":true,"href":"https:\/\/ejurr.tjrr.jus.br\/index.php?rest_route=\/wp\/v2\/users\/10"}],"replies":[{"embeddable":true,"href":"https:\/\/ejurr.tjrr.jus.br\/index.php?rest_route=%2Fwp%2Fv2%2Fcomments&post=31055"}],"version-history":[{"count":5,"href":"https:\/\/ejurr.tjrr.jus.br\/index.php?rest_route=\/wp\/v2\/posts\/31055\/revisions"}],"predecessor-version":[{"id":31067,"href":"https:\/\/ejurr.tjrr.jus.br\/index.php?rest_route=\/wp\/v2\/posts\/31055\/revisions\/31067"}],"wp:featuredmedia":[{"embeddable":true,"href":"https:\/\/ejurr.tjrr.jus.br\/index.php?rest_route=\/wp\/v2\/media\/31056"}],"wp:attachment":[{"href":"https:\/\/ejurr.tjrr.jus.br\/index.php?rest_route=%2Fwp%2Fv2%2Fmedia&parent=31055"}],"wp:term":[{"taxonomy":"category","embeddable":true,"href":"https:\/\/ejurr.tjrr.jus.br\/index.php?rest_route=%2Fwp%2Fv2%2Fcategories&post=31055"},{"taxonomy":"post_tag","embeddable":true,"href":"https:\/\/ejurr.tjrr.jus.br\/index.php?rest_route=%2Fwp%2Fv2%2Ftags&post=31055"}],"curies":[{"name":"wp","href":"https:\/\/api.w.org\/{rel}","templated":true}]}}