{"id":31053,"date":"2026-04-30T16:39:53","date_gmt":"2026-04-30T20:39:53","guid":{"rendered":"https:\/\/ejurr.tjrr.jus.br\/?p=31053"},"modified":"2026-04-30T16:39:54","modified_gmt":"2026-04-30T20:39:54","slug":"lei-antifaccao-sera-tema-de-curso-na-ejurr","status":"publish","type":"post","link":"https:\/\/ejurr.tjrr.jus.br\/?p=31053","title":{"rendered":"Lei Antifac\u00e7\u00e3o ser\u00e1 tema de curso na Ejurr"},"content":{"rendered":"\n<figure class=\"wp-block-image size-large\"><img fetchpriority=\"high\" decoding=\"async\" width=\"1024\" height=\"683\" src=\"https:\/\/ejurr.tjrr.jus.br\/wp-content\/uploads\/2026\/04\/DR.ROGERIO-SANCHES-29-1024x683.jpg\" alt=\"\" class=\"wp-image-31058\" srcset=\"https:\/\/ejurr.tjrr.jus.br\/wp-content\/uploads\/2026\/04\/DR.ROGERIO-SANCHES-29-1024x683.jpg 1024w, https:\/\/ejurr.tjrr.jus.br\/wp-content\/uploads\/2026\/04\/DR.ROGERIO-SANCHES-29-300x200.jpg 300w, https:\/\/ejurr.tjrr.jus.br\/wp-content\/uploads\/2026\/04\/DR.ROGERIO-SANCHES-29-768x512.jpg 768w, https:\/\/ejurr.tjrr.jus.br\/wp-content\/uploads\/2026\/04\/DR.ROGERIO-SANCHES-29-1536x1024.jpg 1536w, https:\/\/ejurr.tjrr.jus.br\/wp-content\/uploads\/2026\/04\/DR.ROGERIO-SANCHES-29-2048x1365.jpg 2048w\" sizes=\"(max-width: 1024px) 100vw, 1024px\" \/><\/figure>\n\n\n\n<p>Entre os dias 11 e 15 de maio, a Escola Judicial de Roraima promover\u00e1 o curso&nbsp; \u201cLei Antifac\u00e7\u00e3o (Lei n\u00ba 15.358\/2026): novos instrumentos penais e processuais no combate ao crime organizado&#8221;. As aulas ser\u00e3o ministradas pelo promotor de justi\u00e7a de SP, Rog\u00e9rio Sanches.<\/p>\n\n\n\n<p>Com carga hor\u00e1ria de 8 horas, a capacita\u00e7\u00e3o ser\u00e1 oferecida em car\u00e1ter autoinstrucional, no formato EaD ass\u00edncrono, atrav\u00e9s do Ambiente Virtual de Aprendizagem da EJURR (Class Room). Ser\u00e3o ofertadas 100 vagas para magistradas, magistrados, servidoras e servidores do TJRR.<\/p>\n\n\n\n<p>O objetivo \u00e9 capacitar os participantes para interpretar e aplicar corretamente a Lei n\u00ba 15.358\/2026, especialmente no enfrentamento da criminalidade organizada de alta complexidade.&nbsp; A&nbsp;lei, sancionada em 24 de mar\u00e7o de 2026 e conhecida como&nbsp;Lei Antifac\u00e7\u00e3o,&nbsp;estabelece o novo&nbsp;marco legal de combate ao crime organizado no Brasil. Originada de uma proposta do Governo Federal, a norma promove mudan\u00e7as em mais de dez leis penais e processuais para endurecer o enfrentamento a fac\u00e7\u00f5es ultraviolentas, mil\u00edcias e grupos paramilitares.<\/p>\n\n\n\n<p>As inscri\u00e7\u00f5es dever\u00e3o ser solicitadas no<a href=\"https:\/\/ejurr.tjrr.jus.br\/?p=31044\"> site da Ejurr<\/a>, no per\u00edodo compreendido entre os dias 30 de abril e 6 de maio. Outras informa\u00e7\u00f5es est\u00e3o no <a href=\"https:\/\/diario.tjrr.jus.br\/dpj\/dpj-20260428.pdf#page=18\">edital.&nbsp;<\/a><\/p>\n\n\n\n<p><strong>CURR\u00cdCULO DO INSTRUTOR<\/strong><\/p>\n\n\n\n<p>Rog\u00e9rio Sanches \u00e9 promotor de Justi\u00e7a com atua\u00e7\u00e3o no Tribunal do J\u00fari em Campinas &#8211; SP; mestre em Direito; representou o Minist\u00e9rio P\u00fablico Brasileiro em programa de interc\u00e2mbio junto ao Sistema Interamericano de Direitos Humanos &#8211; (CIDH 2023 &#8211; 2025); atua como professor, sendo autor de obras jur\u00eddicas.&nbsp;<\/p>\n\n\n\n<p><\/p>\n\n\n\n<p><strong><em>Foto: Ejurr\/ Texto: \u00c9rica Figueredo<\/em><\/strong><\/p>\n","protected":false},"excerpt":{"rendered":"<p>Entre os dias 11 e 15 de maio, a Escola Judicial de Roraima promover\u00e1 o curso&nbsp; \u201cLei Antifac\u00e7\u00e3o (Lei n\u00ba 15.358\/2026): novos instrumentos penais e processuais no combate ao crime organizado&#8221;. As aulas ser\u00e3o ministradas pelo promotor de justi\u00e7a de SP, Rog\u00e9rio Sanches. Com carga hor\u00e1ria de 8 horas, a capacita\u00e7\u00e3o ser\u00e1 oferecida em car\u00e1ter [&hellip;]<\/p>\n","protected":false},"author":3,"featured_media":31058,"comment_status":"open","ping_status":"open","sticky":false,"template":"","format":"standard","meta":{"footnotes":""},"categories":[9],"tags":[],"class_list":["post-31053","post","type-post","status-publish","format-standard","has-post-thumbnail","hentry","category-noticias"],"yoast_head":"<!-- This site is optimized with the Yoast SEO plugin v26.6 - https:\/\/yoast.com\/wordpress\/plugins\/seo\/ -->\n<title>Lei Antifac\u00e7\u00e3o ser\u00e1 tema de curso na Ejurr - EJURR<\/title>\n<meta name=\"robots\" content=\"index, follow, max-snippet:-1, max-image-preview:large, max-video-preview:-1\" \/>\n<link rel=\"canonical\" href=\"https:\/\/ejurr.tjrr.jus.br\/?p=31053\" \/>\n<meta property=\"og:locale\" content=\"pt_BR\" \/>\n<meta property=\"og:type\" content=\"article\" \/>\n<meta property=\"og:title\" content=\"Lei Antifac\u00e7\u00e3o ser\u00e1 tema de curso na Ejurr - EJURR\" \/>\n<meta property=\"og:description\" content=\"Entre os dias 11 e 15 de maio, a Escola Judicial de Roraima promover\u00e1 o curso&nbsp; \u201cLei Antifac\u00e7\u00e3o (Lei n\u00ba 15.358\/2026): novos instrumentos penais e processuais no combate ao crime organizado&#8221;. As aulas ser\u00e3o ministradas pelo promotor de justi\u00e7a de SP, Rog\u00e9rio Sanches. Com carga hor\u00e1ria de 8 horas, a capacita\u00e7\u00e3o ser\u00e1 oferecida em car\u00e1ter [&hellip;]\" \/>\n<meta property=\"og:url\" content=\"https:\/\/ejurr.tjrr.jus.br\/?p=31053\" \/>\n<meta property=\"og:site_name\" content=\"EJURR\" \/>\n<meta property=\"article:publisher\" content=\"https:\/\/www.facebook.com\/ejurr.tj\" \/>\n<meta property=\"article:published_time\" content=\"2026-04-30T20:39:53+00:00\" \/>\n<meta property=\"article:modified_time\" content=\"2026-04-30T20:39:54+00:00\" \/>\n<meta property=\"og:image\" content=\"https:\/\/ejurr.tjrr.jus.br\/wp-content\/uploads\/2026\/04\/DR.ROGERIO-SANCHES-29-scaled.jpg\" \/>\n\t<meta property=\"og:image:width\" content=\"2560\" \/>\n\t<meta property=\"og:image:height\" content=\"1707\" \/>\n\t<meta property=\"og:image:type\" content=\"image\/jpeg\" \/>\n<meta name=\"author\" content=\"\u00c9rica Figueredo\" \/>\n<meta name=\"twitter:card\" content=\"summary_large_image\" \/>\n<meta name=\"twitter:label1\" content=\"Escrito por\" \/>\n\t<meta name=\"twitter:data1\" content=\"\u00c9rica Figueredo\" \/>\n\t<meta name=\"twitter:label2\" content=\"Est. tempo de leitura\" \/>\n\t<meta name=\"twitter:data2\" content=\"2 minutos\" \/>\n<script type=\"application\/ld+json\" class=\"yoast-schema-graph\">{\"@context\":\"https:\/\/schema.org\",\"@graph\":[{\"@type\":\"Article\",\"@id\":\"https:\/\/ejurr.tjrr.jus.br\/?p=31053#article\",\"isPartOf\":{\"@id\":\"https:\/\/ejurr.tjrr.jus.br\/?p=31053\"},\"author\":{\"name\":\"\u00c9rica Figueredo\",\"@id\":\"https:\/\/ejurr.tjrr.jus.br\/#\/schema\/person\/5dce040510816d75c020721e1d0ee85e\"},\"headline\":\"Lei Antifac\u00e7\u00e3o ser\u00e1 tema de curso na Ejurr\",\"datePublished\":\"2026-04-30T20:39:53+00:00\",\"dateModified\":\"2026-04-30T20:39:54+00:00\",\"mainEntityOfPage\":{\"@id\":\"https:\/\/ejurr.tjrr.jus.br\/?p=31053\"},\"wordCount\":277,\"commentCount\":0,\"publisher\":{\"@id\":\"https:\/\/ejurr.tjrr.jus.br\/#organization\"},\"image\":{\"@id\":\"https:\/\/ejurr.tjrr.jus.br\/?p=31053#primaryimage\"},\"thumbnailUrl\":\"https:\/\/ejurr.tjrr.jus.br\/wp-content\/uploads\/2026\/04\/DR.ROGERIO-SANCHES-29-scaled.jpg\",\"articleSection\":[\"Not\u00edcias\"],\"inLanguage\":\"pt-BR\",\"potentialAction\":[{\"@type\":\"CommentAction\",\"name\":\"Comment\",\"target\":[\"https:\/\/ejurr.tjrr.jus.br\/?p=31053#respond\"]}]},{\"@type\":\"WebPage\",\"@id\":\"https:\/\/ejurr.tjrr.jus.br\/?p=31053\",\"url\":\"https:\/\/ejurr.tjrr.jus.br\/?p=31053\",\"name\":\"Lei Antifac\u00e7\u00e3o ser\u00e1 tema de curso na Ejurr - EJURR\",\"isPartOf\":{\"@id\":\"https:\/\/ejurr.tjrr.jus.br\/#website\"},\"primaryImageOfPage\":{\"@id\":\"https:\/\/ejurr.tjrr.jus.br\/?p=31053#primaryimage\"},\"image\":{\"@id\":\"https:\/\/ejurr.tjrr.jus.br\/?p=31053#primaryimage\"},\"thumbnailUrl\":\"https:\/\/ejurr.tjrr.jus.br\/wp-content\/uploads\/2026\/04\/DR.ROGERIO-SANCHES-29-scaled.jpg\",\"datePublished\":\"2026-04-30T20:39:53+00:00\",\"dateModified\":\"2026-04-30T20:39:54+00:00\",\"breadcrumb\":{\"@id\":\"https:\/\/ejurr.tjrr.jus.br\/?p=31053#breadcrumb\"},\"inLanguage\":\"pt-BR\",\"potentialAction\":[{\"@type\":\"ReadAction\",\"target\":[\"https:\/\/ejurr.tjrr.jus.br\/?p=31053\"]}]},{\"@type\":\"ImageObject\",\"inLanguage\":\"pt-BR\",\"@id\":\"https:\/\/ejurr.tjrr.jus.br\/?p=31053#primaryimage\",\"url\":\"https:\/\/ejurr.tjrr.jus.br\/wp-content\/uploads\/2026\/04\/DR.ROGERIO-SANCHES-29-scaled.jpg\",\"contentUrl\":\"https:\/\/ejurr.tjrr.jus.br\/wp-content\/uploads\/2026\/04\/DR.ROGERIO-SANCHES-29-scaled.jpg\",\"width\":2560,\"height\":1707},{\"@type\":\"BreadcrumbList\",\"@id\":\"https:\/\/ejurr.tjrr.jus.br\/?p=31053#breadcrumb\",\"itemListElement\":[{\"@type\":\"ListItem\",\"position\":1,\"name\":\"In\u00edcio\",\"item\":\"https:\/\/ejurr.tjrr.jus.br\/\"},{\"@type\":\"ListItem\",\"position\":2,\"name\":\"Lei Antifac\u00e7\u00e3o ser\u00e1 tema de curso na Ejurr\"}]},{\"@type\":\"WebSite\",\"@id\":\"https:\/\/ejurr.tjrr.jus.br\/#website\",\"url\":\"https:\/\/ejurr.tjrr.jus.br\/\",\"name\":\"Escola Judicial de Roraima\",\"description\":\"A Escola Judicial de Roraima \u00e9 uma institui\u00e7\u00e3o de educa\u00e7\u00e3o corporativa mantida pelo Tribunal de Justi\u00e7a do Estado de Roraima. Seu objetivo \u00e9 planejar e executar os cursos de forma\u00e7\u00e3o inicial, capacita\u00e7\u00e3o e aperfei\u00e7oamento dos magistrados, servidores, formadores e colaboradores do Poder Judici\u00e1rio.\",\"publisher\":{\"@id\":\"https:\/\/ejurr.tjrr.jus.br\/#organization\"},\"alternateName\":\"EJURR\",\"potentialAction\":[{\"@type\":\"SearchAction\",\"target\":{\"@type\":\"EntryPoint\",\"urlTemplate\":\"https:\/\/ejurr.tjrr.jus.br\/?s={search_term_string}\"},\"query-input\":{\"@type\":\"PropertyValueSpecification\",\"valueRequired\":true,\"valueName\":\"search_term_string\"}}],\"inLanguage\":\"pt-BR\"},{\"@type\":\"Organization\",\"@id\":\"https:\/\/ejurr.tjrr.jus.br\/#organization\",\"name\":\"Escola Judicial de Roraima\",\"alternateName\":\"EJURR\",\"url\":\"https:\/\/ejurr.tjrr.jus.br\/\",\"logo\":{\"@type\":\"ImageObject\",\"inLanguage\":\"pt-BR\",\"@id\":\"https:\/\/ejurr.tjrr.jus.br\/#\/schema\/logo\/image\/\",\"url\":\"https:\/\/ejurr.tjrr.jus.br\/wp-content\/uploads\/2023\/06\/MIV-EJURR-V.png\",\"contentUrl\":\"https:\/\/ejurr.tjrr.jus.br\/wp-content\/uploads\/2023\/06\/MIV-EJURR-V.png\",\"width\":387,\"height\":369,\"caption\":\"Escola Judicial de Roraima\"},\"image\":{\"@id\":\"https:\/\/ejurr.tjrr.jus.br\/#\/schema\/logo\/image\/\"},\"sameAs\":[\"https:\/\/www.facebook.com\/ejurr.tj\",\"https:\/\/www.instagram.com\/ejurr.tj\/\",\"https:\/\/www.youtube.com\/@ejurr\",\"https:\/\/wa.me\/559531984156\",\"https:\/\/www.flickr.com\/photos\/ejurr_oficial\"]},{\"@type\":\"Person\",\"@id\":\"https:\/\/ejurr.tjrr.jus.br\/#\/schema\/person\/5dce040510816d75c020721e1d0ee85e\",\"name\":\"\u00c9rica Figueredo\",\"image\":{\"@type\":\"ImageObject\",\"inLanguage\":\"pt-BR\",\"@id\":\"https:\/\/ejurr.tjrr.jus.br\/#\/schema\/person\/image\/\",\"url\":\"https:\/\/secure.gravatar.com\/avatar\/ca55ee37aaa0889795b400a799c5c4a9?s=96&d=mm&r=g\",\"contentUrl\":\"https:\/\/secure.gravatar.com\/avatar\/ca55ee37aaa0889795b400a799c5c4a9?s=96&d=mm&r=g\",\"caption\":\"\u00c9rica Figueredo\"},\"sameAs\":[\"http:\/\/ejurr.tjrr.jus.br\"],\"url\":\"https:\/\/ejurr.tjrr.jus.br\/?author=3\"}]}<\/script>\n<!-- \/ Yoast SEO plugin. -->","yoast_head_json":{"title":"Lei Antifac\u00e7\u00e3o ser\u00e1 tema de curso na Ejurr - EJURR","robots":{"index":"index","follow":"follow","max-snippet":"max-snippet:-1","max-image-preview":"max-image-preview:large","max-video-preview":"max-video-preview:-1"},"canonical":"https:\/\/ejurr.tjrr.jus.br\/?p=31053","og_locale":"pt_BR","og_type":"article","og_title":"Lei Antifac\u00e7\u00e3o ser\u00e1 tema de curso na Ejurr - EJURR","og_description":"Entre os dias 11 e 15 de maio, a Escola Judicial de Roraima promover\u00e1 o curso&nbsp; \u201cLei Antifac\u00e7\u00e3o (Lei n\u00ba 15.358\/2026): novos instrumentos penais e processuais no combate ao crime organizado&#8221;. As aulas ser\u00e3o ministradas pelo promotor de justi\u00e7a de SP, Rog\u00e9rio Sanches. Com carga hor\u00e1ria de 8 horas, a capacita\u00e7\u00e3o ser\u00e1 oferecida em car\u00e1ter [&hellip;]","og_url":"https:\/\/ejurr.tjrr.jus.br\/?p=31053","og_site_name":"EJURR","article_publisher":"https:\/\/www.facebook.com\/ejurr.tj","article_published_time":"2026-04-30T20:39:53+00:00","article_modified_time":"2026-04-30T20:39:54+00:00","og_image":[{"width":2560,"height":1707,"url":"https:\/\/ejurr.tjrr.jus.br\/wp-content\/uploads\/2026\/04\/DR.ROGERIO-SANCHES-29-scaled.jpg","type":"image\/jpeg"}],"author":"\u00c9rica Figueredo","twitter_card":"summary_large_image","twitter_misc":{"Escrito por":"\u00c9rica Figueredo","Est. tempo de leitura":"2 minutos"},"schema":{"@context":"https:\/\/schema.org","@graph":[{"@type":"Article","@id":"https:\/\/ejurr.tjrr.jus.br\/?p=31053#article","isPartOf":{"@id":"https:\/\/ejurr.tjrr.jus.br\/?p=31053"},"author":{"name":"\u00c9rica Figueredo","@id":"https:\/\/ejurr.tjrr.jus.br\/#\/schema\/person\/5dce040510816d75c020721e1d0ee85e"},"headline":"Lei Antifac\u00e7\u00e3o ser\u00e1 tema de curso na Ejurr","datePublished":"2026-04-30T20:39:53+00:00","dateModified":"2026-04-30T20:39:54+00:00","mainEntityOfPage":{"@id":"https:\/\/ejurr.tjrr.jus.br\/?p=31053"},"wordCount":277,"commentCount":0,"publisher":{"@id":"https:\/\/ejurr.tjrr.jus.br\/#organization"},"image":{"@id":"https:\/\/ejurr.tjrr.jus.br\/?p=31053#primaryimage"},"thumbnailUrl":"https:\/\/ejurr.tjrr.jus.br\/wp-content\/uploads\/2026\/04\/DR.ROGERIO-SANCHES-29-scaled.jpg","articleSection":["Not\u00edcias"],"inLanguage":"pt-BR","potentialAction":[{"@type":"CommentAction","name":"Comment","target":["https:\/\/ejurr.tjrr.jus.br\/?p=31053#respond"]}]},{"@type":"WebPage","@id":"https:\/\/ejurr.tjrr.jus.br\/?p=31053","url":"https:\/\/ejurr.tjrr.jus.br\/?p=31053","name":"Lei Antifac\u00e7\u00e3o ser\u00e1 tema de curso na Ejurr - EJURR","isPartOf":{"@id":"https:\/\/ejurr.tjrr.jus.br\/#website"},"primaryImageOfPage":{"@id":"https:\/\/ejurr.tjrr.jus.br\/?p=31053#primaryimage"},"image":{"@id":"https:\/\/ejurr.tjrr.jus.br\/?p=31053#primaryimage"},"thumbnailUrl":"https:\/\/ejurr.tjrr.jus.br\/wp-content\/uploads\/2026\/04\/DR.ROGERIO-SANCHES-29-scaled.jpg","datePublished":"2026-04-30T20:39:53+00:00","dateModified":"2026-04-30T20:39:54+00:00","breadcrumb":{"@id":"https:\/\/ejurr.tjrr.jus.br\/?p=31053#breadcrumb"},"inLanguage":"pt-BR","potentialAction":[{"@type":"ReadAction","target":["https:\/\/ejurr.tjrr.jus.br\/?p=31053"]}]},{"@type":"ImageObject","inLanguage":"pt-BR","@id":"https:\/\/ejurr.tjrr.jus.br\/?p=31053#primaryimage","url":"https:\/\/ejurr.tjrr.jus.br\/wp-content\/uploads\/2026\/04\/DR.ROGERIO-SANCHES-29-scaled.jpg","contentUrl":"https:\/\/ejurr.tjrr.jus.br\/wp-content\/uploads\/2026\/04\/DR.ROGERIO-SANCHES-29-scaled.jpg","width":2560,"height":1707},{"@type":"BreadcrumbList","@id":"https:\/\/ejurr.tjrr.jus.br\/?p=31053#breadcrumb","itemListElement":[{"@type":"ListItem","position":1,"name":"In\u00edcio","item":"https:\/\/ejurr.tjrr.jus.br\/"},{"@type":"ListItem","position":2,"name":"Lei Antifac\u00e7\u00e3o ser\u00e1 tema de curso na Ejurr"}]},{"@type":"WebSite","@id":"https:\/\/ejurr.tjrr.jus.br\/#website","url":"https:\/\/ejurr.tjrr.jus.br\/","name":"Escola Judicial de Roraima","description":"A Escola Judicial de Roraima \u00e9 uma institui\u00e7\u00e3o de educa\u00e7\u00e3o corporativa mantida pelo Tribunal de Justi\u00e7a do Estado de Roraima. Seu objetivo \u00e9 planejar e executar os cursos de forma\u00e7\u00e3o inicial, capacita\u00e7\u00e3o e aperfei\u00e7oamento dos magistrados, servidores, formadores e colaboradores do Poder Judici\u00e1rio.","publisher":{"@id":"https:\/\/ejurr.tjrr.jus.br\/#organization"},"alternateName":"EJURR","potentialAction":[{"@type":"SearchAction","target":{"@type":"EntryPoint","urlTemplate":"https:\/\/ejurr.tjrr.jus.br\/?s={search_term_string}"},"query-input":{"@type":"PropertyValueSpecification","valueRequired":true,"valueName":"search_term_string"}}],"inLanguage":"pt-BR"},{"@type":"Organization","@id":"https:\/\/ejurr.tjrr.jus.br\/#organization","name":"Escola Judicial de Roraima","alternateName":"EJURR","url":"https:\/\/ejurr.tjrr.jus.br\/","logo":{"@type":"ImageObject","inLanguage":"pt-BR","@id":"https:\/\/ejurr.tjrr.jus.br\/#\/schema\/logo\/image\/","url":"https:\/\/ejurr.tjrr.jus.br\/wp-content\/uploads\/2023\/06\/MIV-EJURR-V.png","contentUrl":"https:\/\/ejurr.tjrr.jus.br\/wp-content\/uploads\/2023\/06\/MIV-EJURR-V.png","width":387,"height":369,"caption":"Escola Judicial de Roraima"},"image":{"@id":"https:\/\/ejurr.tjrr.jus.br\/#\/schema\/logo\/image\/"},"sameAs":["https:\/\/www.facebook.com\/ejurr.tj","https:\/\/www.instagram.com\/ejurr.tj\/","https:\/\/www.youtube.com\/@ejurr","https:\/\/wa.me\/559531984156","https:\/\/www.flickr.com\/photos\/ejurr_oficial"]},{"@type":"Person","@id":"https:\/\/ejurr.tjrr.jus.br\/#\/schema\/person\/5dce040510816d75c020721e1d0ee85e","name":"\u00c9rica Figueredo","image":{"@type":"ImageObject","inLanguage":"pt-BR","@id":"https:\/\/ejurr.tjrr.jus.br\/#\/schema\/person\/image\/","url":"https:\/\/secure.gravatar.com\/avatar\/ca55ee37aaa0889795b400a799c5c4a9?s=96&d=mm&r=g","contentUrl":"https:\/\/secure.gravatar.com\/avatar\/ca55ee37aaa0889795b400a799c5c4a9?s=96&d=mm&r=g","caption":"\u00c9rica Figueredo"},"sameAs":["http:\/\/ejurr.tjrr.jus.br"],"url":"https:\/\/ejurr.tjrr.jus.br\/?author=3"}]}},"_links":{"self":[{"href":"https:\/\/ejurr.tjrr.jus.br\/index.php?rest_route=\/wp\/v2\/posts\/31053","targetHints":{"allow":["GET"]}}],"collection":[{"href":"https:\/\/ejurr.tjrr.jus.br\/index.php?rest_route=\/wp\/v2\/posts"}],"about":[{"href":"https:\/\/ejurr.tjrr.jus.br\/index.php?rest_route=\/wp\/v2\/types\/post"}],"author":[{"embeddable":true,"href":"https:\/\/ejurr.tjrr.jus.br\/index.php?rest_route=\/wp\/v2\/users\/3"}],"replies":[{"embeddable":true,"href":"https:\/\/ejurr.tjrr.jus.br\/index.php?rest_route=%2Fwp%2Fv2%2Fcomments&post=31053"}],"version-history":[{"count":3,"href":"https:\/\/ejurr.tjrr.jus.br\/index.php?rest_route=\/wp\/v2\/posts\/31053\/revisions"}],"predecessor-version":[{"id":31077,"href":"https:\/\/ejurr.tjrr.jus.br\/index.php?rest_route=\/wp\/v2\/posts\/31053\/revisions\/31077"}],"wp:featuredmedia":[{"embeddable":true,"href":"https:\/\/ejurr.tjrr.jus.br\/index.php?rest_route=\/wp\/v2\/media\/31058"}],"wp:attachment":[{"href":"https:\/\/ejurr.tjrr.jus.br\/index.php?rest_route=%2Fwp%2Fv2%2Fmedia&parent=31053"}],"wp:term":[{"taxonomy":"category","embeddable":true,"href":"https:\/\/ejurr.tjrr.jus.br\/index.php?rest_route=%2Fwp%2Fv2%2Fcategories&post=31053"},{"taxonomy":"post_tag","embeddable":true,"href":"https:\/\/ejurr.tjrr.jus.br\/index.php?rest_route=%2Fwp%2Fv2%2Ftags&post=31053"}],"curies":[{"name":"wp","href":"https:\/\/api.w.org\/{rel}","templated":true}]}}