{"id":31038,"date":"2026-04-29T11:34:55","date_gmt":"2026-04-29T15:34:55","guid":{"rendered":"https:\/\/ejurr.tjrr.jus.br\/?p=31038"},"modified":"2026-04-29T11:35:49","modified_gmt":"2026-04-29T15:35:49","slug":"educere-ejurr-divulga-a-relacao-dos-cursos-de-maio","status":"publish","type":"post","link":"https:\/\/ejurr.tjrr.jus.br\/?p=31038","title":{"rendered":"Educere &#8211; Ejurr divulga a rela\u00e7\u00e3o dos cursos de maio"},"content":{"rendered":"\n<p>Durante o m\u00eas de maio, a Escola Judicial de Roraima (Ejurr) realizar\u00e1 cinco cursos voltados ao aprimoramento profissional, o desenvolvimento de pr\u00e1ticas sustent\u00e1veis e a interseccionalidade no judici\u00e1rio. A iniciativa, em parceria com o Instituto Educere, contar\u00e1 com o instrutor Marcelo Paiva.<\/p>\n\n\n\n<p>As inscri\u00e7\u00f5es para os cursos iniciam hoje (29) e devem ser realizadas pelo site da Ejurr. O <strong><a href=\"https:\/\/ava.institutoeducere.com.br\/login\/index.php\">instituto educere<\/a> <\/strong>promove a forma\u00e7\u00e3o e o desenvolvimento de habilidades profissionais e pessoais por meio de iniciativas educacionais corporativas, acad\u00eamicas, sociais e individuais.<\/p>\n\n\n\n<p>Dentre as capacita\u00e7\u00f5es, haver\u00e1 a oferta para o combate ao ass\u00e9dio, a conscientiza\u00e7\u00e3o por meio do letramento racial e a sustentabilidade no judici\u00e1rio. Al\u00e9m destas, ter\u00e1 ofertas sobre a aplica\u00e7\u00e3o de intelig\u00eancia artificial e aspectos t\u00e9cnicos na cria\u00e7\u00e3o de textos administrativos.<\/p>\n\n\n\n<p>Magistradas, magistrados, servidoras, servidores ativos e aposentados, estagi\u00e1rias, estagi\u00e1rios, colaboradoras e colaboradores do Tribunal de Justi\u00e7a de Roraima (TJRR) interessados podem acessar outras informa\u00e7\u00f5es pelo <strong><a href=\"https:\/\/diario.tjrr.jus.br\/dpj\/dpj-20260422.pdf#page=14\">edital<\/a>.<\/strong>\u00a0<\/p>\n\n\n\n<h2 class=\"wp-block-heading has-medium-font-size\"><strong>Programa\u00e7\u00e3o<\/strong><\/h2>\n\n\n\n<p>Nos dias <strong>11 a 22\/05<\/strong>:<\/p>\n\n\n\n<p><strong>Ass\u00e9dio Moral, Ass\u00e9dio Sexual e Discrimina\u00e7\u00e3o P\u00fablica:<\/strong> Visa desenvolver nos participantes a habilidade de reconhecer, prevenir e gerenciar casos de ass\u00e9dio no contexto judicial. Utilizar\u00e1 a compreens\u00e3o, a legisla\u00e7\u00e3o e as pr\u00e1ticas de interven\u00e7\u00e3o apropriadas.\u00a0<\/p>\n\n\n\n<p><strong>Letramento Racial:<\/strong> Ir\u00e1 capacitar o participante a compreender o termo, al\u00e9m de suas implica\u00e7\u00f5es nas rela\u00e7\u00f5es sociais, na cultura e na linguagem.<\/p>\n\n\n\n<p>Os dias<strong> 11 a 29\/05<\/strong> disponibilizar\u00e3o os cursos:<\/p>\n\n\n\n<p><strong>Poder Judici\u00e1rio Sustent\u00e1vel: <\/strong>Tem o intuito de habilitar os participantes a adotar pr\u00e1ticas sustent\u00e1veis no Poder Judici\u00e1rio, em conformidade com as resolu\u00e7\u00f5es e portarias do CNJ. Contar\u00e1 com sugest\u00f5es de medidas para fomentar a responsabilidade socioambiental e a efic\u00e1cia na administra\u00e7\u00e3o p\u00fablica.<\/p>\n\n\n\n<p><strong>Intelig\u00eancia Artificial aplicada \u00e0 produ\u00e7\u00e3o de textos administrativos: <\/strong>Trabalhar\u00e1 como as ferramentas de IA podem auxiliar na produ\u00e7\u00e3o de documentos administrativos de forma mais clara, r\u00e1pida e organizada<\/p>\n\n\n\n<p><strong>Produ\u00e7\u00e3o de Textos:<\/strong> Indicar\u00e1 as melhores maneiras de elaborar textos estruturados e l\u00f3gicos; priorizando a coes\u00e3o e a clareza. A metodologia se d\u00e1 por meio de m\u00e9todos e pr\u00e1ticas din\u00e2micas e fundamentadas.<\/p>\n\n\n\n<h2 class=\"wp-block-heading has-medium-font-size\"><strong>Curr\u00edculo do Instrutor<\/strong><\/h2>\n\n\n\n<p>Marcelo Paiva coordena cursos de p\u00f3s-gradua\u00e7\u00e3o de portugu\u00eas jur\u00eddico, l\u00edngua portuguesa, lingu\u00edstica e revis\u00e3o de texto. Ele \u00e9 autor de 46 livros sobre o uso adequado de nosso idioma em especializa\u00e7\u00f5es relacionadas principalmente \u00e0 atividade institucional.<\/p>\n\n\n\n<p>Ele ministra cursos e presta consultoria a diversos \u00f3rg\u00e3os p\u00fablicos: Conselho Nacional de Justi\u00e7a, Superior Tribunal de Justi\u00e7a, Tribunal Superior do Trabalho, Tribunal de Contas da Uni\u00e3o, Superior Tribunal Militar, Minist\u00e9rio P\u00fablico da Uni\u00e3o, C\u00e2mara dos Deputados, Pol\u00edcia Federal, tribunais regionais e estaduais e minist\u00e9rios.<\/p>\n\n\n\n<figure class=\"wp-block-image size-large\"><img fetchpriority=\"high\" decoding=\"async\" width=\"1024\" height=\"683\" src=\"https:\/\/ejurr.tjrr.jus.br\/wp-content\/uploads\/2026\/04\/WhatsApp-Image-2026-04-22-at-13.08.03-1-1024x683.jpeg\" alt=\"\" class=\"wp-image-31041\" srcset=\"https:\/\/ejurr.tjrr.jus.br\/wp-content\/uploads\/2026\/04\/WhatsApp-Image-2026-04-22-at-13.08.03-1-1024x683.jpeg 1024w, https:\/\/ejurr.tjrr.jus.br\/wp-content\/uploads\/2026\/04\/WhatsApp-Image-2026-04-22-at-13.08.03-1-300x200.jpeg 300w, https:\/\/ejurr.tjrr.jus.br\/wp-content\/uploads\/2026\/04\/WhatsApp-Image-2026-04-22-at-13.08.03-1-768x512.jpeg 768w, https:\/\/ejurr.tjrr.jus.br\/wp-content\/uploads\/2026\/04\/WhatsApp-Image-2026-04-22-at-13.08.03-1-1536x1024.jpeg 1536w, https:\/\/ejurr.tjrr.jus.br\/wp-content\/uploads\/2026\/04\/WhatsApp-Image-2026-04-22-at-13.08.03-1.jpeg 1600w\" sizes=\"(max-width: 1024px) 100vw, 1024px\" \/><\/figure>\n\n\n\n<p class=\"has-small-font-size\"><strong>Foto: <\/strong>Divulga\u00e7\u00e3o\/<strong>Texto: <\/strong>Yasmin Tavares sob supervis\u00e3o de Erica Figueredo<\/p>\n\n\n\n<p class=\"has-small-font-size\">O portal da Ejurr oferece recursos de acessibilidade por meio da plataforma Ryben\u00e1.<\/p>\n\n\n\n<p><\/p>\n","protected":false},"excerpt":{"rendered":"<p>Durante o m\u00eas de maio, a Escola Judicial de Roraima (Ejurr) realizar\u00e1 cinco cursos voltados ao aprimoramento profissional, o desenvolvimento de pr\u00e1ticas sustent\u00e1veis e a interseccionalidade no judici\u00e1rio. A iniciativa, em parceria com o Instituto Educere, contar\u00e1 com o instrutor Marcelo Paiva. As inscri\u00e7\u00f5es para os cursos iniciam hoje (29) e devem ser realizadas pelo [&hellip;]<\/p>\n","protected":false},"author":10,"featured_media":31039,"comment_status":"open","ping_status":"open","sticky":false,"template":"","format":"standard","meta":{"footnotes":""},"categories":[9],"tags":[],"class_list":["post-31038","post","type-post","status-publish","format-standard","has-post-thumbnail","hentry","category-noticias"],"yoast_head":"<!-- This site is optimized with the Yoast SEO plugin v26.6 - https:\/\/yoast.com\/wordpress\/plugins\/seo\/ -->\n<title>Educere - Ejurr divulga a rela\u00e7\u00e3o dos cursos de maio - EJURR<\/title>\n<meta name=\"description\" content=\"A Escola Judicial de Roraima realizar\u00e1 cursos sobre aprimoramento profissional, pr\u00e1ticas sustent\u00e1veis e a interseccionalidade no judici\u00e1rio.\" \/>\n<meta name=\"robots\" content=\"index, follow, max-snippet:-1, max-image-preview:large, max-video-preview:-1\" \/>\n<link rel=\"canonical\" href=\"https:\/\/ejurr.tjrr.jus.br\/?p=31038\" \/>\n<meta property=\"og:locale\" content=\"pt_BR\" \/>\n<meta property=\"og:type\" content=\"article\" \/>\n<meta property=\"og:title\" content=\"Educere - Ejurr divulga a rela\u00e7\u00e3o dos cursos de maio - EJURR\" \/>\n<meta property=\"og:description\" content=\"A Escola Judicial de Roraima realizar\u00e1 cursos sobre aprimoramento profissional, pr\u00e1ticas sustent\u00e1veis e a interseccionalidade no judici\u00e1rio.\" \/>\n<meta property=\"og:url\" content=\"https:\/\/ejurr.tjrr.jus.br\/?p=31038\" \/>\n<meta property=\"og:site_name\" content=\"EJURR\" \/>\n<meta property=\"article:publisher\" content=\"https:\/\/www.facebook.com\/ejurr.tj\" \/>\n<meta property=\"article:published_time\" content=\"2026-04-29T15:34:55+00:00\" \/>\n<meta property=\"article:modified_time\" content=\"2026-04-29T15:35:49+00:00\" \/>\n<meta property=\"og:image\" content=\"https:\/\/ejurr.tjrr.jus.br\/wp-content\/uploads\/2026\/04\/WhatsApp-Image-2026-04-22-at-13.08.03.jpeg\" \/>\n\t<meta property=\"og:image:width\" content=\"1600\" \/>\n\t<meta property=\"og:image:height\" content=\"1067\" \/>\n\t<meta property=\"og:image:type\" content=\"image\/jpeg\" \/>\n<meta name=\"author\" content=\"Yasmin Tavares Vieira\" \/>\n<meta name=\"twitter:card\" content=\"summary_large_image\" \/>\n<meta name=\"twitter:label1\" content=\"Escrito por\" \/>\n\t<meta name=\"twitter:data1\" content=\"Yasmin Tavares Vieira\" \/>\n\t<meta name=\"twitter:label2\" content=\"Est. tempo de leitura\" \/>\n\t<meta name=\"twitter:data2\" content=\"3 minutos\" \/>\n<script type=\"application\/ld+json\" class=\"yoast-schema-graph\">{\"@context\":\"https:\/\/schema.org\",\"@graph\":[{\"@type\":\"Article\",\"@id\":\"https:\/\/ejurr.tjrr.jus.br\/?p=31038#article\",\"isPartOf\":{\"@id\":\"https:\/\/ejurr.tjrr.jus.br\/?p=31038\"},\"author\":{\"name\":\"Yasmin Tavares Vieira\",\"@id\":\"https:\/\/ejurr.tjrr.jus.br\/#\/schema\/person\/f1b6f5e2c7fb49f1a29a80b47c588a4f\"},\"headline\":\"Educere &#8211; Ejurr divulga a rela\u00e7\u00e3o dos cursos de maio\",\"datePublished\":\"2026-04-29T15:34:55+00:00\",\"dateModified\":\"2026-04-29T15:35:49+00:00\",\"mainEntityOfPage\":{\"@id\":\"https:\/\/ejurr.tjrr.jus.br\/?p=31038\"},\"wordCount\":507,\"commentCount\":0,\"publisher\":{\"@id\":\"https:\/\/ejurr.tjrr.jus.br\/#organization\"},\"image\":{\"@id\":\"https:\/\/ejurr.tjrr.jus.br\/?p=31038#primaryimage\"},\"thumbnailUrl\":\"https:\/\/ejurr.tjrr.jus.br\/wp-content\/uploads\/2026\/04\/WhatsApp-Image-2026-04-22-at-13.08.03.jpeg\",\"articleSection\":[\"Not\u00edcias\"],\"inLanguage\":\"pt-BR\",\"potentialAction\":[{\"@type\":\"CommentAction\",\"name\":\"Comment\",\"target\":[\"https:\/\/ejurr.tjrr.jus.br\/?p=31038#respond\"]}]},{\"@type\":\"WebPage\",\"@id\":\"https:\/\/ejurr.tjrr.jus.br\/?p=31038\",\"url\":\"https:\/\/ejurr.tjrr.jus.br\/?p=31038\",\"name\":\"Educere - Ejurr divulga a rela\u00e7\u00e3o dos cursos de maio - EJURR\",\"isPartOf\":{\"@id\":\"https:\/\/ejurr.tjrr.jus.br\/#website\"},\"primaryImageOfPage\":{\"@id\":\"https:\/\/ejurr.tjrr.jus.br\/?p=31038#primaryimage\"},\"image\":{\"@id\":\"https:\/\/ejurr.tjrr.jus.br\/?p=31038#primaryimage\"},\"thumbnailUrl\":\"https:\/\/ejurr.tjrr.jus.br\/wp-content\/uploads\/2026\/04\/WhatsApp-Image-2026-04-22-at-13.08.03.jpeg\",\"datePublished\":\"2026-04-29T15:34:55+00:00\",\"dateModified\":\"2026-04-29T15:35:49+00:00\",\"description\":\"A Escola Judicial de Roraima realizar\u00e1 cursos sobre aprimoramento profissional, pr\u00e1ticas sustent\u00e1veis e a interseccionalidade no judici\u00e1rio.\",\"breadcrumb\":{\"@id\":\"https:\/\/ejurr.tjrr.jus.br\/?p=31038#breadcrumb\"},\"inLanguage\":\"pt-BR\",\"potentialAction\":[{\"@type\":\"ReadAction\",\"target\":[\"https:\/\/ejurr.tjrr.jus.br\/?p=31038\"]}]},{\"@type\":\"ImageObject\",\"inLanguage\":\"pt-BR\",\"@id\":\"https:\/\/ejurr.tjrr.jus.br\/?p=31038#primaryimage\",\"url\":\"https:\/\/ejurr.tjrr.jus.br\/wp-content\/uploads\/2026\/04\/WhatsApp-Image-2026-04-22-at-13.08.03.jpeg\",\"contentUrl\":\"https:\/\/ejurr.tjrr.jus.br\/wp-content\/uploads\/2026\/04\/WhatsApp-Image-2026-04-22-at-13.08.03.jpeg\",\"width\":1600,\"height\":1067},{\"@type\":\"BreadcrumbList\",\"@id\":\"https:\/\/ejurr.tjrr.jus.br\/?p=31038#breadcrumb\",\"itemListElement\":[{\"@type\":\"ListItem\",\"position\":1,\"name\":\"In\u00edcio\",\"item\":\"https:\/\/ejurr.tjrr.jus.br\/\"},{\"@type\":\"ListItem\",\"position\":2,\"name\":\"Educere &#8211; Ejurr divulga a rela\u00e7\u00e3o dos cursos de maio\"}]},{\"@type\":\"WebSite\",\"@id\":\"https:\/\/ejurr.tjrr.jus.br\/#website\",\"url\":\"https:\/\/ejurr.tjrr.jus.br\/\",\"name\":\"Escola Judicial de Roraima\",\"description\":\"A Escola Judicial de Roraima \u00e9 uma institui\u00e7\u00e3o de educa\u00e7\u00e3o corporativa mantida pelo Tribunal de Justi\u00e7a do Estado de Roraima. Seu objetivo \u00e9 planejar e executar os cursos de forma\u00e7\u00e3o inicial, capacita\u00e7\u00e3o e aperfei\u00e7oamento dos magistrados, servidores, formadores e colaboradores do Poder Judici\u00e1rio.\",\"publisher\":{\"@id\":\"https:\/\/ejurr.tjrr.jus.br\/#organization\"},\"alternateName\":\"EJURR\",\"potentialAction\":[{\"@type\":\"SearchAction\",\"target\":{\"@type\":\"EntryPoint\",\"urlTemplate\":\"https:\/\/ejurr.tjrr.jus.br\/?s={search_term_string}\"},\"query-input\":{\"@type\":\"PropertyValueSpecification\",\"valueRequired\":true,\"valueName\":\"search_term_string\"}}],\"inLanguage\":\"pt-BR\"},{\"@type\":\"Organization\",\"@id\":\"https:\/\/ejurr.tjrr.jus.br\/#organization\",\"name\":\"Escola Judicial de Roraima\",\"alternateName\":\"EJURR\",\"url\":\"https:\/\/ejurr.tjrr.jus.br\/\",\"logo\":{\"@type\":\"ImageObject\",\"inLanguage\":\"pt-BR\",\"@id\":\"https:\/\/ejurr.tjrr.jus.br\/#\/schema\/logo\/image\/\",\"url\":\"https:\/\/ejurr.tjrr.jus.br\/wp-content\/uploads\/2023\/06\/MIV-EJURR-V.png\",\"contentUrl\":\"https:\/\/ejurr.tjrr.jus.br\/wp-content\/uploads\/2023\/06\/MIV-EJURR-V.png\",\"width\":387,\"height\":369,\"caption\":\"Escola Judicial de Roraima\"},\"image\":{\"@id\":\"https:\/\/ejurr.tjrr.jus.br\/#\/schema\/logo\/image\/\"},\"sameAs\":[\"https:\/\/www.facebook.com\/ejurr.tj\",\"https:\/\/www.instagram.com\/ejurr.tj\/\",\"https:\/\/www.youtube.com\/@ejurr\",\"https:\/\/wa.me\/559531984156\",\"https:\/\/www.flickr.com\/photos\/ejurr_oficial\"]},{\"@type\":\"Person\",\"@id\":\"https:\/\/ejurr.tjrr.jus.br\/#\/schema\/person\/f1b6f5e2c7fb49f1a29a80b47c588a4f\",\"name\":\"Yasmin Tavares Vieira\",\"image\":{\"@type\":\"ImageObject\",\"inLanguage\":\"pt-BR\",\"@id\":\"https:\/\/ejurr.tjrr.jus.br\/#\/schema\/person\/image\/\",\"url\":\"https:\/\/secure.gravatar.com\/avatar\/35ac5710a0c40cd8f2db0c66b83e8a66?s=96&d=mm&r=g\",\"contentUrl\":\"https:\/\/secure.gravatar.com\/avatar\/35ac5710a0c40cd8f2db0c66b83e8a66?s=96&d=mm&r=g\",\"caption\":\"Yasmin Tavares Vieira\"},\"sameAs\":[\"http:\/\/ejurr.tjrr.jus.br\"],\"url\":\"https:\/\/ejurr.tjrr.jus.br\/?author=10\"}]}<\/script>\n<!-- \/ Yoast SEO plugin. -->","yoast_head_json":{"title":"Educere - Ejurr divulga a rela\u00e7\u00e3o dos cursos de maio - EJURR","description":"A Escola Judicial de Roraima realizar\u00e1 cursos sobre aprimoramento profissional, pr\u00e1ticas sustent\u00e1veis e a interseccionalidade no judici\u00e1rio.","robots":{"index":"index","follow":"follow","max-snippet":"max-snippet:-1","max-image-preview":"max-image-preview:large","max-video-preview":"max-video-preview:-1"},"canonical":"https:\/\/ejurr.tjrr.jus.br\/?p=31038","og_locale":"pt_BR","og_type":"article","og_title":"Educere - Ejurr divulga a rela\u00e7\u00e3o dos cursos de maio - EJURR","og_description":"A Escola Judicial de Roraima realizar\u00e1 cursos sobre aprimoramento profissional, pr\u00e1ticas sustent\u00e1veis e a interseccionalidade no judici\u00e1rio.","og_url":"https:\/\/ejurr.tjrr.jus.br\/?p=31038","og_site_name":"EJURR","article_publisher":"https:\/\/www.facebook.com\/ejurr.tj","article_published_time":"2026-04-29T15:34:55+00:00","article_modified_time":"2026-04-29T15:35:49+00:00","og_image":[{"width":1600,"height":1067,"url":"https:\/\/ejurr.tjrr.jus.br\/wp-content\/uploads\/2026\/04\/WhatsApp-Image-2026-04-22-at-13.08.03.jpeg","type":"image\/jpeg"}],"author":"Yasmin Tavares Vieira","twitter_card":"summary_large_image","twitter_misc":{"Escrito por":"Yasmin Tavares Vieira","Est. tempo de leitura":"3 minutos"},"schema":{"@context":"https:\/\/schema.org","@graph":[{"@type":"Article","@id":"https:\/\/ejurr.tjrr.jus.br\/?p=31038#article","isPartOf":{"@id":"https:\/\/ejurr.tjrr.jus.br\/?p=31038"},"author":{"name":"Yasmin Tavares Vieira","@id":"https:\/\/ejurr.tjrr.jus.br\/#\/schema\/person\/f1b6f5e2c7fb49f1a29a80b47c588a4f"},"headline":"Educere &#8211; Ejurr divulga a rela\u00e7\u00e3o dos cursos de maio","datePublished":"2026-04-29T15:34:55+00:00","dateModified":"2026-04-29T15:35:49+00:00","mainEntityOfPage":{"@id":"https:\/\/ejurr.tjrr.jus.br\/?p=31038"},"wordCount":507,"commentCount":0,"publisher":{"@id":"https:\/\/ejurr.tjrr.jus.br\/#organization"},"image":{"@id":"https:\/\/ejurr.tjrr.jus.br\/?p=31038#primaryimage"},"thumbnailUrl":"https:\/\/ejurr.tjrr.jus.br\/wp-content\/uploads\/2026\/04\/WhatsApp-Image-2026-04-22-at-13.08.03.jpeg","articleSection":["Not\u00edcias"],"inLanguage":"pt-BR","potentialAction":[{"@type":"CommentAction","name":"Comment","target":["https:\/\/ejurr.tjrr.jus.br\/?p=31038#respond"]}]},{"@type":"WebPage","@id":"https:\/\/ejurr.tjrr.jus.br\/?p=31038","url":"https:\/\/ejurr.tjrr.jus.br\/?p=31038","name":"Educere - Ejurr divulga a rela\u00e7\u00e3o dos cursos de maio - EJURR","isPartOf":{"@id":"https:\/\/ejurr.tjrr.jus.br\/#website"},"primaryImageOfPage":{"@id":"https:\/\/ejurr.tjrr.jus.br\/?p=31038#primaryimage"},"image":{"@id":"https:\/\/ejurr.tjrr.jus.br\/?p=31038#primaryimage"},"thumbnailUrl":"https:\/\/ejurr.tjrr.jus.br\/wp-content\/uploads\/2026\/04\/WhatsApp-Image-2026-04-22-at-13.08.03.jpeg","datePublished":"2026-04-29T15:34:55+00:00","dateModified":"2026-04-29T15:35:49+00:00","description":"A Escola Judicial de Roraima realizar\u00e1 cursos sobre aprimoramento profissional, pr\u00e1ticas sustent\u00e1veis e a interseccionalidade no judici\u00e1rio.","breadcrumb":{"@id":"https:\/\/ejurr.tjrr.jus.br\/?p=31038#breadcrumb"},"inLanguage":"pt-BR","potentialAction":[{"@type":"ReadAction","target":["https:\/\/ejurr.tjrr.jus.br\/?p=31038"]}]},{"@type":"ImageObject","inLanguage":"pt-BR","@id":"https:\/\/ejurr.tjrr.jus.br\/?p=31038#primaryimage","url":"https:\/\/ejurr.tjrr.jus.br\/wp-content\/uploads\/2026\/04\/WhatsApp-Image-2026-04-22-at-13.08.03.jpeg","contentUrl":"https:\/\/ejurr.tjrr.jus.br\/wp-content\/uploads\/2026\/04\/WhatsApp-Image-2026-04-22-at-13.08.03.jpeg","width":1600,"height":1067},{"@type":"BreadcrumbList","@id":"https:\/\/ejurr.tjrr.jus.br\/?p=31038#breadcrumb","itemListElement":[{"@type":"ListItem","position":1,"name":"In\u00edcio","item":"https:\/\/ejurr.tjrr.jus.br\/"},{"@type":"ListItem","position":2,"name":"Educere &#8211; Ejurr divulga a rela\u00e7\u00e3o dos cursos de maio"}]},{"@type":"WebSite","@id":"https:\/\/ejurr.tjrr.jus.br\/#website","url":"https:\/\/ejurr.tjrr.jus.br\/","name":"Escola Judicial de Roraima","description":"A Escola Judicial de Roraima \u00e9 uma institui\u00e7\u00e3o de educa\u00e7\u00e3o corporativa mantida pelo Tribunal de Justi\u00e7a do Estado de Roraima. Seu objetivo \u00e9 planejar e executar os cursos de forma\u00e7\u00e3o inicial, capacita\u00e7\u00e3o e aperfei\u00e7oamento dos magistrados, servidores, formadores e colaboradores do Poder Judici\u00e1rio.","publisher":{"@id":"https:\/\/ejurr.tjrr.jus.br\/#organization"},"alternateName":"EJURR","potentialAction":[{"@type":"SearchAction","target":{"@type":"EntryPoint","urlTemplate":"https:\/\/ejurr.tjrr.jus.br\/?s={search_term_string}"},"query-input":{"@type":"PropertyValueSpecification","valueRequired":true,"valueName":"search_term_string"}}],"inLanguage":"pt-BR"},{"@type":"Organization","@id":"https:\/\/ejurr.tjrr.jus.br\/#organization","name":"Escola Judicial de Roraima","alternateName":"EJURR","url":"https:\/\/ejurr.tjrr.jus.br\/","logo":{"@type":"ImageObject","inLanguage":"pt-BR","@id":"https:\/\/ejurr.tjrr.jus.br\/#\/schema\/logo\/image\/","url":"https:\/\/ejurr.tjrr.jus.br\/wp-content\/uploads\/2023\/06\/MIV-EJURR-V.png","contentUrl":"https:\/\/ejurr.tjrr.jus.br\/wp-content\/uploads\/2023\/06\/MIV-EJURR-V.png","width":387,"height":369,"caption":"Escola Judicial de Roraima"},"image":{"@id":"https:\/\/ejurr.tjrr.jus.br\/#\/schema\/logo\/image\/"},"sameAs":["https:\/\/www.facebook.com\/ejurr.tj","https:\/\/www.instagram.com\/ejurr.tj\/","https:\/\/www.youtube.com\/@ejurr","https:\/\/wa.me\/559531984156","https:\/\/www.flickr.com\/photos\/ejurr_oficial"]},{"@type":"Person","@id":"https:\/\/ejurr.tjrr.jus.br\/#\/schema\/person\/f1b6f5e2c7fb49f1a29a80b47c588a4f","name":"Yasmin Tavares Vieira","image":{"@type":"ImageObject","inLanguage":"pt-BR","@id":"https:\/\/ejurr.tjrr.jus.br\/#\/schema\/person\/image\/","url":"https:\/\/secure.gravatar.com\/avatar\/35ac5710a0c40cd8f2db0c66b83e8a66?s=96&d=mm&r=g","contentUrl":"https:\/\/secure.gravatar.com\/avatar\/35ac5710a0c40cd8f2db0c66b83e8a66?s=96&d=mm&r=g","caption":"Yasmin Tavares Vieira"},"sameAs":["http:\/\/ejurr.tjrr.jus.br"],"url":"https:\/\/ejurr.tjrr.jus.br\/?author=10"}]}},"_links":{"self":[{"href":"https:\/\/ejurr.tjrr.jus.br\/index.php?rest_route=\/wp\/v2\/posts\/31038","targetHints":{"allow":["GET"]}}],"collection":[{"href":"https:\/\/ejurr.tjrr.jus.br\/index.php?rest_route=\/wp\/v2\/posts"}],"about":[{"href":"https:\/\/ejurr.tjrr.jus.br\/index.php?rest_route=\/wp\/v2\/types\/post"}],"author":[{"embeddable":true,"href":"https:\/\/ejurr.tjrr.jus.br\/index.php?rest_route=\/wp\/v2\/users\/10"}],"replies":[{"embeddable":true,"href":"https:\/\/ejurr.tjrr.jus.br\/index.php?rest_route=%2Fwp%2Fv2%2Fcomments&post=31038"}],"version-history":[{"count":2,"href":"https:\/\/ejurr.tjrr.jus.br\/index.php?rest_route=\/wp\/v2\/posts\/31038\/revisions"}],"predecessor-version":[{"id":31043,"href":"https:\/\/ejurr.tjrr.jus.br\/index.php?rest_route=\/wp\/v2\/posts\/31038\/revisions\/31043"}],"wp:featuredmedia":[{"embeddable":true,"href":"https:\/\/ejurr.tjrr.jus.br\/index.php?rest_route=\/wp\/v2\/media\/31039"}],"wp:attachment":[{"href":"https:\/\/ejurr.tjrr.jus.br\/index.php?rest_route=%2Fwp%2Fv2%2Fmedia&parent=31038"}],"wp:term":[{"taxonomy":"category","embeddable":true,"href":"https:\/\/ejurr.tjrr.jus.br\/index.php?rest_route=%2Fwp%2Fv2%2Fcategories&post=31038"},{"taxonomy":"post_tag","embeddable":true,"href":"https:\/\/ejurr.tjrr.jus.br\/index.php?rest_route=%2Fwp%2Fv2%2Ftags&post=31038"}],"curies":[{"name":"wp","href":"https:\/\/api.w.org\/{rel}","templated":true}]}}