{"id":31024,"date":"2026-04-27T09:30:07","date_gmt":"2026-04-27T13:30:07","guid":{"rendered":"https:\/\/ejurr.tjrr.jus.br\/?p=31024"},"modified":"2026-04-27T09:31:27","modified_gmt":"2026-04-27T13:31:27","slug":"tecnicas-de-mediacao-e-conciliacao-sao-temas-de-curso","status":"publish","type":"post","link":"https:\/\/ejurr.tjrr.jus.br\/?p=31024","title":{"rendered":"T\u00e9cnicas de media\u00e7\u00e3o e concilia\u00e7\u00e3o s\u00e3o temas de curso"},"content":{"rendered":"\n<figure class=\"wp-block-image size-large\"><img fetchpriority=\"high\" decoding=\"async\" width=\"1024\" height=\"768\" src=\"https:\/\/ejurr.tjrr.jus.br\/wp-content\/uploads\/2026\/04\/IMG_1863-1-1024x768.jpg\" alt=\"\" class=\"wp-image-31027\" srcset=\"https:\/\/ejurr.tjrr.jus.br\/wp-content\/uploads\/2026\/04\/IMG_1863-1-1024x768.jpg 1024w, https:\/\/ejurr.tjrr.jus.br\/wp-content\/uploads\/2026\/04\/IMG_1863-1-300x225.jpg 300w, https:\/\/ejurr.tjrr.jus.br\/wp-content\/uploads\/2026\/04\/IMG_1863-1-768x576.jpg 768w, https:\/\/ejurr.tjrr.jus.br\/wp-content\/uploads\/2026\/04\/IMG_1863-1-1536x1152.jpg 1536w, https:\/\/ejurr.tjrr.jus.br\/wp-content\/uploads\/2026\/04\/IMG_1863-1-2048x1536.jpg 2048w\" sizes=\"(max-width: 1024px) 100vw, 1024px\" \/><\/figure>\n\n\n\n<p>A Escola Judicial de Roraima (Ejurr)\u00a0realizou o curso de T\u00e9cnicas de Concilia\u00e7\u00e3o e Media\u00e7\u00e3o Judicial entre os dias 22 e 24 de abril. A atividade foi realizada com apoio do N\u00facleo Permanente de M\u00e9todos Consensuais de Solu\u00e7\u00e3o de Conflitos (Nupemec) do Poder Judici\u00e1rio de Roraima.<\/p>\n\n\n\n<p>O curso foi ministrado pelo mediador Shiromir Assis Eda e o t\u00e9cnico judici\u00e1rio Cristiano Rodrigues, ambos com experi\u00eancia na \u00e1rea de media\u00e7\u00e3o e concilia\u00e7\u00e3o judicial. A forma\u00e7\u00e3o ocorreu em formato presencial na Ejurr e no Cejusc.<\/p>\n\n\n\n<p>O objetivo do curso foi desenvolver compet\u00eancias em servidoras, servidores, estagi\u00e1rias e estagi\u00e1rios do Poder Judici\u00e1rio para atuarem de forma efetiva na promo\u00e7\u00e3o da cultura de paz e na gest\u00e3o adequada de conflitos, por meio da aplica\u00e7\u00e3o dos m\u00e9todos de media\u00e7\u00e3o e concilia\u00e7\u00e3o judicial, em conson\u00e2ncia com a Resolu\u00e7\u00e3o CNJ n\u00ba 125\/2010. <\/p>\n\n\n\n<p>De acordo com o instrutor Shiromir Eda, a capacita\u00e7\u00e3o permitiu abordar o tema entre servidores e estagi\u00e1rios da Justi\u00e7a Itinerante do TJRR, com forma de incentivar os cursistas a atuarem como agentes de uma cultura de paz, pautada no di\u00e1logo, na escuta sens\u00edvel e na valoriza\u00e7\u00e3o das rela\u00e7\u00f5es humanas. Cerca de 20 pessoas participaram das aulas.<\/p>\n\n\n\n<p>&#8220;O curso destinado aos servidores e estagi\u00e1rios da Justi\u00e7a Itinerante, possibilitou uma troca de experi\u00eancia e apresenta\u00e7\u00e3o de t\u00e9cnicas, ferramentas e metodologias autocompositivas que auxiliar\u00e3o ainda mais nas audi\u00eancias dessa unidade que j\u00e1 realiza um trabalho de excel\u00eancia. A capacita\u00e7\u00e3o continuada de servidores e de novos estagi\u00e1rios em raz\u00e3o da rotatividade, possibilita um resultado acolhedor, efetivo e de qualidade, promovendo uma cultura de paz e evitando novos lit\u00edgios ou o retorno deles.&#8221;, refor\u00e7ou.<\/p>\n\n\n\n<figure class=\"wp-block-image size-large\"><img decoding=\"async\" width=\"1024\" height=\"768\" src=\"https:\/\/ejurr.tjrr.jus.br\/wp-content\/uploads\/2026\/04\/IMG_1878-1024x768.jpg\" alt=\"\" class=\"wp-image-31028\" srcset=\"https:\/\/ejurr.tjrr.jus.br\/wp-content\/uploads\/2026\/04\/IMG_1878-1024x768.jpg 1024w, https:\/\/ejurr.tjrr.jus.br\/wp-content\/uploads\/2026\/04\/IMG_1878-300x225.jpg 300w, https:\/\/ejurr.tjrr.jus.br\/wp-content\/uploads\/2026\/04\/IMG_1878-768x576.jpg 768w, https:\/\/ejurr.tjrr.jus.br\/wp-content\/uploads\/2026\/04\/IMG_1878-1536x1152.jpg 1536w, https:\/\/ejurr.tjrr.jus.br\/wp-content\/uploads\/2026\/04\/IMG_1878-2048x1536.jpg 2048w\" sizes=\"(max-width: 1024px) 100vw, 1024px\" \/><\/figure>\n\n\n\n<p><strong>Curr\u00edculo dos instrutores<\/strong><\/p>\n\n\n\n<p>Shiromir de Assis Eda \u00e9 graduado em Direito, especialista em Direito Processual Civil, analista judici\u00e1rio do TJRR, instrutor na \u00e1rea de forma\u00e7\u00e3o de Conciliadores e Mediadores Judiciais&nbsp; \u00c9 conciliador, mediador judicial e supervisor em media\u00e7\u00e3o<strong>.<\/strong><\/p>\n\n\n\n<p>Cristiano Rodrigues de Oliveira possui gradua\u00e7\u00e3o em matem\u00e1tica pela Universidade Estadual de Roraima. Ele \u00e9 t\u00e9cnico judici\u00e1rio do Tribunal de Justi\u00e7a de Roraima. Possui experi\u00eancia na \u00e1rea do Direito, com \u00eanfase em Media\u00e7\u00e3o de conflitos.<\/p>\n\n\n\n<p><\/p>\n\n\n\n<p class=\"has-small-font-size\"><strong>Texto:\u00a0Erica Figueredo\/\u00a0Imagens:\u00a0Divulga\u00e7\u00e3o<\/strong><\/p>\n\n\n\n<p class=\"has-small-font-size\">O portal da Ejurr oferece recursos de acessibilidade por meio da plataforma Ryben\u00e1.<\/p>\n\n\n\n<p class=\"has-small-font-size\"><\/p>\n","protected":false},"excerpt":{"rendered":"<p>A Escola Judicial de Roraima (Ejurr)\u00a0realizou o curso de T\u00e9cnicas de Concilia\u00e7\u00e3o e Media\u00e7\u00e3o Judicial entre os dias 22 e 24 de abril. A atividade foi realizada com apoio do N\u00facleo Permanente de M\u00e9todos Consensuais de Solu\u00e7\u00e3o de Conflitos (Nupemec) do Poder Judici\u00e1rio de Roraima. O curso foi ministrado pelo mediador Shiromir Assis Eda e [&hellip;]<\/p>\n","protected":false},"author":3,"featured_media":31028,"comment_status":"open","ping_status":"open","sticky":false,"template":"","format":"standard","meta":{"footnotes":""},"categories":[9],"tags":[],"class_list":["post-31024","post","type-post","status-publish","format-standard","has-post-thumbnail","hentry","category-noticias"],"yoast_head":"<!-- This site is optimized with the Yoast SEO plugin v26.6 - https:\/\/yoast.com\/wordpress\/plugins\/seo\/ -->\n<title>T\u00e9cnicas de media\u00e7\u00e3o e concilia\u00e7\u00e3o s\u00e3o temas de curso - EJURR<\/title>\n<meta name=\"robots\" content=\"index, follow, max-snippet:-1, max-image-preview:large, max-video-preview:-1\" \/>\n<link rel=\"canonical\" href=\"https:\/\/ejurr.tjrr.jus.br\/?p=31024\" \/>\n<meta property=\"og:locale\" content=\"pt_BR\" \/>\n<meta property=\"og:type\" content=\"article\" \/>\n<meta property=\"og:title\" content=\"T\u00e9cnicas de media\u00e7\u00e3o e concilia\u00e7\u00e3o s\u00e3o temas de curso - EJURR\" \/>\n<meta property=\"og:description\" content=\"A Escola Judicial de Roraima (Ejurr)\u00a0realizou o curso de T\u00e9cnicas de Concilia\u00e7\u00e3o e Media\u00e7\u00e3o Judicial entre os dias 22 e 24 de abril. A atividade foi realizada com apoio do N\u00facleo Permanente de M\u00e9todos Consensuais de Solu\u00e7\u00e3o de Conflitos (Nupemec) do Poder Judici\u00e1rio de Roraima. O curso foi ministrado pelo mediador Shiromir Assis Eda e [&hellip;]\" \/>\n<meta property=\"og:url\" content=\"https:\/\/ejurr.tjrr.jus.br\/?p=31024\" \/>\n<meta property=\"og:site_name\" content=\"EJURR\" \/>\n<meta property=\"article:publisher\" content=\"https:\/\/www.facebook.com\/ejurr.tj\" \/>\n<meta property=\"article:published_time\" content=\"2026-04-27T13:30:07+00:00\" \/>\n<meta property=\"article:modified_time\" content=\"2026-04-27T13:31:27+00:00\" \/>\n<meta property=\"og:image\" content=\"https:\/\/ejurr.tjrr.jus.br\/wp-content\/uploads\/2026\/04\/IMG_1878-scaled.jpg\" \/>\n\t<meta property=\"og:image:width\" content=\"2560\" \/>\n\t<meta property=\"og:image:height\" content=\"1920\" \/>\n\t<meta property=\"og:image:type\" content=\"image\/jpeg\" \/>\n<meta name=\"author\" content=\"\u00c9rica Figueredo\" \/>\n<meta name=\"twitter:card\" content=\"summary_large_image\" \/>\n<meta name=\"twitter:label1\" content=\"Escrito por\" \/>\n\t<meta name=\"twitter:data1\" content=\"\u00c9rica Figueredo\" \/>\n\t<meta name=\"twitter:label2\" content=\"Est. tempo de leitura\" \/>\n\t<meta name=\"twitter:data2\" content=\"3 minutos\" \/>\n<script type=\"application\/ld+json\" class=\"yoast-schema-graph\">{\"@context\":\"https:\/\/schema.org\",\"@graph\":[{\"@type\":\"Article\",\"@id\":\"https:\/\/ejurr.tjrr.jus.br\/?p=31024#article\",\"isPartOf\":{\"@id\":\"https:\/\/ejurr.tjrr.jus.br\/?p=31024\"},\"author\":{\"name\":\"\u00c9rica Figueredo\",\"@id\":\"https:\/\/ejurr.tjrr.jus.br\/#\/schema\/person\/5dce040510816d75c020721e1d0ee85e\"},\"headline\":\"T\u00e9cnicas de media\u00e7\u00e3o e concilia\u00e7\u00e3o s\u00e3o temas de curso\",\"datePublished\":\"2026-04-27T13:30:07+00:00\",\"dateModified\":\"2026-04-27T13:31:27+00:00\",\"mainEntityOfPage\":{\"@id\":\"https:\/\/ejurr.tjrr.jus.br\/?p=31024\"},\"wordCount\":418,\"commentCount\":0,\"publisher\":{\"@id\":\"https:\/\/ejurr.tjrr.jus.br\/#organization\"},\"image\":{\"@id\":\"https:\/\/ejurr.tjrr.jus.br\/?p=31024#primaryimage\"},\"thumbnailUrl\":\"https:\/\/ejurr.tjrr.jus.br\/wp-content\/uploads\/2026\/04\/IMG_1878-scaled.jpg\",\"articleSection\":[\"Not\u00edcias\"],\"inLanguage\":\"pt-BR\",\"potentialAction\":[{\"@type\":\"CommentAction\",\"name\":\"Comment\",\"target\":[\"https:\/\/ejurr.tjrr.jus.br\/?p=31024#respond\"]}]},{\"@type\":\"WebPage\",\"@id\":\"https:\/\/ejurr.tjrr.jus.br\/?p=31024\",\"url\":\"https:\/\/ejurr.tjrr.jus.br\/?p=31024\",\"name\":\"T\u00e9cnicas de media\u00e7\u00e3o e concilia\u00e7\u00e3o s\u00e3o temas de curso - EJURR\",\"isPartOf\":{\"@id\":\"https:\/\/ejurr.tjrr.jus.br\/#website\"},\"primaryImageOfPage\":{\"@id\":\"https:\/\/ejurr.tjrr.jus.br\/?p=31024#primaryimage\"},\"image\":{\"@id\":\"https:\/\/ejurr.tjrr.jus.br\/?p=31024#primaryimage\"},\"thumbnailUrl\":\"https:\/\/ejurr.tjrr.jus.br\/wp-content\/uploads\/2026\/04\/IMG_1878-scaled.jpg\",\"datePublished\":\"2026-04-27T13:30:07+00:00\",\"dateModified\":\"2026-04-27T13:31:27+00:00\",\"breadcrumb\":{\"@id\":\"https:\/\/ejurr.tjrr.jus.br\/?p=31024#breadcrumb\"},\"inLanguage\":\"pt-BR\",\"potentialAction\":[{\"@type\":\"ReadAction\",\"target\":[\"https:\/\/ejurr.tjrr.jus.br\/?p=31024\"]}]},{\"@type\":\"ImageObject\",\"inLanguage\":\"pt-BR\",\"@id\":\"https:\/\/ejurr.tjrr.jus.br\/?p=31024#primaryimage\",\"url\":\"https:\/\/ejurr.tjrr.jus.br\/wp-content\/uploads\/2026\/04\/IMG_1878-scaled.jpg\",\"contentUrl\":\"https:\/\/ejurr.tjrr.jus.br\/wp-content\/uploads\/2026\/04\/IMG_1878-scaled.jpg\",\"width\":2560,\"height\":1920},{\"@type\":\"BreadcrumbList\",\"@id\":\"https:\/\/ejurr.tjrr.jus.br\/?p=31024#breadcrumb\",\"itemListElement\":[{\"@type\":\"ListItem\",\"position\":1,\"name\":\"In\u00edcio\",\"item\":\"https:\/\/ejurr.tjrr.jus.br\/\"},{\"@type\":\"ListItem\",\"position\":2,\"name\":\"T\u00e9cnicas de media\u00e7\u00e3o e concilia\u00e7\u00e3o s\u00e3o temas de curso\"}]},{\"@type\":\"WebSite\",\"@id\":\"https:\/\/ejurr.tjrr.jus.br\/#website\",\"url\":\"https:\/\/ejurr.tjrr.jus.br\/\",\"name\":\"Escola Judicial de Roraima\",\"description\":\"A Escola Judicial de Roraima \u00e9 uma institui\u00e7\u00e3o de educa\u00e7\u00e3o corporativa mantida pelo Tribunal de Justi\u00e7a do Estado de Roraima. Seu objetivo \u00e9 planejar e executar os cursos de forma\u00e7\u00e3o inicial, capacita\u00e7\u00e3o e aperfei\u00e7oamento dos magistrados, servidores, formadores e colaboradores do Poder Judici\u00e1rio.\",\"publisher\":{\"@id\":\"https:\/\/ejurr.tjrr.jus.br\/#organization\"},\"alternateName\":\"EJURR\",\"potentialAction\":[{\"@type\":\"SearchAction\",\"target\":{\"@type\":\"EntryPoint\",\"urlTemplate\":\"https:\/\/ejurr.tjrr.jus.br\/?s={search_term_string}\"},\"query-input\":{\"@type\":\"PropertyValueSpecification\",\"valueRequired\":true,\"valueName\":\"search_term_string\"}}],\"inLanguage\":\"pt-BR\"},{\"@type\":\"Organization\",\"@id\":\"https:\/\/ejurr.tjrr.jus.br\/#organization\",\"name\":\"Escola Judicial de Roraima\",\"alternateName\":\"EJURR\",\"url\":\"https:\/\/ejurr.tjrr.jus.br\/\",\"logo\":{\"@type\":\"ImageObject\",\"inLanguage\":\"pt-BR\",\"@id\":\"https:\/\/ejurr.tjrr.jus.br\/#\/schema\/logo\/image\/\",\"url\":\"https:\/\/ejurr.tjrr.jus.br\/wp-content\/uploads\/2023\/06\/MIV-EJURR-V.png\",\"contentUrl\":\"https:\/\/ejurr.tjrr.jus.br\/wp-content\/uploads\/2023\/06\/MIV-EJURR-V.png\",\"width\":387,\"height\":369,\"caption\":\"Escola Judicial de Roraima\"},\"image\":{\"@id\":\"https:\/\/ejurr.tjrr.jus.br\/#\/schema\/logo\/image\/\"},\"sameAs\":[\"https:\/\/www.facebook.com\/ejurr.tj\",\"https:\/\/www.instagram.com\/ejurr.tj\/\",\"https:\/\/www.youtube.com\/@ejurr\",\"https:\/\/wa.me\/559531984156\",\"https:\/\/www.flickr.com\/photos\/ejurr_oficial\"]},{\"@type\":\"Person\",\"@id\":\"https:\/\/ejurr.tjrr.jus.br\/#\/schema\/person\/5dce040510816d75c020721e1d0ee85e\",\"name\":\"\u00c9rica Figueredo\",\"image\":{\"@type\":\"ImageObject\",\"inLanguage\":\"pt-BR\",\"@id\":\"https:\/\/ejurr.tjrr.jus.br\/#\/schema\/person\/image\/\",\"url\":\"https:\/\/secure.gravatar.com\/avatar\/ca55ee37aaa0889795b400a799c5c4a9?s=96&d=mm&r=g\",\"contentUrl\":\"https:\/\/secure.gravatar.com\/avatar\/ca55ee37aaa0889795b400a799c5c4a9?s=96&d=mm&r=g\",\"caption\":\"\u00c9rica Figueredo\"},\"sameAs\":[\"http:\/\/ejurr.tjrr.jus.br\"],\"url\":\"https:\/\/ejurr.tjrr.jus.br\/?author=3\"}]}<\/script>\n<!-- \/ Yoast SEO plugin. -->","yoast_head_json":{"title":"T\u00e9cnicas de media\u00e7\u00e3o e concilia\u00e7\u00e3o s\u00e3o temas de curso - EJURR","robots":{"index":"index","follow":"follow","max-snippet":"max-snippet:-1","max-image-preview":"max-image-preview:large","max-video-preview":"max-video-preview:-1"},"canonical":"https:\/\/ejurr.tjrr.jus.br\/?p=31024","og_locale":"pt_BR","og_type":"article","og_title":"T\u00e9cnicas de media\u00e7\u00e3o e concilia\u00e7\u00e3o s\u00e3o temas de curso - EJURR","og_description":"A Escola Judicial de Roraima (Ejurr)\u00a0realizou o curso de T\u00e9cnicas de Concilia\u00e7\u00e3o e Media\u00e7\u00e3o Judicial entre os dias 22 e 24 de abril. A atividade foi realizada com apoio do N\u00facleo Permanente de M\u00e9todos Consensuais de Solu\u00e7\u00e3o de Conflitos (Nupemec) do Poder Judici\u00e1rio de Roraima. O curso foi ministrado pelo mediador Shiromir Assis Eda e [&hellip;]","og_url":"https:\/\/ejurr.tjrr.jus.br\/?p=31024","og_site_name":"EJURR","article_publisher":"https:\/\/www.facebook.com\/ejurr.tj","article_published_time":"2026-04-27T13:30:07+00:00","article_modified_time":"2026-04-27T13:31:27+00:00","og_image":[{"width":2560,"height":1920,"url":"https:\/\/ejurr.tjrr.jus.br\/wp-content\/uploads\/2026\/04\/IMG_1878-scaled.jpg","type":"image\/jpeg"}],"author":"\u00c9rica Figueredo","twitter_card":"summary_large_image","twitter_misc":{"Escrito por":"\u00c9rica Figueredo","Est. tempo de leitura":"3 minutos"},"schema":{"@context":"https:\/\/schema.org","@graph":[{"@type":"Article","@id":"https:\/\/ejurr.tjrr.jus.br\/?p=31024#article","isPartOf":{"@id":"https:\/\/ejurr.tjrr.jus.br\/?p=31024"},"author":{"name":"\u00c9rica Figueredo","@id":"https:\/\/ejurr.tjrr.jus.br\/#\/schema\/person\/5dce040510816d75c020721e1d0ee85e"},"headline":"T\u00e9cnicas de media\u00e7\u00e3o e concilia\u00e7\u00e3o s\u00e3o temas de curso","datePublished":"2026-04-27T13:30:07+00:00","dateModified":"2026-04-27T13:31:27+00:00","mainEntityOfPage":{"@id":"https:\/\/ejurr.tjrr.jus.br\/?p=31024"},"wordCount":418,"commentCount":0,"publisher":{"@id":"https:\/\/ejurr.tjrr.jus.br\/#organization"},"image":{"@id":"https:\/\/ejurr.tjrr.jus.br\/?p=31024#primaryimage"},"thumbnailUrl":"https:\/\/ejurr.tjrr.jus.br\/wp-content\/uploads\/2026\/04\/IMG_1878-scaled.jpg","articleSection":["Not\u00edcias"],"inLanguage":"pt-BR","potentialAction":[{"@type":"CommentAction","name":"Comment","target":["https:\/\/ejurr.tjrr.jus.br\/?p=31024#respond"]}]},{"@type":"WebPage","@id":"https:\/\/ejurr.tjrr.jus.br\/?p=31024","url":"https:\/\/ejurr.tjrr.jus.br\/?p=31024","name":"T\u00e9cnicas de media\u00e7\u00e3o e concilia\u00e7\u00e3o s\u00e3o temas de curso - EJURR","isPartOf":{"@id":"https:\/\/ejurr.tjrr.jus.br\/#website"},"primaryImageOfPage":{"@id":"https:\/\/ejurr.tjrr.jus.br\/?p=31024#primaryimage"},"image":{"@id":"https:\/\/ejurr.tjrr.jus.br\/?p=31024#primaryimage"},"thumbnailUrl":"https:\/\/ejurr.tjrr.jus.br\/wp-content\/uploads\/2026\/04\/IMG_1878-scaled.jpg","datePublished":"2026-04-27T13:30:07+00:00","dateModified":"2026-04-27T13:31:27+00:00","breadcrumb":{"@id":"https:\/\/ejurr.tjrr.jus.br\/?p=31024#breadcrumb"},"inLanguage":"pt-BR","potentialAction":[{"@type":"ReadAction","target":["https:\/\/ejurr.tjrr.jus.br\/?p=31024"]}]},{"@type":"ImageObject","inLanguage":"pt-BR","@id":"https:\/\/ejurr.tjrr.jus.br\/?p=31024#primaryimage","url":"https:\/\/ejurr.tjrr.jus.br\/wp-content\/uploads\/2026\/04\/IMG_1878-scaled.jpg","contentUrl":"https:\/\/ejurr.tjrr.jus.br\/wp-content\/uploads\/2026\/04\/IMG_1878-scaled.jpg","width":2560,"height":1920},{"@type":"BreadcrumbList","@id":"https:\/\/ejurr.tjrr.jus.br\/?p=31024#breadcrumb","itemListElement":[{"@type":"ListItem","position":1,"name":"In\u00edcio","item":"https:\/\/ejurr.tjrr.jus.br\/"},{"@type":"ListItem","position":2,"name":"T\u00e9cnicas de media\u00e7\u00e3o e concilia\u00e7\u00e3o s\u00e3o temas de curso"}]},{"@type":"WebSite","@id":"https:\/\/ejurr.tjrr.jus.br\/#website","url":"https:\/\/ejurr.tjrr.jus.br\/","name":"Escola Judicial de Roraima","description":"A Escola Judicial de Roraima \u00e9 uma institui\u00e7\u00e3o de educa\u00e7\u00e3o corporativa mantida pelo Tribunal de Justi\u00e7a do Estado de Roraima. Seu objetivo \u00e9 planejar e executar os cursos de forma\u00e7\u00e3o inicial, capacita\u00e7\u00e3o e aperfei\u00e7oamento dos magistrados, servidores, formadores e colaboradores do Poder Judici\u00e1rio.","publisher":{"@id":"https:\/\/ejurr.tjrr.jus.br\/#organization"},"alternateName":"EJURR","potentialAction":[{"@type":"SearchAction","target":{"@type":"EntryPoint","urlTemplate":"https:\/\/ejurr.tjrr.jus.br\/?s={search_term_string}"},"query-input":{"@type":"PropertyValueSpecification","valueRequired":true,"valueName":"search_term_string"}}],"inLanguage":"pt-BR"},{"@type":"Organization","@id":"https:\/\/ejurr.tjrr.jus.br\/#organization","name":"Escola Judicial de Roraima","alternateName":"EJURR","url":"https:\/\/ejurr.tjrr.jus.br\/","logo":{"@type":"ImageObject","inLanguage":"pt-BR","@id":"https:\/\/ejurr.tjrr.jus.br\/#\/schema\/logo\/image\/","url":"https:\/\/ejurr.tjrr.jus.br\/wp-content\/uploads\/2023\/06\/MIV-EJURR-V.png","contentUrl":"https:\/\/ejurr.tjrr.jus.br\/wp-content\/uploads\/2023\/06\/MIV-EJURR-V.png","width":387,"height":369,"caption":"Escola Judicial de Roraima"},"image":{"@id":"https:\/\/ejurr.tjrr.jus.br\/#\/schema\/logo\/image\/"},"sameAs":["https:\/\/www.facebook.com\/ejurr.tj","https:\/\/www.instagram.com\/ejurr.tj\/","https:\/\/www.youtube.com\/@ejurr","https:\/\/wa.me\/559531984156","https:\/\/www.flickr.com\/photos\/ejurr_oficial"]},{"@type":"Person","@id":"https:\/\/ejurr.tjrr.jus.br\/#\/schema\/person\/5dce040510816d75c020721e1d0ee85e","name":"\u00c9rica Figueredo","image":{"@type":"ImageObject","inLanguage":"pt-BR","@id":"https:\/\/ejurr.tjrr.jus.br\/#\/schema\/person\/image\/","url":"https:\/\/secure.gravatar.com\/avatar\/ca55ee37aaa0889795b400a799c5c4a9?s=96&d=mm&r=g","contentUrl":"https:\/\/secure.gravatar.com\/avatar\/ca55ee37aaa0889795b400a799c5c4a9?s=96&d=mm&r=g","caption":"\u00c9rica Figueredo"},"sameAs":["http:\/\/ejurr.tjrr.jus.br"],"url":"https:\/\/ejurr.tjrr.jus.br\/?author=3"}]}},"_links":{"self":[{"href":"https:\/\/ejurr.tjrr.jus.br\/index.php?rest_route=\/wp\/v2\/posts\/31024","targetHints":{"allow":["GET"]}}],"collection":[{"href":"https:\/\/ejurr.tjrr.jus.br\/index.php?rest_route=\/wp\/v2\/posts"}],"about":[{"href":"https:\/\/ejurr.tjrr.jus.br\/index.php?rest_route=\/wp\/v2\/types\/post"}],"author":[{"embeddable":true,"href":"https:\/\/ejurr.tjrr.jus.br\/index.php?rest_route=\/wp\/v2\/users\/3"}],"replies":[{"embeddable":true,"href":"https:\/\/ejurr.tjrr.jus.br\/index.php?rest_route=%2Fwp%2Fv2%2Fcomments&post=31024"}],"version-history":[{"count":2,"href":"https:\/\/ejurr.tjrr.jus.br\/index.php?rest_route=\/wp\/v2\/posts\/31024\/revisions"}],"predecessor-version":[{"id":31031,"href":"https:\/\/ejurr.tjrr.jus.br\/index.php?rest_route=\/wp\/v2\/posts\/31024\/revisions\/31031"}],"wp:featuredmedia":[{"embeddable":true,"href":"https:\/\/ejurr.tjrr.jus.br\/index.php?rest_route=\/wp\/v2\/media\/31028"}],"wp:attachment":[{"href":"https:\/\/ejurr.tjrr.jus.br\/index.php?rest_route=%2Fwp%2Fv2%2Fmedia&parent=31024"}],"wp:term":[{"taxonomy":"category","embeddable":true,"href":"https:\/\/ejurr.tjrr.jus.br\/index.php?rest_route=%2Fwp%2Fv2%2Fcategories&post=31024"},{"taxonomy":"post_tag","embeddable":true,"href":"https:\/\/ejurr.tjrr.jus.br\/index.php?rest_route=%2Fwp%2Fv2%2Ftags&post=31024"}],"curies":[{"name":"wp","href":"https:\/\/api.w.org\/{rel}","templated":true}]}}