{"id":31000,"date":"2026-04-24T12:05:58","date_gmt":"2026-04-24T16:05:58","guid":{"rendered":"https:\/\/ejurr.tjrr.jus.br\/?p=31000"},"modified":"2026-04-24T13:54:35","modified_gmt":"2026-04-24T17:54:35","slug":"oficiais-de-justica-participam-de-curso-sobre-avaliacao-de-imoveis","status":"publish","type":"post","link":"https:\/\/ejurr.tjrr.jus.br\/?p=31000","title":{"rendered":"Oficiais de justi\u00e7a participam de curso sobre avalia\u00e7\u00e3o de im\u00f3veis\u00a0"},"content":{"rendered":"\n<p>A Central de Mandados do Tribunal de Justi\u00e7a de Roraima e a Escola Judicial de Roraima (Ejurr) promoveram entre os dias 23 de mar\u00e7o e 17 de abril o curso \u201cAvalia\u00e7\u00e3o de im\u00f3veis urbanos e rurais para oficiais de justi\u00e7a\u201d. A capacita\u00e7\u00e3o foi ministrada pelo oficial de justi\u00e7a do Tribunal de Justi\u00e7a de S\u00e3o Paulo, Vagner Sebasti\u00e3o.&nbsp;<\/p>\n\n\n\n<p>Cerca de 50 oficiais de justi\u00e7a participaram da capacita\u00e7\u00e3o, que teve carga-hor\u00e1ria de 40 horas. A primeira etapa do curso foi realizada no formato EaD durante o m\u00eas de mar\u00e7o e a primeira quinzena de abril. A segunda fase foi presencial, entre os dias 16 e 17 de abril, com atividades na sala 415 na Ejurr.<\/p>\n\n\n\n<figure class=\"wp-block-image size-large\"><img fetchpriority=\"high\" decoding=\"async\" width=\"1024\" height=\"682\" src=\"https:\/\/ejurr.tjrr.jus.br\/wp-content\/uploads\/2026\/04\/8932ef84-4677-406f-87ab-103f8a135354-1024x682.jpg\" alt=\"\" class=\"wp-image-31004\" srcset=\"https:\/\/ejurr.tjrr.jus.br\/wp-content\/uploads\/2026\/04\/8932ef84-4677-406f-87ab-103f8a135354-1024x682.jpg 1024w, https:\/\/ejurr.tjrr.jus.br\/wp-content\/uploads\/2026\/04\/8932ef84-4677-406f-87ab-103f8a135354-300x200.jpg 300w, https:\/\/ejurr.tjrr.jus.br\/wp-content\/uploads\/2026\/04\/8932ef84-4677-406f-87ab-103f8a135354-768x512.jpg 768w, https:\/\/ejurr.tjrr.jus.br\/wp-content\/uploads\/2026\/04\/8932ef84-4677-406f-87ab-103f8a135354-1536x1023.jpg 1536w, https:\/\/ejurr.tjrr.jus.br\/wp-content\/uploads\/2026\/04\/8932ef84-4677-406f-87ab-103f8a135354.jpg 1600w\" sizes=\"(max-width: 1024px) 100vw, 1024px\" \/><\/figure>\n\n\n\n<p>A inten\u00e7\u00e3o do curso foi aperfei\u00e7oar o conhecimento t\u00e9cnico e jur\u00eddico aplicado \u00e0 atividade, padronizar procedimentos e reduzir inconsist\u00eancias nos autos, contribuindo para maior efici\u00eancia e qualidade no cumprimento das ordens judiciais.&nbsp;<\/p>\n\n\n\n<p>A avalia\u00e7\u00e3o de im\u00f3veis est\u00e1 entre as atribui\u00e7\u00f5es de oficiais de justi\u00e7a no cumprimento de mandados judiciais, sendo importante para a efetividade das decis\u00f5es do Poder Judici\u00e1rio.&nbsp; A correta estimativa do valor de bens im\u00f3veis contribui para garantir maior seguran\u00e7a jur\u00eddica aos atos processuais e equidade entre as partes envolvidas.<\/p>\n\n\n\n<figure class=\"wp-block-image size-large\"><img decoding=\"async\" width=\"1024\" height=\"682\" src=\"https:\/\/ejurr.tjrr.jus.br\/wp-content\/uploads\/2026\/04\/dbd9f66f-0f3d-4942-9858-51e774817fc5-1024x682.jpg\" alt=\"\" class=\"wp-image-31005\" srcset=\"https:\/\/ejurr.tjrr.jus.br\/wp-content\/uploads\/2026\/04\/dbd9f66f-0f3d-4942-9858-51e774817fc5-1024x682.jpg 1024w, https:\/\/ejurr.tjrr.jus.br\/wp-content\/uploads\/2026\/04\/dbd9f66f-0f3d-4942-9858-51e774817fc5-300x200.jpg 300w, https:\/\/ejurr.tjrr.jus.br\/wp-content\/uploads\/2026\/04\/dbd9f66f-0f3d-4942-9858-51e774817fc5-768x512.jpg 768w, https:\/\/ejurr.tjrr.jus.br\/wp-content\/uploads\/2026\/04\/dbd9f66f-0f3d-4942-9858-51e774817fc5-1536x1023.jpg 1536w, https:\/\/ejurr.tjrr.jus.br\/wp-content\/uploads\/2026\/04\/dbd9f66f-0f3d-4942-9858-51e774817fc5.jpg 1600w\" sizes=\"(max-width: 1024px) 100vw, 1024px\" \/><\/figure>\n\n\n\n<p>De acordo com o instrutor do curso, Vagner Sebasti\u00e3o, o contato com os cursistas foi iniciado antes das aulas por meio de uma pesquisa qualitativa para entender o perfil e as necessidades dos cursistas.\u00a0<\/p>\n\n\n\n<p>\u201cA partir dessa realidade que eles trouxeram, n\u00f3s constru\u00edmos junto com a escola um curso que trouxesse solu\u00e7\u00f5es para os colegas. N\u00f3s fizemos um curso, n\u00e3o te\u00f3rico, mas um curso voltado para aquilo que eles realmente buscavam. Ent\u00e3o o maior sucesso do curso n\u00e3o \u00e9 do Vagner, o sucesso maior desse curso s\u00e3o daquelas pessoas que se envolveram, que responderam os question\u00e1rios que compartilharam sua realidade, abriram suas vidas, as suas dificuldade para que pud\u00e9ssemos atuar como organizadores e facilitadores dessa atividade.\u201d, destacou.<\/p>\n\n\n\n<p>A oficial de justi\u00e7a, Hellen Matos, ressaltou a import\u00e2ncia da capacita\u00e7\u00e3o para aprimorar os conhecimentos sobre im\u00f3veis. \u201cIsso vai ampliar nossos conhecimentos, nos auxiliar no nosso trabalho, no dia-a-dia e na nossa rotina como oficial de justi\u00e7a\u201d, disse.<\/p>\n\n\n\n<p>Para o chefe da Central de Mandados do TJRR, Givanildo Moura, o curso atingiu o objetivo de ampliar os conhecimentos dos profissionais com a participa\u00e7\u00e3o de um formador experiente na \u00e1rea.<\/p>\n\n\n\n<p>\u201cEra uma demanda que a gente tinha observado na categoria, que precis\u00e1vamos avan\u00e7ar no conhecimento sobre avalia\u00e7\u00e3o de im\u00f3veis. Ent\u00e3o pensando nisso, idealizamos esse projeto&nbsp; de trazer um um profissional gabaritado de fora, que foi o professor Vagner, que tem uma boa did\u00e1tica e pode contribuir com o ensino aqui nessa \u00e1rea\u201d, refor\u00e7ou.<\/p>\n\n\n\n<p><strong>Curr\u00edculo do formador<\/strong><\/p>\n\n\n\n<p>Vagner Sebasti\u00e3o \u00e9 oficial de justi\u00e7a do TJSP, professor universit\u00e1rio, mestre em Ci\u00eancias Criminol\u00f3gico-Forences pela Universidad de Ciencias Sociales e Empresariales de Buenos Aires, perito avaliador de Im\u00f3veis certificado pelo Sistema CRECI\/COFECI, especialista em Avalia\u00e7\u00e3o Pericial de Bens, especialista em Direito Processual Civil, especialista em Direito Penal, especialista em Media\u00e7\u00e3o Concilia\u00e7\u00e3o e Arbitragem, especialista em Psicologia e Criminologia, especialista em Psicologia Jur\u00eddica, e especialista em Execu\u00e7\u00e3o de Ordens Judiciais.<\/p>\n\n\n\n<figure class=\"wp-block-image size-large\"><img decoding=\"async\" width=\"1024\" height=\"681\" src=\"https:\/\/ejurr.tjrr.jus.br\/wp-content\/uploads\/2026\/04\/oficiais-1024x681.jpg\" alt=\"\" class=\"wp-image-31001\" srcset=\"https:\/\/ejurr.tjrr.jus.br\/wp-content\/uploads\/2026\/04\/oficiais-1024x681.jpg 1024w, https:\/\/ejurr.tjrr.jus.br\/wp-content\/uploads\/2026\/04\/oficiais-300x200.jpg 300w, https:\/\/ejurr.tjrr.jus.br\/wp-content\/uploads\/2026\/04\/oficiais-768x511.jpg 768w, https:\/\/ejurr.tjrr.jus.br\/wp-content\/uploads\/2026\/04\/oficiais-1536x1022.jpg 1536w, https:\/\/ejurr.tjrr.jus.br\/wp-content\/uploads\/2026\/04\/oficiais-2048x1363.jpg 2048w\" sizes=\"(max-width: 1024px) 100vw, 1024px\" \/><\/figure>\n\n\n\n<p class=\"has-small-font-size\"><strong>Texto:&nbsp;<\/strong>Erica Figueredo\/ <strong>Imagens:<\/strong> Ejurr<\/p>\n\n\n\n<p class=\"has-small-font-size\">O portal da Ejurr oferece recursos de acessibilidade por meio da plataforma Ryben\u00e1.<\/p>\n","protected":false},"excerpt":{"rendered":"<p>A Central de Mandados do Tribunal de Justi\u00e7a de Roraima e a Escola Judicial de Roraima (Ejurr) promoveram entre os dias 23 de mar\u00e7o e 17 de abril o curso \u201cAvalia\u00e7\u00e3o de im\u00f3veis urbanos e rurais para oficiais de justi\u00e7a\u201d. A capacita\u00e7\u00e3o foi ministrada pelo oficial de justi\u00e7a do Tribunal de Justi\u00e7a de S\u00e3o Paulo, [&hellip;]<\/p>\n","protected":false},"author":3,"featured_media":31001,"comment_status":"open","ping_status":"open","sticky":false,"template":"","format":"standard","meta":{"footnotes":""},"categories":[9],"tags":[],"class_list":["post-31000","post","type-post","status-publish","format-standard","has-post-thumbnail","hentry","category-noticias"],"yoast_head":"<!-- This site is optimized with the Yoast SEO plugin v26.6 - https:\/\/yoast.com\/wordpress\/plugins\/seo\/ -->\n<title>Oficiais de justi\u00e7a participam de curso sobre avalia\u00e7\u00e3o de im\u00f3veis\u00a0 - EJURR<\/title>\n<meta name=\"robots\" content=\"index, follow, max-snippet:-1, max-image-preview:large, max-video-preview:-1\" \/>\n<link rel=\"canonical\" href=\"https:\/\/ejurr.tjrr.jus.br\/?p=31000\" \/>\n<meta property=\"og:locale\" content=\"pt_BR\" \/>\n<meta property=\"og:type\" content=\"article\" \/>\n<meta property=\"og:title\" content=\"Oficiais de justi\u00e7a participam de curso sobre avalia\u00e7\u00e3o de im\u00f3veis\u00a0 - EJURR\" \/>\n<meta property=\"og:description\" content=\"A Central de Mandados do Tribunal de Justi\u00e7a de Roraima e a Escola Judicial de Roraima (Ejurr) promoveram entre os dias 23 de mar\u00e7o e 17 de abril o curso \u201cAvalia\u00e7\u00e3o de im\u00f3veis urbanos e rurais para oficiais de justi\u00e7a\u201d. A capacita\u00e7\u00e3o foi ministrada pelo oficial de justi\u00e7a do Tribunal de Justi\u00e7a de S\u00e3o Paulo, [&hellip;]\" \/>\n<meta property=\"og:url\" content=\"https:\/\/ejurr.tjrr.jus.br\/?p=31000\" \/>\n<meta property=\"og:site_name\" content=\"EJURR\" \/>\n<meta property=\"article:publisher\" content=\"https:\/\/www.facebook.com\/ejurr.tj\" \/>\n<meta property=\"article:published_time\" content=\"2026-04-24T16:05:58+00:00\" \/>\n<meta property=\"article:modified_time\" content=\"2026-04-24T17:54:35+00:00\" \/>\n<meta property=\"og:image\" content=\"https:\/\/ejurr.tjrr.jus.br\/wp-content\/uploads\/2026\/04\/oficiais-scaled.jpg\" \/>\n\t<meta property=\"og:image:width\" content=\"2560\" \/>\n\t<meta property=\"og:image:height\" content=\"1703\" \/>\n\t<meta property=\"og:image:type\" content=\"image\/jpeg\" \/>\n<meta name=\"author\" content=\"\u00c9rica Figueredo\" \/>\n<meta name=\"twitter:card\" content=\"summary_large_image\" \/>\n<meta name=\"twitter:label1\" content=\"Escrito por\" \/>\n\t<meta name=\"twitter:data1\" content=\"\u00c9rica Figueredo\" \/>\n\t<meta name=\"twitter:label2\" content=\"Est. tempo de leitura\" \/>\n\t<meta name=\"twitter:data2\" content=\"4 minutos\" \/>\n<script type=\"application\/ld+json\" class=\"yoast-schema-graph\">{\"@context\":\"https:\/\/schema.org\",\"@graph\":[{\"@type\":\"Article\",\"@id\":\"https:\/\/ejurr.tjrr.jus.br\/?p=31000#article\",\"isPartOf\":{\"@id\":\"https:\/\/ejurr.tjrr.jus.br\/?p=31000\"},\"author\":{\"name\":\"\u00c9rica Figueredo\",\"@id\":\"https:\/\/ejurr.tjrr.jus.br\/#\/schema\/person\/5dce040510816d75c020721e1d0ee85e\"},\"headline\":\"Oficiais de justi\u00e7a participam de curso sobre avalia\u00e7\u00e3o de im\u00f3veis\u00a0\",\"datePublished\":\"2026-04-24T16:05:58+00:00\",\"dateModified\":\"2026-04-24T17:54:35+00:00\",\"mainEntityOfPage\":{\"@id\":\"https:\/\/ejurr.tjrr.jus.br\/?p=31000\"},\"wordCount\":600,\"commentCount\":0,\"publisher\":{\"@id\":\"https:\/\/ejurr.tjrr.jus.br\/#organization\"},\"image\":{\"@id\":\"https:\/\/ejurr.tjrr.jus.br\/?p=31000#primaryimage\"},\"thumbnailUrl\":\"https:\/\/ejurr.tjrr.jus.br\/wp-content\/uploads\/2026\/04\/oficiais-scaled.jpg\",\"articleSection\":[\"Not\u00edcias\"],\"inLanguage\":\"pt-BR\",\"potentialAction\":[{\"@type\":\"CommentAction\",\"name\":\"Comment\",\"target\":[\"https:\/\/ejurr.tjrr.jus.br\/?p=31000#respond\"]}]},{\"@type\":\"WebPage\",\"@id\":\"https:\/\/ejurr.tjrr.jus.br\/?p=31000\",\"url\":\"https:\/\/ejurr.tjrr.jus.br\/?p=31000\",\"name\":\"Oficiais de justi\u00e7a participam de curso sobre avalia\u00e7\u00e3o de im\u00f3veis\u00a0 - EJURR\",\"isPartOf\":{\"@id\":\"https:\/\/ejurr.tjrr.jus.br\/#website\"},\"primaryImageOfPage\":{\"@id\":\"https:\/\/ejurr.tjrr.jus.br\/?p=31000#primaryimage\"},\"image\":{\"@id\":\"https:\/\/ejurr.tjrr.jus.br\/?p=31000#primaryimage\"},\"thumbnailUrl\":\"https:\/\/ejurr.tjrr.jus.br\/wp-content\/uploads\/2026\/04\/oficiais-scaled.jpg\",\"datePublished\":\"2026-04-24T16:05:58+00:00\",\"dateModified\":\"2026-04-24T17:54:35+00:00\",\"breadcrumb\":{\"@id\":\"https:\/\/ejurr.tjrr.jus.br\/?p=31000#breadcrumb\"},\"inLanguage\":\"pt-BR\",\"potentialAction\":[{\"@type\":\"ReadAction\",\"target\":[\"https:\/\/ejurr.tjrr.jus.br\/?p=31000\"]}]},{\"@type\":\"ImageObject\",\"inLanguage\":\"pt-BR\",\"@id\":\"https:\/\/ejurr.tjrr.jus.br\/?p=31000#primaryimage\",\"url\":\"https:\/\/ejurr.tjrr.jus.br\/wp-content\/uploads\/2026\/04\/oficiais-scaled.jpg\",\"contentUrl\":\"https:\/\/ejurr.tjrr.jus.br\/wp-content\/uploads\/2026\/04\/oficiais-scaled.jpg\",\"width\":2560,\"height\":1703},{\"@type\":\"BreadcrumbList\",\"@id\":\"https:\/\/ejurr.tjrr.jus.br\/?p=31000#breadcrumb\",\"itemListElement\":[{\"@type\":\"ListItem\",\"position\":1,\"name\":\"In\u00edcio\",\"item\":\"https:\/\/ejurr.tjrr.jus.br\/\"},{\"@type\":\"ListItem\",\"position\":2,\"name\":\"Oficiais de justi\u00e7a participam de curso sobre avalia\u00e7\u00e3o de im\u00f3veis\u00a0\"}]},{\"@type\":\"WebSite\",\"@id\":\"https:\/\/ejurr.tjrr.jus.br\/#website\",\"url\":\"https:\/\/ejurr.tjrr.jus.br\/\",\"name\":\"Escola Judicial de Roraima\",\"description\":\"A Escola Judicial de Roraima \u00e9 uma institui\u00e7\u00e3o de educa\u00e7\u00e3o corporativa mantida pelo Tribunal de Justi\u00e7a do Estado de Roraima. Seu objetivo \u00e9 planejar e executar os cursos de forma\u00e7\u00e3o inicial, capacita\u00e7\u00e3o e aperfei\u00e7oamento dos magistrados, servidores, formadores e colaboradores do Poder Judici\u00e1rio.\",\"publisher\":{\"@id\":\"https:\/\/ejurr.tjrr.jus.br\/#organization\"},\"alternateName\":\"EJURR\",\"potentialAction\":[{\"@type\":\"SearchAction\",\"target\":{\"@type\":\"EntryPoint\",\"urlTemplate\":\"https:\/\/ejurr.tjrr.jus.br\/?s={search_term_string}\"},\"query-input\":{\"@type\":\"PropertyValueSpecification\",\"valueRequired\":true,\"valueName\":\"search_term_string\"}}],\"inLanguage\":\"pt-BR\"},{\"@type\":\"Organization\",\"@id\":\"https:\/\/ejurr.tjrr.jus.br\/#organization\",\"name\":\"Escola Judicial de Roraima\",\"alternateName\":\"EJURR\",\"url\":\"https:\/\/ejurr.tjrr.jus.br\/\",\"logo\":{\"@type\":\"ImageObject\",\"inLanguage\":\"pt-BR\",\"@id\":\"https:\/\/ejurr.tjrr.jus.br\/#\/schema\/logo\/image\/\",\"url\":\"https:\/\/ejurr.tjrr.jus.br\/wp-content\/uploads\/2023\/06\/MIV-EJURR-V.png\",\"contentUrl\":\"https:\/\/ejurr.tjrr.jus.br\/wp-content\/uploads\/2023\/06\/MIV-EJURR-V.png\",\"width\":387,\"height\":369,\"caption\":\"Escola Judicial de Roraima\"},\"image\":{\"@id\":\"https:\/\/ejurr.tjrr.jus.br\/#\/schema\/logo\/image\/\"},\"sameAs\":[\"https:\/\/www.facebook.com\/ejurr.tj\",\"https:\/\/www.instagram.com\/ejurr.tj\/\",\"https:\/\/www.youtube.com\/@ejurr\",\"https:\/\/wa.me\/559531984156\",\"https:\/\/www.flickr.com\/photos\/ejurr_oficial\"]},{\"@type\":\"Person\",\"@id\":\"https:\/\/ejurr.tjrr.jus.br\/#\/schema\/person\/5dce040510816d75c020721e1d0ee85e\",\"name\":\"\u00c9rica Figueredo\",\"image\":{\"@type\":\"ImageObject\",\"inLanguage\":\"pt-BR\",\"@id\":\"https:\/\/ejurr.tjrr.jus.br\/#\/schema\/person\/image\/\",\"url\":\"https:\/\/secure.gravatar.com\/avatar\/ca55ee37aaa0889795b400a799c5c4a9?s=96&d=mm&r=g\",\"contentUrl\":\"https:\/\/secure.gravatar.com\/avatar\/ca55ee37aaa0889795b400a799c5c4a9?s=96&d=mm&r=g\",\"caption\":\"\u00c9rica Figueredo\"},\"sameAs\":[\"http:\/\/ejurr.tjrr.jus.br\"],\"url\":\"https:\/\/ejurr.tjrr.jus.br\/?author=3\"}]}<\/script>\n<!-- \/ Yoast SEO plugin. -->","yoast_head_json":{"title":"Oficiais de justi\u00e7a participam de curso sobre avalia\u00e7\u00e3o de im\u00f3veis\u00a0 - EJURR","robots":{"index":"index","follow":"follow","max-snippet":"max-snippet:-1","max-image-preview":"max-image-preview:large","max-video-preview":"max-video-preview:-1"},"canonical":"https:\/\/ejurr.tjrr.jus.br\/?p=31000","og_locale":"pt_BR","og_type":"article","og_title":"Oficiais de justi\u00e7a participam de curso sobre avalia\u00e7\u00e3o de im\u00f3veis\u00a0 - EJURR","og_description":"A Central de Mandados do Tribunal de Justi\u00e7a de Roraima e a Escola Judicial de Roraima (Ejurr) promoveram entre os dias 23 de mar\u00e7o e 17 de abril o curso \u201cAvalia\u00e7\u00e3o de im\u00f3veis urbanos e rurais para oficiais de justi\u00e7a\u201d. A capacita\u00e7\u00e3o foi ministrada pelo oficial de justi\u00e7a do Tribunal de Justi\u00e7a de S\u00e3o Paulo, [&hellip;]","og_url":"https:\/\/ejurr.tjrr.jus.br\/?p=31000","og_site_name":"EJURR","article_publisher":"https:\/\/www.facebook.com\/ejurr.tj","article_published_time":"2026-04-24T16:05:58+00:00","article_modified_time":"2026-04-24T17:54:35+00:00","og_image":[{"width":2560,"height":1703,"url":"https:\/\/ejurr.tjrr.jus.br\/wp-content\/uploads\/2026\/04\/oficiais-scaled.jpg","type":"image\/jpeg"}],"author":"\u00c9rica Figueredo","twitter_card":"summary_large_image","twitter_misc":{"Escrito por":"\u00c9rica Figueredo","Est. tempo de leitura":"4 minutos"},"schema":{"@context":"https:\/\/schema.org","@graph":[{"@type":"Article","@id":"https:\/\/ejurr.tjrr.jus.br\/?p=31000#article","isPartOf":{"@id":"https:\/\/ejurr.tjrr.jus.br\/?p=31000"},"author":{"name":"\u00c9rica Figueredo","@id":"https:\/\/ejurr.tjrr.jus.br\/#\/schema\/person\/5dce040510816d75c020721e1d0ee85e"},"headline":"Oficiais de justi\u00e7a participam de curso sobre avalia\u00e7\u00e3o de im\u00f3veis\u00a0","datePublished":"2026-04-24T16:05:58+00:00","dateModified":"2026-04-24T17:54:35+00:00","mainEntityOfPage":{"@id":"https:\/\/ejurr.tjrr.jus.br\/?p=31000"},"wordCount":600,"commentCount":0,"publisher":{"@id":"https:\/\/ejurr.tjrr.jus.br\/#organization"},"image":{"@id":"https:\/\/ejurr.tjrr.jus.br\/?p=31000#primaryimage"},"thumbnailUrl":"https:\/\/ejurr.tjrr.jus.br\/wp-content\/uploads\/2026\/04\/oficiais-scaled.jpg","articleSection":["Not\u00edcias"],"inLanguage":"pt-BR","potentialAction":[{"@type":"CommentAction","name":"Comment","target":["https:\/\/ejurr.tjrr.jus.br\/?p=31000#respond"]}]},{"@type":"WebPage","@id":"https:\/\/ejurr.tjrr.jus.br\/?p=31000","url":"https:\/\/ejurr.tjrr.jus.br\/?p=31000","name":"Oficiais de justi\u00e7a participam de curso sobre avalia\u00e7\u00e3o de im\u00f3veis\u00a0 - EJURR","isPartOf":{"@id":"https:\/\/ejurr.tjrr.jus.br\/#website"},"primaryImageOfPage":{"@id":"https:\/\/ejurr.tjrr.jus.br\/?p=31000#primaryimage"},"image":{"@id":"https:\/\/ejurr.tjrr.jus.br\/?p=31000#primaryimage"},"thumbnailUrl":"https:\/\/ejurr.tjrr.jus.br\/wp-content\/uploads\/2026\/04\/oficiais-scaled.jpg","datePublished":"2026-04-24T16:05:58+00:00","dateModified":"2026-04-24T17:54:35+00:00","breadcrumb":{"@id":"https:\/\/ejurr.tjrr.jus.br\/?p=31000#breadcrumb"},"inLanguage":"pt-BR","potentialAction":[{"@type":"ReadAction","target":["https:\/\/ejurr.tjrr.jus.br\/?p=31000"]}]},{"@type":"ImageObject","inLanguage":"pt-BR","@id":"https:\/\/ejurr.tjrr.jus.br\/?p=31000#primaryimage","url":"https:\/\/ejurr.tjrr.jus.br\/wp-content\/uploads\/2026\/04\/oficiais-scaled.jpg","contentUrl":"https:\/\/ejurr.tjrr.jus.br\/wp-content\/uploads\/2026\/04\/oficiais-scaled.jpg","width":2560,"height":1703},{"@type":"BreadcrumbList","@id":"https:\/\/ejurr.tjrr.jus.br\/?p=31000#breadcrumb","itemListElement":[{"@type":"ListItem","position":1,"name":"In\u00edcio","item":"https:\/\/ejurr.tjrr.jus.br\/"},{"@type":"ListItem","position":2,"name":"Oficiais de justi\u00e7a participam de curso sobre avalia\u00e7\u00e3o de im\u00f3veis\u00a0"}]},{"@type":"WebSite","@id":"https:\/\/ejurr.tjrr.jus.br\/#website","url":"https:\/\/ejurr.tjrr.jus.br\/","name":"Escola Judicial de Roraima","description":"A Escola Judicial de Roraima \u00e9 uma institui\u00e7\u00e3o de educa\u00e7\u00e3o corporativa mantida pelo Tribunal de Justi\u00e7a do Estado de Roraima. Seu objetivo \u00e9 planejar e executar os cursos de forma\u00e7\u00e3o inicial, capacita\u00e7\u00e3o e aperfei\u00e7oamento dos magistrados, servidores, formadores e colaboradores do Poder Judici\u00e1rio.","publisher":{"@id":"https:\/\/ejurr.tjrr.jus.br\/#organization"},"alternateName":"EJURR","potentialAction":[{"@type":"SearchAction","target":{"@type":"EntryPoint","urlTemplate":"https:\/\/ejurr.tjrr.jus.br\/?s={search_term_string}"},"query-input":{"@type":"PropertyValueSpecification","valueRequired":true,"valueName":"search_term_string"}}],"inLanguage":"pt-BR"},{"@type":"Organization","@id":"https:\/\/ejurr.tjrr.jus.br\/#organization","name":"Escola Judicial de Roraima","alternateName":"EJURR","url":"https:\/\/ejurr.tjrr.jus.br\/","logo":{"@type":"ImageObject","inLanguage":"pt-BR","@id":"https:\/\/ejurr.tjrr.jus.br\/#\/schema\/logo\/image\/","url":"https:\/\/ejurr.tjrr.jus.br\/wp-content\/uploads\/2023\/06\/MIV-EJURR-V.png","contentUrl":"https:\/\/ejurr.tjrr.jus.br\/wp-content\/uploads\/2023\/06\/MIV-EJURR-V.png","width":387,"height":369,"caption":"Escola Judicial de Roraima"},"image":{"@id":"https:\/\/ejurr.tjrr.jus.br\/#\/schema\/logo\/image\/"},"sameAs":["https:\/\/www.facebook.com\/ejurr.tj","https:\/\/www.instagram.com\/ejurr.tj\/","https:\/\/www.youtube.com\/@ejurr","https:\/\/wa.me\/559531984156","https:\/\/www.flickr.com\/photos\/ejurr_oficial"]},{"@type":"Person","@id":"https:\/\/ejurr.tjrr.jus.br\/#\/schema\/person\/5dce040510816d75c020721e1d0ee85e","name":"\u00c9rica Figueredo","image":{"@type":"ImageObject","inLanguage":"pt-BR","@id":"https:\/\/ejurr.tjrr.jus.br\/#\/schema\/person\/image\/","url":"https:\/\/secure.gravatar.com\/avatar\/ca55ee37aaa0889795b400a799c5c4a9?s=96&d=mm&r=g","contentUrl":"https:\/\/secure.gravatar.com\/avatar\/ca55ee37aaa0889795b400a799c5c4a9?s=96&d=mm&r=g","caption":"\u00c9rica Figueredo"},"sameAs":["http:\/\/ejurr.tjrr.jus.br"],"url":"https:\/\/ejurr.tjrr.jus.br\/?author=3"}]}},"_links":{"self":[{"href":"https:\/\/ejurr.tjrr.jus.br\/index.php?rest_route=\/wp\/v2\/posts\/31000","targetHints":{"allow":["GET"]}}],"collection":[{"href":"https:\/\/ejurr.tjrr.jus.br\/index.php?rest_route=\/wp\/v2\/posts"}],"about":[{"href":"https:\/\/ejurr.tjrr.jus.br\/index.php?rest_route=\/wp\/v2\/types\/post"}],"author":[{"embeddable":true,"href":"https:\/\/ejurr.tjrr.jus.br\/index.php?rest_route=\/wp\/v2\/users\/3"}],"replies":[{"embeddable":true,"href":"https:\/\/ejurr.tjrr.jus.br\/index.php?rest_route=%2Fwp%2Fv2%2Fcomments&post=31000"}],"version-history":[{"count":5,"href":"https:\/\/ejurr.tjrr.jus.br\/index.php?rest_route=\/wp\/v2\/posts\/31000\/revisions"}],"predecessor-version":[{"id":31009,"href":"https:\/\/ejurr.tjrr.jus.br\/index.php?rest_route=\/wp\/v2\/posts\/31000\/revisions\/31009"}],"wp:featuredmedia":[{"embeddable":true,"href":"https:\/\/ejurr.tjrr.jus.br\/index.php?rest_route=\/wp\/v2\/media\/31001"}],"wp:attachment":[{"href":"https:\/\/ejurr.tjrr.jus.br\/index.php?rest_route=%2Fwp%2Fv2%2Fmedia&parent=31000"}],"wp:term":[{"taxonomy":"category","embeddable":true,"href":"https:\/\/ejurr.tjrr.jus.br\/index.php?rest_route=%2Fwp%2Fv2%2Fcategories&post=31000"},{"taxonomy":"post_tag","embeddable":true,"href":"https:\/\/ejurr.tjrr.jus.br\/index.php?rest_route=%2Fwp%2Fv2%2Ftags&post=31000"}],"curies":[{"name":"wp","href":"https:\/\/api.w.org\/{rel}","templated":true}]}}