{"id":30996,"date":"2026-04-24T10:36:34","date_gmt":"2026-04-24T14:36:34","guid":{"rendered":"https:\/\/ejurr.tjrr.jus.br\/?p=30996"},"modified":"2026-04-24T10:36:35","modified_gmt":"2026-04-24T14:36:35","slug":"atuacao-como-laboratorista-no-judiciario-e-lancada","status":"publish","type":"post","link":"https:\/\/ejurr.tjrr.jus.br\/?p=30996","title":{"rendered":"Atua\u00e7\u00e3o como laboratorista no judici\u00e1rio \u00e9 lan\u00e7ada"},"content":{"rendered":"\n<p>Com o intuito de capacitar novos laboratoristas no poder judici\u00e1rio, a Escola Judicial de Roraima (Ejurr) inicia hoje (24) as inscri\u00e7\u00f5es para o curso \u201cForma\u00e7\u00e3o de Laboratoristas: facilita\u00e7\u00e3o, inova\u00e7\u00e3o e uso de tecnologias no Judici\u00e1rio\u201d. O diretor da Divis\u00e3o de Gest\u00e3o Estrat\u00e9gica e Governan\u00e7a do Tribunal Regional Federal da 5\u00aa Regi\u00e3o (TRF5), David Moltalv\u00e3o J\u00fanior, ministrar\u00e1 a capacita\u00e7\u00e3o.<\/p>\n\n\n\n<p>A forma\u00e7\u00e3o ir\u00e1 guiar os participantes a conduzir processos colaborativos, na implementa\u00e7\u00e3o de metodologias de inova\u00e7\u00e3o focadas no usu\u00e1rio e na utiliza\u00e7\u00e3o estrat\u00e9gica de tecnologias, com o objetivo de fomentar solu\u00e7\u00f5es inovadoras e aprimorar constantemente os servi\u00e7os judiciais.<\/p>\n\n\n\n<p>As inscri\u00e7\u00f5es v\u00e3o at\u00e9 o final deste m\u00eas, no dia 29. Magistradas, magistrados, servidoras e servidores do Tribunal de Justi\u00e7a de Roraima (TJRR) devem realizar a inscri\u00e7\u00e3o <a href=\"https:\/\/ejurr.tjrr.jus.br\/?p=30897\">por meio do site<\/a> da escola.\u00a0<\/p>\n\n\n\n<p>Os encontros ser\u00e3o presenciais na Ejurr, durante os dias 04 a 08 de maio, das 14h \u00e0s 18h, correspondendo a um total de 20 horas-aula. As inscri\u00e7\u00f5es v\u00e3o at\u00e9 o final deste m\u00eas, no dia 29. Mais informa\u00e7\u00f5es devem ser acessadas por meio do <a href=\"https:\/\/diario.tjrr.jus.br\/dpj\/dpj-20260414.pdf#page=9\">edital<\/a>.<\/p>\n\n\n\n<h2 class=\"wp-block-heading has-medium-font-size\"><strong>Curr\u00edculo do Instrutor<\/strong><\/h2>\n\n\n\n<p>David Montalv\u00e3o J\u00fanior \u00e9 doutor em Sistemas e Computa\u00e7\u00e3o pela Universidade Federal do Rio Grande do Norte (UFRN), com atua\u00e7\u00e3o destacada em inova\u00e7\u00e3o, transforma\u00e7\u00e3o digital e gest\u00e3o estrat\u00e9gica no setor p\u00fablico. <\/p>\n\n\n\n<p>Ele \u00e9 diretor da Divis\u00e3o de Gest\u00e3o Estrat\u00e9gica e Governan\u00e7a do Tribunal Regional Federal da 5\u00aa Regi\u00e3o (TRF5), onde trabalha com iniciativas de governan\u00e7a, intelig\u00eancia de dados, inova\u00e7\u00e3o e intelig\u00eancia artificial aplicada ao Judici\u00e1rio. Possui MBA em Gest\u00e3o de Projetos pela FGV, al\u00e9m de mestrado profissional em Inova\u00e7\u00e3o e Tecnologias Educacionais pelo Instituto Metr\u00f3pole Digital (UFRN). Ele tamb\u00e9m possui gradua\u00e7\u00e3o em Engenharia da Computa\u00e7\u00e3o.\u00a0<\/p>\n\n\n\n<p>Ao longo da carreira, liderou iniciativas de moderniza\u00e7\u00e3o institucional, gest\u00e3o de projetos e programas de inova\u00e7\u00e3o no Poder Judici\u00e1rio. Tamb\u00e9m atuou como facilitador de oficinas criativas, mentor e palestrante em temas relacionados \u00e0 inova\u00e7\u00e3o p\u00fablica, lideran\u00e7a e uso estrat\u00e9gico de tecnologias emergentes.\u00a0<\/p>\n\n\n\n<figure class=\"wp-block-image size-large\"><img decoding=\"async\" src=\"https:\/\/ejurr.tjrr.jus.br\/wp-content\/uploads\/2026\/04\/WhatsApp-Image-2026-04-13-at-13.14.23-1-682x1024.jpeg\" alt=\"\" class=\"wp-image-30997\" \/><\/figure>\n\n\n\n<p class=\"has-small-font-size\"><strong>Foto: <\/strong>Divulga\u00e7\u00e3o\/<strong>Texto: <\/strong>Yasmin Tavares sob supervis\u00e3o de Erica Figueredo<\/p>\n\n\n\n<p class=\"has-small-font-size\">O portal da Ejurr oferece recursos de acessibilidade por meio da plataforma Ryben\u00e1.<\/p>\n","protected":false},"excerpt":{"rendered":"<p>Com o intuito de capacitar novos laboratoristas no poder judici\u00e1rio, a Escola Judicial de Roraima (Ejurr) inicia hoje (24) as inscri\u00e7\u00f5es para o curso \u201cForma\u00e7\u00e3o de Laboratoristas: facilita\u00e7\u00e3o, inova\u00e7\u00e3o e uso de tecnologias no Judici\u00e1rio\u201d. O diretor da Divis\u00e3o de Gest\u00e3o Estrat\u00e9gica e Governan\u00e7a do Tribunal Regional Federal da 5\u00aa Regi\u00e3o (TRF5), David Moltalv\u00e3o J\u00fanior, [&hellip;]<\/p>\n","protected":false},"author":10,"featured_media":30998,"comment_status":"open","ping_status":"open","sticky":false,"template":"","format":"standard","meta":{"footnotes":""},"categories":[9],"tags":[],"class_list":["post-30996","post","type-post","status-publish","format-standard","has-post-thumbnail","hentry","category-noticias"],"yoast_head":"<!-- This site is optimized with the Yoast SEO plugin v26.6 - https:\/\/yoast.com\/wordpress\/plugins\/seo\/ -->\n<title>Atua\u00e7\u00e3o como laboratorista no judici\u00e1rio \u00e9 lan\u00e7ada - EJURR<\/title>\n<meta name=\"description\" content=\"A Escola Judicial de Roraima inicia as inscri\u00e7\u00f5es para o curso \u201cForma\u00e7\u00e3o de Laboratoristas: facilita\u00e7\u00e3o, inova\u00e7\u00e3o e uso de tecnologias no Judici\u00e1rio\u201d\" \/>\n<meta name=\"robots\" content=\"index, follow, max-snippet:-1, max-image-preview:large, max-video-preview:-1\" \/>\n<link rel=\"canonical\" href=\"https:\/\/ejurr.tjrr.jus.br\/?p=30996\" \/>\n<meta property=\"og:locale\" content=\"pt_BR\" \/>\n<meta property=\"og:type\" content=\"article\" \/>\n<meta property=\"og:title\" content=\"Atua\u00e7\u00e3o como laboratorista no judici\u00e1rio \u00e9 lan\u00e7ada - EJURR\" \/>\n<meta property=\"og:description\" content=\"A Escola Judicial de Roraima inicia as inscri\u00e7\u00f5es para o curso \u201cForma\u00e7\u00e3o de Laboratoristas: facilita\u00e7\u00e3o, inova\u00e7\u00e3o e uso de tecnologias no Judici\u00e1rio\u201d\" \/>\n<meta property=\"og:url\" content=\"https:\/\/ejurr.tjrr.jus.br\/?p=30996\" \/>\n<meta property=\"og:site_name\" content=\"EJURR\" \/>\n<meta property=\"article:publisher\" content=\"https:\/\/www.facebook.com\/ejurr.tj\" \/>\n<meta property=\"article:published_time\" content=\"2026-04-24T14:36:34+00:00\" \/>\n<meta property=\"article:modified_time\" content=\"2026-04-24T14:36:35+00:00\" \/>\n<meta property=\"og:image\" content=\"https:\/\/ejurr.tjrr.jus.br\/wp-content\/uploads\/2026\/04\/WhatsApp-Image-2026-04-13-at-13.14.23-1-1.jpeg\" \/>\n\t<meta property=\"og:image:width\" content=\"1066\" \/>\n\t<meta property=\"og:image:height\" content=\"1600\" \/>\n\t<meta property=\"og:image:type\" content=\"image\/jpeg\" \/>\n<meta name=\"author\" content=\"Yasmin Tavares Vieira\" \/>\n<meta name=\"twitter:card\" content=\"summary_large_image\" \/>\n<meta name=\"twitter:label1\" content=\"Escrito por\" \/>\n\t<meta name=\"twitter:data1\" content=\"Yasmin Tavares Vieira\" \/>\n\t<meta name=\"twitter:label2\" content=\"Est. tempo de leitura\" \/>\n\t<meta name=\"twitter:data2\" content=\"3 minutos\" \/>\n<script type=\"application\/ld+json\" class=\"yoast-schema-graph\">{\"@context\":\"https:\/\/schema.org\",\"@graph\":[{\"@type\":\"Article\",\"@id\":\"https:\/\/ejurr.tjrr.jus.br\/?p=30996#article\",\"isPartOf\":{\"@id\":\"https:\/\/ejurr.tjrr.jus.br\/?p=30996\"},\"author\":{\"name\":\"Yasmin Tavares Vieira\",\"@id\":\"https:\/\/ejurr.tjrr.jus.br\/#\/schema\/person\/f1b6f5e2c7fb49f1a29a80b47c588a4f\"},\"headline\":\"Atua\u00e7\u00e3o como laboratorista no judici\u00e1rio \u00e9 lan\u00e7ada\",\"datePublished\":\"2026-04-24T14:36:34+00:00\",\"dateModified\":\"2026-04-24T14:36:35+00:00\",\"mainEntityOfPage\":{\"@id\":\"https:\/\/ejurr.tjrr.jus.br\/?p=30996\"},\"wordCount\":405,\"commentCount\":0,\"publisher\":{\"@id\":\"https:\/\/ejurr.tjrr.jus.br\/#organization\"},\"image\":{\"@id\":\"https:\/\/ejurr.tjrr.jus.br\/?p=30996#primaryimage\"},\"thumbnailUrl\":\"https:\/\/ejurr.tjrr.jus.br\/wp-content\/uploads\/2026\/04\/WhatsApp-Image-2026-04-13-at-13.14.23-1-1.jpeg\",\"articleSection\":[\"Not\u00edcias\"],\"inLanguage\":\"pt-BR\",\"potentialAction\":[{\"@type\":\"CommentAction\",\"name\":\"Comment\",\"target\":[\"https:\/\/ejurr.tjrr.jus.br\/?p=30996#respond\"]}]},{\"@type\":\"WebPage\",\"@id\":\"https:\/\/ejurr.tjrr.jus.br\/?p=30996\",\"url\":\"https:\/\/ejurr.tjrr.jus.br\/?p=30996\",\"name\":\"Atua\u00e7\u00e3o como laboratorista no judici\u00e1rio \u00e9 lan\u00e7ada - EJURR\",\"isPartOf\":{\"@id\":\"https:\/\/ejurr.tjrr.jus.br\/#website\"},\"primaryImageOfPage\":{\"@id\":\"https:\/\/ejurr.tjrr.jus.br\/?p=30996#primaryimage\"},\"image\":{\"@id\":\"https:\/\/ejurr.tjrr.jus.br\/?p=30996#primaryimage\"},\"thumbnailUrl\":\"https:\/\/ejurr.tjrr.jus.br\/wp-content\/uploads\/2026\/04\/WhatsApp-Image-2026-04-13-at-13.14.23-1-1.jpeg\",\"datePublished\":\"2026-04-24T14:36:34+00:00\",\"dateModified\":\"2026-04-24T14:36:35+00:00\",\"description\":\"A Escola Judicial de Roraima inicia as inscri\u00e7\u00f5es para o curso \u201cForma\u00e7\u00e3o de Laboratoristas: facilita\u00e7\u00e3o, inova\u00e7\u00e3o e uso de tecnologias no Judici\u00e1rio\u201d\",\"breadcrumb\":{\"@id\":\"https:\/\/ejurr.tjrr.jus.br\/?p=30996#breadcrumb\"},\"inLanguage\":\"pt-BR\",\"potentialAction\":[{\"@type\":\"ReadAction\",\"target\":[\"https:\/\/ejurr.tjrr.jus.br\/?p=30996\"]}]},{\"@type\":\"ImageObject\",\"inLanguage\":\"pt-BR\",\"@id\":\"https:\/\/ejurr.tjrr.jus.br\/?p=30996#primaryimage\",\"url\":\"https:\/\/ejurr.tjrr.jus.br\/wp-content\/uploads\/2026\/04\/WhatsApp-Image-2026-04-13-at-13.14.23-1-1.jpeg\",\"contentUrl\":\"https:\/\/ejurr.tjrr.jus.br\/wp-content\/uploads\/2026\/04\/WhatsApp-Image-2026-04-13-at-13.14.23-1-1.jpeg\",\"width\":1066,\"height\":1600},{\"@type\":\"BreadcrumbList\",\"@id\":\"https:\/\/ejurr.tjrr.jus.br\/?p=30996#breadcrumb\",\"itemListElement\":[{\"@type\":\"ListItem\",\"position\":1,\"name\":\"In\u00edcio\",\"item\":\"https:\/\/ejurr.tjrr.jus.br\/\"},{\"@type\":\"ListItem\",\"position\":2,\"name\":\"Atua\u00e7\u00e3o como laboratorista no judici\u00e1rio \u00e9 lan\u00e7ada\"}]},{\"@type\":\"WebSite\",\"@id\":\"https:\/\/ejurr.tjrr.jus.br\/#website\",\"url\":\"https:\/\/ejurr.tjrr.jus.br\/\",\"name\":\"Escola Judicial de Roraima\",\"description\":\"A Escola Judicial de Roraima \u00e9 uma institui\u00e7\u00e3o de educa\u00e7\u00e3o corporativa mantida pelo Tribunal de Justi\u00e7a do Estado de Roraima. Seu objetivo \u00e9 planejar e executar os cursos de forma\u00e7\u00e3o inicial, capacita\u00e7\u00e3o e aperfei\u00e7oamento dos magistrados, servidores, formadores e colaboradores do Poder Judici\u00e1rio.\",\"publisher\":{\"@id\":\"https:\/\/ejurr.tjrr.jus.br\/#organization\"},\"alternateName\":\"EJURR\",\"potentialAction\":[{\"@type\":\"SearchAction\",\"target\":{\"@type\":\"EntryPoint\",\"urlTemplate\":\"https:\/\/ejurr.tjrr.jus.br\/?s={search_term_string}\"},\"query-input\":{\"@type\":\"PropertyValueSpecification\",\"valueRequired\":true,\"valueName\":\"search_term_string\"}}],\"inLanguage\":\"pt-BR\"},{\"@type\":\"Organization\",\"@id\":\"https:\/\/ejurr.tjrr.jus.br\/#organization\",\"name\":\"Escola Judicial de Roraima\",\"alternateName\":\"EJURR\",\"url\":\"https:\/\/ejurr.tjrr.jus.br\/\",\"logo\":{\"@type\":\"ImageObject\",\"inLanguage\":\"pt-BR\",\"@id\":\"https:\/\/ejurr.tjrr.jus.br\/#\/schema\/logo\/image\/\",\"url\":\"https:\/\/ejurr.tjrr.jus.br\/wp-content\/uploads\/2023\/06\/MIV-EJURR-V.png\",\"contentUrl\":\"https:\/\/ejurr.tjrr.jus.br\/wp-content\/uploads\/2023\/06\/MIV-EJURR-V.png\",\"width\":387,\"height\":369,\"caption\":\"Escola Judicial de Roraima\"},\"image\":{\"@id\":\"https:\/\/ejurr.tjrr.jus.br\/#\/schema\/logo\/image\/\"},\"sameAs\":[\"https:\/\/www.facebook.com\/ejurr.tj\",\"https:\/\/www.instagram.com\/ejurr.tj\/\",\"https:\/\/www.youtube.com\/@ejurr\",\"https:\/\/wa.me\/559531984156\",\"https:\/\/www.flickr.com\/photos\/ejurr_oficial\"]},{\"@type\":\"Person\",\"@id\":\"https:\/\/ejurr.tjrr.jus.br\/#\/schema\/person\/f1b6f5e2c7fb49f1a29a80b47c588a4f\",\"name\":\"Yasmin Tavares Vieira\",\"image\":{\"@type\":\"ImageObject\",\"inLanguage\":\"pt-BR\",\"@id\":\"https:\/\/ejurr.tjrr.jus.br\/#\/schema\/person\/image\/\",\"url\":\"https:\/\/secure.gravatar.com\/avatar\/35ac5710a0c40cd8f2db0c66b83e8a66?s=96&d=mm&r=g\",\"contentUrl\":\"https:\/\/secure.gravatar.com\/avatar\/35ac5710a0c40cd8f2db0c66b83e8a66?s=96&d=mm&r=g\",\"caption\":\"Yasmin Tavares Vieira\"},\"sameAs\":[\"http:\/\/ejurr.tjrr.jus.br\"],\"url\":\"https:\/\/ejurr.tjrr.jus.br\/?author=10\"}]}<\/script>\n<!-- \/ Yoast SEO plugin. -->","yoast_head_json":{"title":"Atua\u00e7\u00e3o como laboratorista no judici\u00e1rio \u00e9 lan\u00e7ada - EJURR","description":"A Escola Judicial de Roraima inicia as inscri\u00e7\u00f5es para o curso \u201cForma\u00e7\u00e3o de Laboratoristas: facilita\u00e7\u00e3o, inova\u00e7\u00e3o e uso de tecnologias no Judici\u00e1rio\u201d","robots":{"index":"index","follow":"follow","max-snippet":"max-snippet:-1","max-image-preview":"max-image-preview:large","max-video-preview":"max-video-preview:-1"},"canonical":"https:\/\/ejurr.tjrr.jus.br\/?p=30996","og_locale":"pt_BR","og_type":"article","og_title":"Atua\u00e7\u00e3o como laboratorista no judici\u00e1rio \u00e9 lan\u00e7ada - EJURR","og_description":"A Escola Judicial de Roraima inicia as inscri\u00e7\u00f5es para o curso \u201cForma\u00e7\u00e3o de Laboratoristas: facilita\u00e7\u00e3o, inova\u00e7\u00e3o e uso de tecnologias no Judici\u00e1rio\u201d","og_url":"https:\/\/ejurr.tjrr.jus.br\/?p=30996","og_site_name":"EJURR","article_publisher":"https:\/\/www.facebook.com\/ejurr.tj","article_published_time":"2026-04-24T14:36:34+00:00","article_modified_time":"2026-04-24T14:36:35+00:00","og_image":[{"width":1066,"height":1600,"url":"https:\/\/ejurr.tjrr.jus.br\/wp-content\/uploads\/2026\/04\/WhatsApp-Image-2026-04-13-at-13.14.23-1-1.jpeg","type":"image\/jpeg"}],"author":"Yasmin Tavares Vieira","twitter_card":"summary_large_image","twitter_misc":{"Escrito por":"Yasmin Tavares Vieira","Est. tempo de leitura":"3 minutos"},"schema":{"@context":"https:\/\/schema.org","@graph":[{"@type":"Article","@id":"https:\/\/ejurr.tjrr.jus.br\/?p=30996#article","isPartOf":{"@id":"https:\/\/ejurr.tjrr.jus.br\/?p=30996"},"author":{"name":"Yasmin Tavares Vieira","@id":"https:\/\/ejurr.tjrr.jus.br\/#\/schema\/person\/f1b6f5e2c7fb49f1a29a80b47c588a4f"},"headline":"Atua\u00e7\u00e3o como laboratorista no judici\u00e1rio \u00e9 lan\u00e7ada","datePublished":"2026-04-24T14:36:34+00:00","dateModified":"2026-04-24T14:36:35+00:00","mainEntityOfPage":{"@id":"https:\/\/ejurr.tjrr.jus.br\/?p=30996"},"wordCount":405,"commentCount":0,"publisher":{"@id":"https:\/\/ejurr.tjrr.jus.br\/#organization"},"image":{"@id":"https:\/\/ejurr.tjrr.jus.br\/?p=30996#primaryimage"},"thumbnailUrl":"https:\/\/ejurr.tjrr.jus.br\/wp-content\/uploads\/2026\/04\/WhatsApp-Image-2026-04-13-at-13.14.23-1-1.jpeg","articleSection":["Not\u00edcias"],"inLanguage":"pt-BR","potentialAction":[{"@type":"CommentAction","name":"Comment","target":["https:\/\/ejurr.tjrr.jus.br\/?p=30996#respond"]}]},{"@type":"WebPage","@id":"https:\/\/ejurr.tjrr.jus.br\/?p=30996","url":"https:\/\/ejurr.tjrr.jus.br\/?p=30996","name":"Atua\u00e7\u00e3o como laboratorista no judici\u00e1rio \u00e9 lan\u00e7ada - EJURR","isPartOf":{"@id":"https:\/\/ejurr.tjrr.jus.br\/#website"},"primaryImageOfPage":{"@id":"https:\/\/ejurr.tjrr.jus.br\/?p=30996#primaryimage"},"image":{"@id":"https:\/\/ejurr.tjrr.jus.br\/?p=30996#primaryimage"},"thumbnailUrl":"https:\/\/ejurr.tjrr.jus.br\/wp-content\/uploads\/2026\/04\/WhatsApp-Image-2026-04-13-at-13.14.23-1-1.jpeg","datePublished":"2026-04-24T14:36:34+00:00","dateModified":"2026-04-24T14:36:35+00:00","description":"A Escola Judicial de Roraima inicia as inscri\u00e7\u00f5es para o curso \u201cForma\u00e7\u00e3o de Laboratoristas: facilita\u00e7\u00e3o, inova\u00e7\u00e3o e uso de tecnologias no Judici\u00e1rio\u201d","breadcrumb":{"@id":"https:\/\/ejurr.tjrr.jus.br\/?p=30996#breadcrumb"},"inLanguage":"pt-BR","potentialAction":[{"@type":"ReadAction","target":["https:\/\/ejurr.tjrr.jus.br\/?p=30996"]}]},{"@type":"ImageObject","inLanguage":"pt-BR","@id":"https:\/\/ejurr.tjrr.jus.br\/?p=30996#primaryimage","url":"https:\/\/ejurr.tjrr.jus.br\/wp-content\/uploads\/2026\/04\/WhatsApp-Image-2026-04-13-at-13.14.23-1-1.jpeg","contentUrl":"https:\/\/ejurr.tjrr.jus.br\/wp-content\/uploads\/2026\/04\/WhatsApp-Image-2026-04-13-at-13.14.23-1-1.jpeg","width":1066,"height":1600},{"@type":"BreadcrumbList","@id":"https:\/\/ejurr.tjrr.jus.br\/?p=30996#breadcrumb","itemListElement":[{"@type":"ListItem","position":1,"name":"In\u00edcio","item":"https:\/\/ejurr.tjrr.jus.br\/"},{"@type":"ListItem","position":2,"name":"Atua\u00e7\u00e3o como laboratorista no judici\u00e1rio \u00e9 lan\u00e7ada"}]},{"@type":"WebSite","@id":"https:\/\/ejurr.tjrr.jus.br\/#website","url":"https:\/\/ejurr.tjrr.jus.br\/","name":"Escola Judicial de Roraima","description":"A Escola Judicial de Roraima \u00e9 uma institui\u00e7\u00e3o de educa\u00e7\u00e3o corporativa mantida pelo Tribunal de Justi\u00e7a do Estado de Roraima. Seu objetivo \u00e9 planejar e executar os cursos de forma\u00e7\u00e3o inicial, capacita\u00e7\u00e3o e aperfei\u00e7oamento dos magistrados, servidores, formadores e colaboradores do Poder Judici\u00e1rio.","publisher":{"@id":"https:\/\/ejurr.tjrr.jus.br\/#organization"},"alternateName":"EJURR","potentialAction":[{"@type":"SearchAction","target":{"@type":"EntryPoint","urlTemplate":"https:\/\/ejurr.tjrr.jus.br\/?s={search_term_string}"},"query-input":{"@type":"PropertyValueSpecification","valueRequired":true,"valueName":"search_term_string"}}],"inLanguage":"pt-BR"},{"@type":"Organization","@id":"https:\/\/ejurr.tjrr.jus.br\/#organization","name":"Escola Judicial de Roraima","alternateName":"EJURR","url":"https:\/\/ejurr.tjrr.jus.br\/","logo":{"@type":"ImageObject","inLanguage":"pt-BR","@id":"https:\/\/ejurr.tjrr.jus.br\/#\/schema\/logo\/image\/","url":"https:\/\/ejurr.tjrr.jus.br\/wp-content\/uploads\/2023\/06\/MIV-EJURR-V.png","contentUrl":"https:\/\/ejurr.tjrr.jus.br\/wp-content\/uploads\/2023\/06\/MIV-EJURR-V.png","width":387,"height":369,"caption":"Escola Judicial de Roraima"},"image":{"@id":"https:\/\/ejurr.tjrr.jus.br\/#\/schema\/logo\/image\/"},"sameAs":["https:\/\/www.facebook.com\/ejurr.tj","https:\/\/www.instagram.com\/ejurr.tj\/","https:\/\/www.youtube.com\/@ejurr","https:\/\/wa.me\/559531984156","https:\/\/www.flickr.com\/photos\/ejurr_oficial"]},{"@type":"Person","@id":"https:\/\/ejurr.tjrr.jus.br\/#\/schema\/person\/f1b6f5e2c7fb49f1a29a80b47c588a4f","name":"Yasmin Tavares Vieira","image":{"@type":"ImageObject","inLanguage":"pt-BR","@id":"https:\/\/ejurr.tjrr.jus.br\/#\/schema\/person\/image\/","url":"https:\/\/secure.gravatar.com\/avatar\/35ac5710a0c40cd8f2db0c66b83e8a66?s=96&d=mm&r=g","contentUrl":"https:\/\/secure.gravatar.com\/avatar\/35ac5710a0c40cd8f2db0c66b83e8a66?s=96&d=mm&r=g","caption":"Yasmin Tavares Vieira"},"sameAs":["http:\/\/ejurr.tjrr.jus.br"],"url":"https:\/\/ejurr.tjrr.jus.br\/?author=10"}]}},"_links":{"self":[{"href":"https:\/\/ejurr.tjrr.jus.br\/index.php?rest_route=\/wp\/v2\/posts\/30996","targetHints":{"allow":["GET"]}}],"collection":[{"href":"https:\/\/ejurr.tjrr.jus.br\/index.php?rest_route=\/wp\/v2\/posts"}],"about":[{"href":"https:\/\/ejurr.tjrr.jus.br\/index.php?rest_route=\/wp\/v2\/types\/post"}],"author":[{"embeddable":true,"href":"https:\/\/ejurr.tjrr.jus.br\/index.php?rest_route=\/wp\/v2\/users\/10"}],"replies":[{"embeddable":true,"href":"https:\/\/ejurr.tjrr.jus.br\/index.php?rest_route=%2Fwp%2Fv2%2Fcomments&post=30996"}],"version-history":[{"count":1,"href":"https:\/\/ejurr.tjrr.jus.br\/index.php?rest_route=\/wp\/v2\/posts\/30996\/revisions"}],"predecessor-version":[{"id":30999,"href":"https:\/\/ejurr.tjrr.jus.br\/index.php?rest_route=\/wp\/v2\/posts\/30996\/revisions\/30999"}],"wp:featuredmedia":[{"embeddable":true,"href":"https:\/\/ejurr.tjrr.jus.br\/index.php?rest_route=\/wp\/v2\/media\/30998"}],"wp:attachment":[{"href":"https:\/\/ejurr.tjrr.jus.br\/index.php?rest_route=%2Fwp%2Fv2%2Fmedia&parent=30996"}],"wp:term":[{"taxonomy":"category","embeddable":true,"href":"https:\/\/ejurr.tjrr.jus.br\/index.php?rest_route=%2Fwp%2Fv2%2Fcategories&post=30996"},{"taxonomy":"post_tag","embeddable":true,"href":"https:\/\/ejurr.tjrr.jus.br\/index.php?rest_route=%2Fwp%2Fv2%2Ftags&post=30996"}],"curies":[{"name":"wp","href":"https:\/\/api.w.org\/{rel}","templated":true}]}}