{"id":30947,"date":"2026-04-23T09:36:04","date_gmt":"2026-04-23T13:36:04","guid":{"rendered":"https:\/\/ejurr.tjrr.jus.br\/?p=30947"},"modified":"2026-04-23T14:33:11","modified_gmt":"2026-04-23T18:33:11","slug":"formacao-avancada-abordara-questoes-penais-e-politicas-de-cidadania","status":"publish","type":"post","link":"https:\/\/ejurr.tjrr.jus.br\/?p=30947","title":{"rendered":"Forma\u00e7\u00e3o avan\u00e7ada abordar\u00e1 quest\u00f5es penais e pol\u00edticas de cidadania"},"content":{"rendered":"\n<p>Em maio, a Escola Judicial de Roraima (Ejurr) realizar\u00e1 a \u201cForma\u00e7\u00e3o Avan\u00e7ada &#8211; Ciclo Penal, Controle Judicial e Pol\u00edticas de Cidadania\u201d.&nbsp; A capacita\u00e7\u00e3o visa o&nbsp;aperfei\u00e7oamento da presta\u00e7\u00e3o jurisdicional. As inscri\u00e7\u00f5es est\u00e3o abertas<a href=\"https:\/\/ejurr.tjrr.jus.br\/?p=30948\"> pelo site<\/a> da Ejurr.<\/p>\n\n\n\n<p>A ju\u00edza Lorena Campos, o juiz Jamil Chaim Alves e o promotor de justi\u00e7a\u00a0de S\u00e3o Paulo, Rog\u00e9rio Sanches Cunha ir\u00e3o ministrar as aulas. Os instrutores abordar\u00e3o o refor\u00e7o do controle de legalidade das deten\u00e7\u00f5es, a implementa\u00e7\u00e3o fundamental de medidas cautelares alternativas e a supervis\u00e3o rigorosa das institui\u00e7\u00f5es de priva\u00e7\u00e3o de liberdade.<\/p>\n\n\n\n<p>A forma\u00e7\u00e3o visa garantir a preven\u00e7\u00e3o da tortura, a prote\u00e7\u00e3o da sa\u00fade mental e a promo\u00e7\u00e3o da dignidade humana e da cidadania com uma abordagem interseccional e n\u00e3o discriminat\u00f3ria.  Integrantes do Sistema de Justi\u00e7a interessados no tema s\u00e3o o p\u00fablico-alvo da capacita\u00e7\u00e3o, bem como magistradas, magistrados, servidoras, servidores, aposentadas e aposentados do Tribunal de Justi\u00e7a de Roraima (TJRR).<\/p>\n\n\n\n<p>Em formato EAD s\u00edncrono (ao vivo), o curso ser\u00e1 realizado ao longo de oito dias, pelo ambiente virtual da Ejurr. Mais informa\u00e7\u00f5es devem ser acessadas pelo <a href=\"https:\/\/diario.tjrr.jus.br\/dpj\/dpj-20260414.pdf#page=12\">edital<\/a>.<\/p>\n\n\n\n<h2 class=\"wp-block-heading has-medium-font-size\"><strong>Cronograma de Aulas<\/strong><\/h2>\n\n\n\n<p><strong>05\/05 <\/strong>(14h30 \u00e0s 17h30)&nbsp; &#8211; M\u00f3dulo I &#8211; Audi\u00eancia de Cust\u00f3dia&nbsp;<\/p>\n\n\n\n<p><strong>07\/05 <\/strong>(14h30 \u00e0s 17h30)&nbsp; &#8211; M\u00f3dulo II &#8211; Medidas cautelares diversas da pris\u00e3o&nbsp;<\/p>\n\n\n\n<p><strong>12\/05<\/strong> (14h30 \u00e0s 17h30) &#8211; M\u00f3dulo III &#8211; Execu\u00e7\u00e3o penal e pol\u00edticas de cidadania<\/p>\n\n\n\n<p><strong>14\/05<\/strong> (14h30 \u00e0s 17h30)&nbsp; &#8211; M\u00f3dulo IV &#8211; Preven\u00e7\u00e3o e enfrentamento \u00e0 tortura<\/p>\n\n\n\n<p><strong>19\/05<\/strong> (14h30 \u00e0s 16h30)&nbsp; &#8211; M\u00f3dulo V &#8211; Sa\u00fade mental no ciclo penal<\/p>\n\n\n\n<p><strong>21\/05<\/strong> (14h30 \u00e0s 16h30) &#8211; M\u00f3dulo VI &#8211; Inspe\u00e7\u00f5es judiciais e controle do sistema prisional<\/p>\n\n\n\n<p><strong>26\/05<\/strong> (14h30 \u00e0s 16h30) &#8211; M\u00f3dulo VII &#8211; Popula\u00e7\u00f5es com vulnerabilidade acrescida no ciclo penal<\/p>\n\n\n\n<p><strong>29\/05 <\/strong>(14h30 \u00e0s 16h30)&nbsp; &#8211; M\u00f3dulo VIII &#8211; Popula\u00e7\u00f5es com vulnerabilidade acrescida no ciclo penal&nbsp;<\/p>\n\n\n\n<h2 class=\"wp-block-heading has-medium-font-size\"><strong>Curr\u00edculo<\/strong><\/h2>\n\n\n\n<p>Lorena Campos \u00e9 ju\u00edza de direito &#8211; TJDFT; \u00e9 mestre em Direito Constitucional no Instituto Brasiliense de Direito P\u00fablico &#8211; IDP; Especializa\u00e7\u00e3o em Direito e Contemporaneidade pela Uni\u00e3o Pioneira de Integra\u00e7\u00e3o Social &#8211; UPIS\/DF, em conv\u00eanio com a Escola da Magistratura.&nbsp;<\/p>\n\n\n\n<p>Jamil Chaim Alves \u00e9 juiz de direito -TJ\/SP; Doutor e Mestre em Direito Penal pela PUC-SP; Professor da Escola Paulista da Magistratura; Autor de obras jur\u00eddicas<\/p>\n\n\n\n<p>Rog\u00e9rio Sanches Cunha \u00e9 promotor de Justi\u00e7a com atua\u00e7\u00e3o no Tribunal do J\u00fari em Campinas\/SP. Mestre em Direito. Representou o Minist\u00e9rio P\u00fablico brasileiro em programa de interc\u00e2mbio junto ao Sistema Interamericano de Direitos Humanos (CIDH \u2013 2023-2025). Produziu obras jur\u00eddicas consagradas e docente com ampla experi\u00eancia em capacita\u00e7\u00f5es ministeriais e judiciais.<\/p>\n\n\n\n<figure class=\"wp-block-image size-large\"><img fetchpriority=\"high\" decoding=\"async\" width=\"1024\" height=\"682\" src=\"https:\/\/ejurr.tjrr.jus.br\/wp-content\/uploads\/2026\/04\/WhatsApp-Image-2026-04-13-at-13.14.23-1024x682.jpeg\" alt=\"\" class=\"wp-image-30955\" srcset=\"https:\/\/ejurr.tjrr.jus.br\/wp-content\/uploads\/2026\/04\/WhatsApp-Image-2026-04-13-at-13.14.23-1024x682.jpeg 1024w, https:\/\/ejurr.tjrr.jus.br\/wp-content\/uploads\/2026\/04\/WhatsApp-Image-2026-04-13-at-13.14.23-300x200.jpeg 300w, https:\/\/ejurr.tjrr.jus.br\/wp-content\/uploads\/2026\/04\/WhatsApp-Image-2026-04-13-at-13.14.23-768x512.jpeg 768w, https:\/\/ejurr.tjrr.jus.br\/wp-content\/uploads\/2026\/04\/WhatsApp-Image-2026-04-13-at-13.14.23-1536x1023.jpeg 1536w, https:\/\/ejurr.tjrr.jus.br\/wp-content\/uploads\/2026\/04\/WhatsApp-Image-2026-04-13-at-13.14.23.jpeg 1600w\" sizes=\"(max-width: 1024px) 100vw, 1024px\" \/><\/figure>\n\n\n\n<p class=\"has-small-font-size\"><strong>Foto: <\/strong>Divulga\u00e7\u00e3o\/<strong>Texto: <\/strong>Yasmin Tavares sob supervis\u00e3o de Erica Figueredo<\/p>\n\n\n\n<p class=\"has-small-font-size\">O portal da Ejurr oferece recursos de acessibilidade por meio da plataforma Ryben\u00e1.<\/p>\n","protected":false},"excerpt":{"rendered":"<p>Em maio, a Escola Judicial de Roraima (Ejurr) realizar\u00e1 a \u201cForma\u00e7\u00e3o Avan\u00e7ada &#8211; Ciclo Penal, Controle Judicial e Pol\u00edticas de Cidadania\u201d.&nbsp; A capacita\u00e7\u00e3o visa o&nbsp;aperfei\u00e7oamento da presta\u00e7\u00e3o jurisdicional. As inscri\u00e7\u00f5es est\u00e3o abertas pelo site da Ejurr. A ju\u00edza Lorena Campos, o juiz Jamil Chaim Alves e o promotor de justi\u00e7a\u00a0de S\u00e3o Paulo, Rog\u00e9rio Sanches Cunha [&hellip;]<\/p>\n","protected":false},"author":10,"featured_media":30955,"comment_status":"open","ping_status":"open","sticky":false,"template":"","format":"standard","meta":{"footnotes":""},"categories":[9],"tags":[],"class_list":["post-30947","post","type-post","status-publish","format-standard","has-post-thumbnail","hentry","category-noticias"],"yoast_head":"<!-- This site is optimized with the Yoast SEO plugin v26.6 - https:\/\/yoast.com\/wordpress\/plugins\/seo\/ -->\n<title>Forma\u00e7\u00e3o avan\u00e7ada abordar\u00e1 quest\u00f5es penais e pol\u00edticas de cidadania - EJURR<\/title>\n<meta name=\"description\" content=\"Em maio, a Escola Judicial de Roraima (Ejurr) realizar\u00e1 a \u201cForma\u00e7\u00e3o Avan\u00e7ada - Ciclo Penal, Controle Judicial e Pol\u00edticas de Cidadania\u201d.\u00a0\" \/>\n<meta name=\"robots\" content=\"index, follow, max-snippet:-1, max-image-preview:large, max-video-preview:-1\" \/>\n<link rel=\"canonical\" href=\"https:\/\/ejurr.tjrr.jus.br\/?p=30947\" \/>\n<meta property=\"og:locale\" content=\"pt_BR\" \/>\n<meta property=\"og:type\" content=\"article\" \/>\n<meta property=\"og:title\" content=\"Forma\u00e7\u00e3o avan\u00e7ada abordar\u00e1 quest\u00f5es penais e pol\u00edticas de cidadania - EJURR\" \/>\n<meta property=\"og:description\" content=\"Em maio, a Escola Judicial de Roraima (Ejurr) realizar\u00e1 a \u201cForma\u00e7\u00e3o Avan\u00e7ada - Ciclo Penal, Controle Judicial e Pol\u00edticas de Cidadania\u201d.\u00a0\" \/>\n<meta property=\"og:url\" content=\"https:\/\/ejurr.tjrr.jus.br\/?p=30947\" \/>\n<meta property=\"og:site_name\" content=\"EJURR\" \/>\n<meta property=\"article:publisher\" content=\"https:\/\/www.facebook.com\/ejurr.tj\" \/>\n<meta property=\"article:published_time\" content=\"2026-04-23T13:36:04+00:00\" \/>\n<meta property=\"article:modified_time\" content=\"2026-04-23T18:33:11+00:00\" \/>\n<meta property=\"og:image\" content=\"https:\/\/ejurr.tjrr.jus.br\/wp-content\/uploads\/2026\/04\/WhatsApp-Image-2026-04-13-at-13.14.23.jpeg\" \/>\n\t<meta property=\"og:image:width\" content=\"1600\" \/>\n\t<meta property=\"og:image:height\" content=\"1066\" \/>\n\t<meta property=\"og:image:type\" content=\"image\/jpeg\" \/>\n<meta name=\"author\" content=\"Yasmin Tavares Vieira\" \/>\n<meta name=\"twitter:card\" content=\"summary_large_image\" \/>\n<meta name=\"twitter:label1\" content=\"Escrito por\" \/>\n\t<meta name=\"twitter:data1\" content=\"Yasmin Tavares Vieira\" \/>\n\t<meta name=\"twitter:label2\" content=\"Est. tempo de leitura\" \/>\n\t<meta name=\"twitter:data2\" content=\"3 minutos\" \/>\n<script type=\"application\/ld+json\" class=\"yoast-schema-graph\">{\"@context\":\"https:\/\/schema.org\",\"@graph\":[{\"@type\":\"Article\",\"@id\":\"https:\/\/ejurr.tjrr.jus.br\/?p=30947#article\",\"isPartOf\":{\"@id\":\"https:\/\/ejurr.tjrr.jus.br\/?p=30947\"},\"author\":{\"name\":\"Yasmin Tavares Vieira\",\"@id\":\"https:\/\/ejurr.tjrr.jus.br\/#\/schema\/person\/f1b6f5e2c7fb49f1a29a80b47c588a4f\"},\"headline\":\"Forma\u00e7\u00e3o avan\u00e7ada abordar\u00e1 quest\u00f5es penais e pol\u00edticas de cidadania\",\"datePublished\":\"2026-04-23T13:36:04+00:00\",\"dateModified\":\"2026-04-23T18:33:11+00:00\",\"mainEntityOfPage\":{\"@id\":\"https:\/\/ejurr.tjrr.jus.br\/?p=30947\"},\"wordCount\":513,\"commentCount\":0,\"publisher\":{\"@id\":\"https:\/\/ejurr.tjrr.jus.br\/#organization\"},\"image\":{\"@id\":\"https:\/\/ejurr.tjrr.jus.br\/?p=30947#primaryimage\"},\"thumbnailUrl\":\"https:\/\/ejurr.tjrr.jus.br\/wp-content\/uploads\/2026\/04\/WhatsApp-Image-2026-04-13-at-13.14.23.jpeg\",\"articleSection\":[\"Not\u00edcias\"],\"inLanguage\":\"pt-BR\",\"potentialAction\":[{\"@type\":\"CommentAction\",\"name\":\"Comment\",\"target\":[\"https:\/\/ejurr.tjrr.jus.br\/?p=30947#respond\"]}]},{\"@type\":\"WebPage\",\"@id\":\"https:\/\/ejurr.tjrr.jus.br\/?p=30947\",\"url\":\"https:\/\/ejurr.tjrr.jus.br\/?p=30947\",\"name\":\"Forma\u00e7\u00e3o avan\u00e7ada abordar\u00e1 quest\u00f5es penais e pol\u00edticas de cidadania - EJURR\",\"isPartOf\":{\"@id\":\"https:\/\/ejurr.tjrr.jus.br\/#website\"},\"primaryImageOfPage\":{\"@id\":\"https:\/\/ejurr.tjrr.jus.br\/?p=30947#primaryimage\"},\"image\":{\"@id\":\"https:\/\/ejurr.tjrr.jus.br\/?p=30947#primaryimage\"},\"thumbnailUrl\":\"https:\/\/ejurr.tjrr.jus.br\/wp-content\/uploads\/2026\/04\/WhatsApp-Image-2026-04-13-at-13.14.23.jpeg\",\"datePublished\":\"2026-04-23T13:36:04+00:00\",\"dateModified\":\"2026-04-23T18:33:11+00:00\",\"description\":\"Em maio, a Escola Judicial de Roraima (Ejurr) realizar\u00e1 a \u201cForma\u00e7\u00e3o Avan\u00e7ada - Ciclo Penal, Controle Judicial e Pol\u00edticas de Cidadania\u201d.\u00a0\",\"breadcrumb\":{\"@id\":\"https:\/\/ejurr.tjrr.jus.br\/?p=30947#breadcrumb\"},\"inLanguage\":\"pt-BR\",\"potentialAction\":[{\"@type\":\"ReadAction\",\"target\":[\"https:\/\/ejurr.tjrr.jus.br\/?p=30947\"]}]},{\"@type\":\"ImageObject\",\"inLanguage\":\"pt-BR\",\"@id\":\"https:\/\/ejurr.tjrr.jus.br\/?p=30947#primaryimage\",\"url\":\"https:\/\/ejurr.tjrr.jus.br\/wp-content\/uploads\/2026\/04\/WhatsApp-Image-2026-04-13-at-13.14.23.jpeg\",\"contentUrl\":\"https:\/\/ejurr.tjrr.jus.br\/wp-content\/uploads\/2026\/04\/WhatsApp-Image-2026-04-13-at-13.14.23.jpeg\",\"width\":1600,\"height\":1066},{\"@type\":\"BreadcrumbList\",\"@id\":\"https:\/\/ejurr.tjrr.jus.br\/?p=30947#breadcrumb\",\"itemListElement\":[{\"@type\":\"ListItem\",\"position\":1,\"name\":\"In\u00edcio\",\"item\":\"https:\/\/ejurr.tjrr.jus.br\/\"},{\"@type\":\"ListItem\",\"position\":2,\"name\":\"Forma\u00e7\u00e3o avan\u00e7ada abordar\u00e1 quest\u00f5es penais e pol\u00edticas de cidadania\"}]},{\"@type\":\"WebSite\",\"@id\":\"https:\/\/ejurr.tjrr.jus.br\/#website\",\"url\":\"https:\/\/ejurr.tjrr.jus.br\/\",\"name\":\"Escola Judicial de Roraima\",\"description\":\"A Escola Judicial de Roraima \u00e9 uma institui\u00e7\u00e3o de educa\u00e7\u00e3o corporativa mantida pelo Tribunal de Justi\u00e7a do Estado de Roraima. Seu objetivo \u00e9 planejar e executar os cursos de forma\u00e7\u00e3o inicial, capacita\u00e7\u00e3o e aperfei\u00e7oamento dos magistrados, servidores, formadores e colaboradores do Poder Judici\u00e1rio.\",\"publisher\":{\"@id\":\"https:\/\/ejurr.tjrr.jus.br\/#organization\"},\"alternateName\":\"EJURR\",\"potentialAction\":[{\"@type\":\"SearchAction\",\"target\":{\"@type\":\"EntryPoint\",\"urlTemplate\":\"https:\/\/ejurr.tjrr.jus.br\/?s={search_term_string}\"},\"query-input\":{\"@type\":\"PropertyValueSpecification\",\"valueRequired\":true,\"valueName\":\"search_term_string\"}}],\"inLanguage\":\"pt-BR\"},{\"@type\":\"Organization\",\"@id\":\"https:\/\/ejurr.tjrr.jus.br\/#organization\",\"name\":\"Escola Judicial de Roraima\",\"alternateName\":\"EJURR\",\"url\":\"https:\/\/ejurr.tjrr.jus.br\/\",\"logo\":{\"@type\":\"ImageObject\",\"inLanguage\":\"pt-BR\",\"@id\":\"https:\/\/ejurr.tjrr.jus.br\/#\/schema\/logo\/image\/\",\"url\":\"https:\/\/ejurr.tjrr.jus.br\/wp-content\/uploads\/2023\/06\/MIV-EJURR-V.png\",\"contentUrl\":\"https:\/\/ejurr.tjrr.jus.br\/wp-content\/uploads\/2023\/06\/MIV-EJURR-V.png\",\"width\":387,\"height\":369,\"caption\":\"Escola Judicial de Roraima\"},\"image\":{\"@id\":\"https:\/\/ejurr.tjrr.jus.br\/#\/schema\/logo\/image\/\"},\"sameAs\":[\"https:\/\/www.facebook.com\/ejurr.tj\",\"https:\/\/www.instagram.com\/ejurr.tj\/\",\"https:\/\/www.youtube.com\/@ejurr\",\"https:\/\/wa.me\/559531984156\",\"https:\/\/www.flickr.com\/photos\/ejurr_oficial\"]},{\"@type\":\"Person\",\"@id\":\"https:\/\/ejurr.tjrr.jus.br\/#\/schema\/person\/f1b6f5e2c7fb49f1a29a80b47c588a4f\",\"name\":\"Yasmin Tavares Vieira\",\"image\":{\"@type\":\"ImageObject\",\"inLanguage\":\"pt-BR\",\"@id\":\"https:\/\/ejurr.tjrr.jus.br\/#\/schema\/person\/image\/\",\"url\":\"https:\/\/secure.gravatar.com\/avatar\/35ac5710a0c40cd8f2db0c66b83e8a66?s=96&d=mm&r=g\",\"contentUrl\":\"https:\/\/secure.gravatar.com\/avatar\/35ac5710a0c40cd8f2db0c66b83e8a66?s=96&d=mm&r=g\",\"caption\":\"Yasmin Tavares Vieira\"},\"sameAs\":[\"http:\/\/ejurr.tjrr.jus.br\"],\"url\":\"https:\/\/ejurr.tjrr.jus.br\/?author=10\"}]}<\/script>\n<!-- \/ Yoast SEO plugin. -->","yoast_head_json":{"title":"Forma\u00e7\u00e3o avan\u00e7ada abordar\u00e1 quest\u00f5es penais e pol\u00edticas de cidadania - EJURR","description":"Em maio, a Escola Judicial de Roraima (Ejurr) realizar\u00e1 a \u201cForma\u00e7\u00e3o Avan\u00e7ada - Ciclo Penal, Controle Judicial e Pol\u00edticas de Cidadania\u201d.\u00a0","robots":{"index":"index","follow":"follow","max-snippet":"max-snippet:-1","max-image-preview":"max-image-preview:large","max-video-preview":"max-video-preview:-1"},"canonical":"https:\/\/ejurr.tjrr.jus.br\/?p=30947","og_locale":"pt_BR","og_type":"article","og_title":"Forma\u00e7\u00e3o avan\u00e7ada abordar\u00e1 quest\u00f5es penais e pol\u00edticas de cidadania - EJURR","og_description":"Em maio, a Escola Judicial de Roraima (Ejurr) realizar\u00e1 a \u201cForma\u00e7\u00e3o Avan\u00e7ada - Ciclo Penal, Controle Judicial e Pol\u00edticas de Cidadania\u201d.\u00a0","og_url":"https:\/\/ejurr.tjrr.jus.br\/?p=30947","og_site_name":"EJURR","article_publisher":"https:\/\/www.facebook.com\/ejurr.tj","article_published_time":"2026-04-23T13:36:04+00:00","article_modified_time":"2026-04-23T18:33:11+00:00","og_image":[{"width":1600,"height":1066,"url":"https:\/\/ejurr.tjrr.jus.br\/wp-content\/uploads\/2026\/04\/WhatsApp-Image-2026-04-13-at-13.14.23.jpeg","type":"image\/jpeg"}],"author":"Yasmin Tavares Vieira","twitter_card":"summary_large_image","twitter_misc":{"Escrito por":"Yasmin Tavares Vieira","Est. tempo de leitura":"3 minutos"},"schema":{"@context":"https:\/\/schema.org","@graph":[{"@type":"Article","@id":"https:\/\/ejurr.tjrr.jus.br\/?p=30947#article","isPartOf":{"@id":"https:\/\/ejurr.tjrr.jus.br\/?p=30947"},"author":{"name":"Yasmin Tavares Vieira","@id":"https:\/\/ejurr.tjrr.jus.br\/#\/schema\/person\/f1b6f5e2c7fb49f1a29a80b47c588a4f"},"headline":"Forma\u00e7\u00e3o avan\u00e7ada abordar\u00e1 quest\u00f5es penais e pol\u00edticas de cidadania","datePublished":"2026-04-23T13:36:04+00:00","dateModified":"2026-04-23T18:33:11+00:00","mainEntityOfPage":{"@id":"https:\/\/ejurr.tjrr.jus.br\/?p=30947"},"wordCount":513,"commentCount":0,"publisher":{"@id":"https:\/\/ejurr.tjrr.jus.br\/#organization"},"image":{"@id":"https:\/\/ejurr.tjrr.jus.br\/?p=30947#primaryimage"},"thumbnailUrl":"https:\/\/ejurr.tjrr.jus.br\/wp-content\/uploads\/2026\/04\/WhatsApp-Image-2026-04-13-at-13.14.23.jpeg","articleSection":["Not\u00edcias"],"inLanguage":"pt-BR","potentialAction":[{"@type":"CommentAction","name":"Comment","target":["https:\/\/ejurr.tjrr.jus.br\/?p=30947#respond"]}]},{"@type":"WebPage","@id":"https:\/\/ejurr.tjrr.jus.br\/?p=30947","url":"https:\/\/ejurr.tjrr.jus.br\/?p=30947","name":"Forma\u00e7\u00e3o avan\u00e7ada abordar\u00e1 quest\u00f5es penais e pol\u00edticas de cidadania - EJURR","isPartOf":{"@id":"https:\/\/ejurr.tjrr.jus.br\/#website"},"primaryImageOfPage":{"@id":"https:\/\/ejurr.tjrr.jus.br\/?p=30947#primaryimage"},"image":{"@id":"https:\/\/ejurr.tjrr.jus.br\/?p=30947#primaryimage"},"thumbnailUrl":"https:\/\/ejurr.tjrr.jus.br\/wp-content\/uploads\/2026\/04\/WhatsApp-Image-2026-04-13-at-13.14.23.jpeg","datePublished":"2026-04-23T13:36:04+00:00","dateModified":"2026-04-23T18:33:11+00:00","description":"Em maio, a Escola Judicial de Roraima (Ejurr) realizar\u00e1 a \u201cForma\u00e7\u00e3o Avan\u00e7ada - Ciclo Penal, Controle Judicial e Pol\u00edticas de Cidadania\u201d.\u00a0","breadcrumb":{"@id":"https:\/\/ejurr.tjrr.jus.br\/?p=30947#breadcrumb"},"inLanguage":"pt-BR","potentialAction":[{"@type":"ReadAction","target":["https:\/\/ejurr.tjrr.jus.br\/?p=30947"]}]},{"@type":"ImageObject","inLanguage":"pt-BR","@id":"https:\/\/ejurr.tjrr.jus.br\/?p=30947#primaryimage","url":"https:\/\/ejurr.tjrr.jus.br\/wp-content\/uploads\/2026\/04\/WhatsApp-Image-2026-04-13-at-13.14.23.jpeg","contentUrl":"https:\/\/ejurr.tjrr.jus.br\/wp-content\/uploads\/2026\/04\/WhatsApp-Image-2026-04-13-at-13.14.23.jpeg","width":1600,"height":1066},{"@type":"BreadcrumbList","@id":"https:\/\/ejurr.tjrr.jus.br\/?p=30947#breadcrumb","itemListElement":[{"@type":"ListItem","position":1,"name":"In\u00edcio","item":"https:\/\/ejurr.tjrr.jus.br\/"},{"@type":"ListItem","position":2,"name":"Forma\u00e7\u00e3o avan\u00e7ada abordar\u00e1 quest\u00f5es penais e pol\u00edticas de cidadania"}]},{"@type":"WebSite","@id":"https:\/\/ejurr.tjrr.jus.br\/#website","url":"https:\/\/ejurr.tjrr.jus.br\/","name":"Escola Judicial de Roraima","description":"A Escola Judicial de Roraima \u00e9 uma institui\u00e7\u00e3o de educa\u00e7\u00e3o corporativa mantida pelo Tribunal de Justi\u00e7a do Estado de Roraima. Seu objetivo \u00e9 planejar e executar os cursos de forma\u00e7\u00e3o inicial, capacita\u00e7\u00e3o e aperfei\u00e7oamento dos magistrados, servidores, formadores e colaboradores do Poder Judici\u00e1rio.","publisher":{"@id":"https:\/\/ejurr.tjrr.jus.br\/#organization"},"alternateName":"EJURR","potentialAction":[{"@type":"SearchAction","target":{"@type":"EntryPoint","urlTemplate":"https:\/\/ejurr.tjrr.jus.br\/?s={search_term_string}"},"query-input":{"@type":"PropertyValueSpecification","valueRequired":true,"valueName":"search_term_string"}}],"inLanguage":"pt-BR"},{"@type":"Organization","@id":"https:\/\/ejurr.tjrr.jus.br\/#organization","name":"Escola Judicial de Roraima","alternateName":"EJURR","url":"https:\/\/ejurr.tjrr.jus.br\/","logo":{"@type":"ImageObject","inLanguage":"pt-BR","@id":"https:\/\/ejurr.tjrr.jus.br\/#\/schema\/logo\/image\/","url":"https:\/\/ejurr.tjrr.jus.br\/wp-content\/uploads\/2023\/06\/MIV-EJURR-V.png","contentUrl":"https:\/\/ejurr.tjrr.jus.br\/wp-content\/uploads\/2023\/06\/MIV-EJURR-V.png","width":387,"height":369,"caption":"Escola Judicial de Roraima"},"image":{"@id":"https:\/\/ejurr.tjrr.jus.br\/#\/schema\/logo\/image\/"},"sameAs":["https:\/\/www.facebook.com\/ejurr.tj","https:\/\/www.instagram.com\/ejurr.tj\/","https:\/\/www.youtube.com\/@ejurr","https:\/\/wa.me\/559531984156","https:\/\/www.flickr.com\/photos\/ejurr_oficial"]},{"@type":"Person","@id":"https:\/\/ejurr.tjrr.jus.br\/#\/schema\/person\/f1b6f5e2c7fb49f1a29a80b47c588a4f","name":"Yasmin Tavares Vieira","image":{"@type":"ImageObject","inLanguage":"pt-BR","@id":"https:\/\/ejurr.tjrr.jus.br\/#\/schema\/person\/image\/","url":"https:\/\/secure.gravatar.com\/avatar\/35ac5710a0c40cd8f2db0c66b83e8a66?s=96&d=mm&r=g","contentUrl":"https:\/\/secure.gravatar.com\/avatar\/35ac5710a0c40cd8f2db0c66b83e8a66?s=96&d=mm&r=g","caption":"Yasmin Tavares Vieira"},"sameAs":["http:\/\/ejurr.tjrr.jus.br"],"url":"https:\/\/ejurr.tjrr.jus.br\/?author=10"}]}},"_links":{"self":[{"href":"https:\/\/ejurr.tjrr.jus.br\/index.php?rest_route=\/wp\/v2\/posts\/30947","targetHints":{"allow":["GET"]}}],"collection":[{"href":"https:\/\/ejurr.tjrr.jus.br\/index.php?rest_route=\/wp\/v2\/posts"}],"about":[{"href":"https:\/\/ejurr.tjrr.jus.br\/index.php?rest_route=\/wp\/v2\/types\/post"}],"author":[{"embeddable":true,"href":"https:\/\/ejurr.tjrr.jus.br\/index.php?rest_route=\/wp\/v2\/users\/10"}],"replies":[{"embeddable":true,"href":"https:\/\/ejurr.tjrr.jus.br\/index.php?rest_route=%2Fwp%2Fv2%2Fcomments&post=30947"}],"version-history":[{"count":3,"href":"https:\/\/ejurr.tjrr.jus.br\/index.php?rest_route=\/wp\/v2\/posts\/30947\/revisions"}],"predecessor-version":[{"id":30995,"href":"https:\/\/ejurr.tjrr.jus.br\/index.php?rest_route=\/wp\/v2\/posts\/30947\/revisions\/30995"}],"wp:featuredmedia":[{"embeddable":true,"href":"https:\/\/ejurr.tjrr.jus.br\/index.php?rest_route=\/wp\/v2\/media\/30955"}],"wp:attachment":[{"href":"https:\/\/ejurr.tjrr.jus.br\/index.php?rest_route=%2Fwp%2Fv2%2Fmedia&parent=30947"}],"wp:term":[{"taxonomy":"category","embeddable":true,"href":"https:\/\/ejurr.tjrr.jus.br\/index.php?rest_route=%2Fwp%2Fv2%2Fcategories&post=30947"},{"taxonomy":"post_tag","embeddable":true,"href":"https:\/\/ejurr.tjrr.jus.br\/index.php?rest_route=%2Fwp%2Fv2%2Ftags&post=30947"}],"curies":[{"name":"wp","href":"https:\/\/api.w.org\/{rel}","templated":true}]}}