{"id":30923,"date":"2026-04-22T11:29:59","date_gmt":"2026-04-22T15:29:59","guid":{"rendered":"https:\/\/ejurr.tjrr.jus.br\/?p=30923"},"modified":"2026-04-22T11:32:43","modified_gmt":"2026-04-22T15:32:43","slug":"arte-equilibrio-pintura-organica-sera-tema-da-proxima-oficina","status":"publish","type":"post","link":"https:\/\/ejurr.tjrr.jus.br\/?p=30923","title":{"rendered":"Arte &amp; Equil\u00edbrio \u2013 Pintura Org\u00e2nica\u00a0 ser\u00e1 tema da pr\u00f3xima oficina"},"content":{"rendered":"\n<p>No m\u00eas de maio ser\u00e1 realizada uma nova edi\u00e7\u00e3o do Projeto &#8220;Arte &amp; Equil\u00edbrio&#8221;. Desta vez, o tema da oficina criativa com foco na sa\u00fade emocional ser\u00e1 &#8220;Pintura Org\u00e2nica &#8211; Vaso de Cer\u00e2mica&#8221;. A atividade ser\u00e1 realizada no dia 05 de maio, no hor\u00e1rio das 16h \u00e0s 20h, no Complexo Sociocultural do Tribunal de Justi\u00e7a de Roraima.<\/p>\n\n\n\n<p>O p\u00fablico-alvo s\u00e3o magistradas, magistrados, servidoras e servidores (ativos e aposentados) do Tribunal de Justi\u00e7a de Roraima (TJRR). O projeto \u00e9 voltado para utilizar a arte como ferramenta de express\u00e3o e bem-estar mental. <\/p>\n\n\n\n<p>Com carga hor\u00e1ria de 4 h, est\u00e3o sendo oferecidas 20 vagas para a oficina pr\u00e1tica. As inscri\u00e7\u00f5es podem ser feitas diretamente no site da Ejurr at\u00e9 o dia 30 de abril.&nbsp;<\/p>\n\n\n\n<p>Para garantir sua participa\u00e7\u00e3o, acesse o link de inscri\u00e7\u00e3o:<a href=\"https:\/\/educa.enfam.jus.br\/inscricao-arte-equilibrio-oficinas-criativas-de-saude-emocional-pintura-organica-vaso-de-ceramica-turma-i\"> https:\/\/educa.enfam.jus.br\/inscricao-arte-equilibrio-oficinas-criativas-de-saude-emocional-pintura-organica-vaso-de-ceramica-turma-i<\/a>.Outras informa\u00e7\u00f5es e detalhes sobre a oficina est\u00e3o dispon\u00edveis para consulta no edital, que pode ser acessado em:<a href=\"https:\/\/diario.tjrr.jus.br\/dpj\/dpj-20260417.pdf#page=9\"> https:\/\/diario.tjrr.jus.br\/dpj\/dpj-20260417.pdf#page=9<\/a>.<\/p>\n\n\n\n<p><\/p>\n\n\n\n<p><\/p>\n","protected":false},"excerpt":{"rendered":"<p>No m\u00eas de maio ser\u00e1 realizada uma nova edi\u00e7\u00e3o do Projeto &#8220;Arte &amp; Equil\u00edbrio&#8221;. Desta vez, o tema da oficina criativa com foco na sa\u00fade emocional ser\u00e1 &#8220;Pintura Org\u00e2nica &#8211; Vaso de Cer\u00e2mica&#8221;. A atividade ser\u00e1 realizada no dia 05 de maio, no hor\u00e1rio das 16h \u00e0s 20h, no Complexo Sociocultural do Tribunal de Justi\u00e7a [&hellip;]<\/p>\n","protected":false},"author":3,"featured_media":30930,"comment_status":"open","ping_status":"open","sticky":false,"template":"","format":"standard","meta":{"footnotes":""},"categories":[9],"tags":[],"class_list":["post-30923","post","type-post","status-publish","format-standard","has-post-thumbnail","hentry","category-noticias"],"yoast_head":"<!-- This site is optimized with the Yoast SEO plugin v26.6 - https:\/\/yoast.com\/wordpress\/plugins\/seo\/ -->\n<title>Arte &amp; Equil\u00edbrio \u2013 Pintura Org\u00e2nica\u00a0 ser\u00e1 tema da pr\u00f3xima oficina - EJURR<\/title>\n<meta name=\"robots\" content=\"index, follow, max-snippet:-1, max-image-preview:large, max-video-preview:-1\" \/>\n<link rel=\"canonical\" href=\"https:\/\/ejurr.tjrr.jus.br\/?p=30923\" \/>\n<meta property=\"og:locale\" content=\"pt_BR\" \/>\n<meta property=\"og:type\" content=\"article\" \/>\n<meta property=\"og:title\" content=\"Arte &amp; Equil\u00edbrio \u2013 Pintura Org\u00e2nica\u00a0 ser\u00e1 tema da pr\u00f3xima oficina - EJURR\" \/>\n<meta property=\"og:description\" content=\"No m\u00eas de maio ser\u00e1 realizada uma nova edi\u00e7\u00e3o do Projeto &#8220;Arte &amp; Equil\u00edbrio&#8221;. Desta vez, o tema da oficina criativa com foco na sa\u00fade emocional ser\u00e1 &#8220;Pintura Org\u00e2nica &#8211; Vaso de Cer\u00e2mica&#8221;. A atividade ser\u00e1 realizada no dia 05 de maio, no hor\u00e1rio das 16h \u00e0s 20h, no Complexo Sociocultural do Tribunal de Justi\u00e7a [&hellip;]\" \/>\n<meta property=\"og:url\" content=\"https:\/\/ejurr.tjrr.jus.br\/?p=30923\" \/>\n<meta property=\"og:site_name\" content=\"EJURR\" \/>\n<meta property=\"article:publisher\" content=\"https:\/\/www.facebook.com\/ejurr.tj\" \/>\n<meta property=\"article:published_time\" content=\"2026-04-22T15:29:59+00:00\" \/>\n<meta property=\"article:modified_time\" content=\"2026-04-22T15:32:43+00:00\" \/>\n<meta property=\"og:image\" content=\"https:\/\/ejurr.tjrr.jus.br\/wp-content\/uploads\/2026\/04\/WhatsApp-Image-2026-04-10-at-13.42.20-1.jpeg\" \/>\n\t<meta property=\"og:image:width\" content=\"960\" \/>\n\t<meta property=\"og:image:height\" content=\"1280\" \/>\n\t<meta property=\"og:image:type\" content=\"image\/jpeg\" \/>\n<meta name=\"author\" content=\"\u00c9rica Figueredo\" \/>\n<meta name=\"twitter:card\" content=\"summary_large_image\" \/>\n<meta name=\"twitter:label1\" content=\"Escrito por\" \/>\n\t<meta name=\"twitter:data1\" content=\"\u00c9rica Figueredo\" \/>\n\t<meta name=\"twitter:label2\" content=\"Est. tempo de leitura\" \/>\n\t<meta name=\"twitter:data2\" content=\"2 minutos\" \/>\n<script type=\"application\/ld+json\" class=\"yoast-schema-graph\">{\"@context\":\"https:\/\/schema.org\",\"@graph\":[{\"@type\":\"Article\",\"@id\":\"https:\/\/ejurr.tjrr.jus.br\/?p=30923#article\",\"isPartOf\":{\"@id\":\"https:\/\/ejurr.tjrr.jus.br\/?p=30923\"},\"author\":{\"name\":\"\u00c9rica Figueredo\",\"@id\":\"https:\/\/ejurr.tjrr.jus.br\/#\/schema\/person\/5dce040510816d75c020721e1d0ee85e\"},\"headline\":\"Arte &amp; Equil\u00edbrio \u2013 Pintura Org\u00e2nica\u00a0 ser\u00e1 tema da pr\u00f3xima oficina\",\"datePublished\":\"2026-04-22T15:29:59+00:00\",\"dateModified\":\"2026-04-22T15:32:43+00:00\",\"mainEntityOfPage\":{\"@id\":\"https:\/\/ejurr.tjrr.jus.br\/?p=30923\"},\"wordCount\":193,\"commentCount\":0,\"publisher\":{\"@id\":\"https:\/\/ejurr.tjrr.jus.br\/#organization\"},\"image\":{\"@id\":\"https:\/\/ejurr.tjrr.jus.br\/?p=30923#primaryimage\"},\"thumbnailUrl\":\"https:\/\/ejurr.tjrr.jus.br\/wp-content\/uploads\/2026\/04\/WhatsApp-Image-2026-04-10-at-13.42.20-1.jpeg\",\"articleSection\":[\"Not\u00edcias\"],\"inLanguage\":\"pt-BR\",\"potentialAction\":[{\"@type\":\"CommentAction\",\"name\":\"Comment\",\"target\":[\"https:\/\/ejurr.tjrr.jus.br\/?p=30923#respond\"]}]},{\"@type\":\"WebPage\",\"@id\":\"https:\/\/ejurr.tjrr.jus.br\/?p=30923\",\"url\":\"https:\/\/ejurr.tjrr.jus.br\/?p=30923\",\"name\":\"Arte &amp; Equil\u00edbrio \u2013 Pintura Org\u00e2nica\u00a0 ser\u00e1 tema da pr\u00f3xima oficina - EJURR\",\"isPartOf\":{\"@id\":\"https:\/\/ejurr.tjrr.jus.br\/#website\"},\"primaryImageOfPage\":{\"@id\":\"https:\/\/ejurr.tjrr.jus.br\/?p=30923#primaryimage\"},\"image\":{\"@id\":\"https:\/\/ejurr.tjrr.jus.br\/?p=30923#primaryimage\"},\"thumbnailUrl\":\"https:\/\/ejurr.tjrr.jus.br\/wp-content\/uploads\/2026\/04\/WhatsApp-Image-2026-04-10-at-13.42.20-1.jpeg\",\"datePublished\":\"2026-04-22T15:29:59+00:00\",\"dateModified\":\"2026-04-22T15:32:43+00:00\",\"breadcrumb\":{\"@id\":\"https:\/\/ejurr.tjrr.jus.br\/?p=30923#breadcrumb\"},\"inLanguage\":\"pt-BR\",\"potentialAction\":[{\"@type\":\"ReadAction\",\"target\":[\"https:\/\/ejurr.tjrr.jus.br\/?p=30923\"]}]},{\"@type\":\"ImageObject\",\"inLanguage\":\"pt-BR\",\"@id\":\"https:\/\/ejurr.tjrr.jus.br\/?p=30923#primaryimage\",\"url\":\"https:\/\/ejurr.tjrr.jus.br\/wp-content\/uploads\/2026\/04\/WhatsApp-Image-2026-04-10-at-13.42.20-1.jpeg\",\"contentUrl\":\"https:\/\/ejurr.tjrr.jus.br\/wp-content\/uploads\/2026\/04\/WhatsApp-Image-2026-04-10-at-13.42.20-1.jpeg\",\"width\":960,\"height\":1280},{\"@type\":\"BreadcrumbList\",\"@id\":\"https:\/\/ejurr.tjrr.jus.br\/?p=30923#breadcrumb\",\"itemListElement\":[{\"@type\":\"ListItem\",\"position\":1,\"name\":\"In\u00edcio\",\"item\":\"https:\/\/ejurr.tjrr.jus.br\/\"},{\"@type\":\"ListItem\",\"position\":2,\"name\":\"Arte &amp; Equil\u00edbrio \u2013 Pintura Org\u00e2nica\u00a0 ser\u00e1 tema da pr\u00f3xima oficina\"}]},{\"@type\":\"WebSite\",\"@id\":\"https:\/\/ejurr.tjrr.jus.br\/#website\",\"url\":\"https:\/\/ejurr.tjrr.jus.br\/\",\"name\":\"Escola Judicial de Roraima\",\"description\":\"A Escola Judicial de Roraima \u00e9 uma institui\u00e7\u00e3o de educa\u00e7\u00e3o corporativa mantida pelo Tribunal de Justi\u00e7a do Estado de Roraima. Seu objetivo \u00e9 planejar e executar os cursos de forma\u00e7\u00e3o inicial, capacita\u00e7\u00e3o e aperfei\u00e7oamento dos magistrados, servidores, formadores e colaboradores do Poder Judici\u00e1rio.\",\"publisher\":{\"@id\":\"https:\/\/ejurr.tjrr.jus.br\/#organization\"},\"alternateName\":\"EJURR\",\"potentialAction\":[{\"@type\":\"SearchAction\",\"target\":{\"@type\":\"EntryPoint\",\"urlTemplate\":\"https:\/\/ejurr.tjrr.jus.br\/?s={search_term_string}\"},\"query-input\":{\"@type\":\"PropertyValueSpecification\",\"valueRequired\":true,\"valueName\":\"search_term_string\"}}],\"inLanguage\":\"pt-BR\"},{\"@type\":\"Organization\",\"@id\":\"https:\/\/ejurr.tjrr.jus.br\/#organization\",\"name\":\"Escola Judicial de Roraima\",\"alternateName\":\"EJURR\",\"url\":\"https:\/\/ejurr.tjrr.jus.br\/\",\"logo\":{\"@type\":\"ImageObject\",\"inLanguage\":\"pt-BR\",\"@id\":\"https:\/\/ejurr.tjrr.jus.br\/#\/schema\/logo\/image\/\",\"url\":\"https:\/\/ejurr.tjrr.jus.br\/wp-content\/uploads\/2023\/06\/MIV-EJURR-V.png\",\"contentUrl\":\"https:\/\/ejurr.tjrr.jus.br\/wp-content\/uploads\/2023\/06\/MIV-EJURR-V.png\",\"width\":387,\"height\":369,\"caption\":\"Escola Judicial de Roraima\"},\"image\":{\"@id\":\"https:\/\/ejurr.tjrr.jus.br\/#\/schema\/logo\/image\/\"},\"sameAs\":[\"https:\/\/www.facebook.com\/ejurr.tj\",\"https:\/\/www.instagram.com\/ejurr.tj\/\",\"https:\/\/www.youtube.com\/@ejurr\",\"https:\/\/wa.me\/559531984156\",\"https:\/\/www.flickr.com\/photos\/ejurr_oficial\"]},{\"@type\":\"Person\",\"@id\":\"https:\/\/ejurr.tjrr.jus.br\/#\/schema\/person\/5dce040510816d75c020721e1d0ee85e\",\"name\":\"\u00c9rica Figueredo\",\"image\":{\"@type\":\"ImageObject\",\"inLanguage\":\"pt-BR\",\"@id\":\"https:\/\/ejurr.tjrr.jus.br\/#\/schema\/person\/image\/\",\"url\":\"https:\/\/secure.gravatar.com\/avatar\/ca55ee37aaa0889795b400a799c5c4a9?s=96&d=mm&r=g\",\"contentUrl\":\"https:\/\/secure.gravatar.com\/avatar\/ca55ee37aaa0889795b400a799c5c4a9?s=96&d=mm&r=g\",\"caption\":\"\u00c9rica Figueredo\"},\"sameAs\":[\"http:\/\/ejurr.tjrr.jus.br\"],\"url\":\"https:\/\/ejurr.tjrr.jus.br\/?author=3\"}]}<\/script>\n<!-- \/ Yoast SEO plugin. -->","yoast_head_json":{"title":"Arte &amp; Equil\u00edbrio \u2013 Pintura Org\u00e2nica\u00a0 ser\u00e1 tema da pr\u00f3xima oficina - EJURR","robots":{"index":"index","follow":"follow","max-snippet":"max-snippet:-1","max-image-preview":"max-image-preview:large","max-video-preview":"max-video-preview:-1"},"canonical":"https:\/\/ejurr.tjrr.jus.br\/?p=30923","og_locale":"pt_BR","og_type":"article","og_title":"Arte &amp; Equil\u00edbrio \u2013 Pintura Org\u00e2nica\u00a0 ser\u00e1 tema da pr\u00f3xima oficina - EJURR","og_description":"No m\u00eas de maio ser\u00e1 realizada uma nova edi\u00e7\u00e3o do Projeto &#8220;Arte &amp; Equil\u00edbrio&#8221;. Desta vez, o tema da oficina criativa com foco na sa\u00fade emocional ser\u00e1 &#8220;Pintura Org\u00e2nica &#8211; Vaso de Cer\u00e2mica&#8221;. A atividade ser\u00e1 realizada no dia 05 de maio, no hor\u00e1rio das 16h \u00e0s 20h, no Complexo Sociocultural do Tribunal de Justi\u00e7a [&hellip;]","og_url":"https:\/\/ejurr.tjrr.jus.br\/?p=30923","og_site_name":"EJURR","article_publisher":"https:\/\/www.facebook.com\/ejurr.tj","article_published_time":"2026-04-22T15:29:59+00:00","article_modified_time":"2026-04-22T15:32:43+00:00","og_image":[{"width":960,"height":1280,"url":"https:\/\/ejurr.tjrr.jus.br\/wp-content\/uploads\/2026\/04\/WhatsApp-Image-2026-04-10-at-13.42.20-1.jpeg","type":"image\/jpeg"}],"author":"\u00c9rica Figueredo","twitter_card":"summary_large_image","twitter_misc":{"Escrito por":"\u00c9rica Figueredo","Est. tempo de leitura":"2 minutos"},"schema":{"@context":"https:\/\/schema.org","@graph":[{"@type":"Article","@id":"https:\/\/ejurr.tjrr.jus.br\/?p=30923#article","isPartOf":{"@id":"https:\/\/ejurr.tjrr.jus.br\/?p=30923"},"author":{"name":"\u00c9rica Figueredo","@id":"https:\/\/ejurr.tjrr.jus.br\/#\/schema\/person\/5dce040510816d75c020721e1d0ee85e"},"headline":"Arte &amp; Equil\u00edbrio \u2013 Pintura Org\u00e2nica\u00a0 ser\u00e1 tema da pr\u00f3xima oficina","datePublished":"2026-04-22T15:29:59+00:00","dateModified":"2026-04-22T15:32:43+00:00","mainEntityOfPage":{"@id":"https:\/\/ejurr.tjrr.jus.br\/?p=30923"},"wordCount":193,"commentCount":0,"publisher":{"@id":"https:\/\/ejurr.tjrr.jus.br\/#organization"},"image":{"@id":"https:\/\/ejurr.tjrr.jus.br\/?p=30923#primaryimage"},"thumbnailUrl":"https:\/\/ejurr.tjrr.jus.br\/wp-content\/uploads\/2026\/04\/WhatsApp-Image-2026-04-10-at-13.42.20-1.jpeg","articleSection":["Not\u00edcias"],"inLanguage":"pt-BR","potentialAction":[{"@type":"CommentAction","name":"Comment","target":["https:\/\/ejurr.tjrr.jus.br\/?p=30923#respond"]}]},{"@type":"WebPage","@id":"https:\/\/ejurr.tjrr.jus.br\/?p=30923","url":"https:\/\/ejurr.tjrr.jus.br\/?p=30923","name":"Arte &amp; Equil\u00edbrio \u2013 Pintura Org\u00e2nica\u00a0 ser\u00e1 tema da pr\u00f3xima oficina - EJURR","isPartOf":{"@id":"https:\/\/ejurr.tjrr.jus.br\/#website"},"primaryImageOfPage":{"@id":"https:\/\/ejurr.tjrr.jus.br\/?p=30923#primaryimage"},"image":{"@id":"https:\/\/ejurr.tjrr.jus.br\/?p=30923#primaryimage"},"thumbnailUrl":"https:\/\/ejurr.tjrr.jus.br\/wp-content\/uploads\/2026\/04\/WhatsApp-Image-2026-04-10-at-13.42.20-1.jpeg","datePublished":"2026-04-22T15:29:59+00:00","dateModified":"2026-04-22T15:32:43+00:00","breadcrumb":{"@id":"https:\/\/ejurr.tjrr.jus.br\/?p=30923#breadcrumb"},"inLanguage":"pt-BR","potentialAction":[{"@type":"ReadAction","target":["https:\/\/ejurr.tjrr.jus.br\/?p=30923"]}]},{"@type":"ImageObject","inLanguage":"pt-BR","@id":"https:\/\/ejurr.tjrr.jus.br\/?p=30923#primaryimage","url":"https:\/\/ejurr.tjrr.jus.br\/wp-content\/uploads\/2026\/04\/WhatsApp-Image-2026-04-10-at-13.42.20-1.jpeg","contentUrl":"https:\/\/ejurr.tjrr.jus.br\/wp-content\/uploads\/2026\/04\/WhatsApp-Image-2026-04-10-at-13.42.20-1.jpeg","width":960,"height":1280},{"@type":"BreadcrumbList","@id":"https:\/\/ejurr.tjrr.jus.br\/?p=30923#breadcrumb","itemListElement":[{"@type":"ListItem","position":1,"name":"In\u00edcio","item":"https:\/\/ejurr.tjrr.jus.br\/"},{"@type":"ListItem","position":2,"name":"Arte &amp; Equil\u00edbrio \u2013 Pintura Org\u00e2nica\u00a0 ser\u00e1 tema da pr\u00f3xima oficina"}]},{"@type":"WebSite","@id":"https:\/\/ejurr.tjrr.jus.br\/#website","url":"https:\/\/ejurr.tjrr.jus.br\/","name":"Escola Judicial de Roraima","description":"A Escola Judicial de Roraima \u00e9 uma institui\u00e7\u00e3o de educa\u00e7\u00e3o corporativa mantida pelo Tribunal de Justi\u00e7a do Estado de Roraima. Seu objetivo \u00e9 planejar e executar os cursos de forma\u00e7\u00e3o inicial, capacita\u00e7\u00e3o e aperfei\u00e7oamento dos magistrados, servidores, formadores e colaboradores do Poder Judici\u00e1rio.","publisher":{"@id":"https:\/\/ejurr.tjrr.jus.br\/#organization"},"alternateName":"EJURR","potentialAction":[{"@type":"SearchAction","target":{"@type":"EntryPoint","urlTemplate":"https:\/\/ejurr.tjrr.jus.br\/?s={search_term_string}"},"query-input":{"@type":"PropertyValueSpecification","valueRequired":true,"valueName":"search_term_string"}}],"inLanguage":"pt-BR"},{"@type":"Organization","@id":"https:\/\/ejurr.tjrr.jus.br\/#organization","name":"Escola Judicial de Roraima","alternateName":"EJURR","url":"https:\/\/ejurr.tjrr.jus.br\/","logo":{"@type":"ImageObject","inLanguage":"pt-BR","@id":"https:\/\/ejurr.tjrr.jus.br\/#\/schema\/logo\/image\/","url":"https:\/\/ejurr.tjrr.jus.br\/wp-content\/uploads\/2023\/06\/MIV-EJURR-V.png","contentUrl":"https:\/\/ejurr.tjrr.jus.br\/wp-content\/uploads\/2023\/06\/MIV-EJURR-V.png","width":387,"height":369,"caption":"Escola Judicial de Roraima"},"image":{"@id":"https:\/\/ejurr.tjrr.jus.br\/#\/schema\/logo\/image\/"},"sameAs":["https:\/\/www.facebook.com\/ejurr.tj","https:\/\/www.instagram.com\/ejurr.tj\/","https:\/\/www.youtube.com\/@ejurr","https:\/\/wa.me\/559531984156","https:\/\/www.flickr.com\/photos\/ejurr_oficial"]},{"@type":"Person","@id":"https:\/\/ejurr.tjrr.jus.br\/#\/schema\/person\/5dce040510816d75c020721e1d0ee85e","name":"\u00c9rica Figueredo","image":{"@type":"ImageObject","inLanguage":"pt-BR","@id":"https:\/\/ejurr.tjrr.jus.br\/#\/schema\/person\/image\/","url":"https:\/\/secure.gravatar.com\/avatar\/ca55ee37aaa0889795b400a799c5c4a9?s=96&d=mm&r=g","contentUrl":"https:\/\/secure.gravatar.com\/avatar\/ca55ee37aaa0889795b400a799c5c4a9?s=96&d=mm&r=g","caption":"\u00c9rica Figueredo"},"sameAs":["http:\/\/ejurr.tjrr.jus.br"],"url":"https:\/\/ejurr.tjrr.jus.br\/?author=3"}]}},"_links":{"self":[{"href":"https:\/\/ejurr.tjrr.jus.br\/index.php?rest_route=\/wp\/v2\/posts\/30923","targetHints":{"allow":["GET"]}}],"collection":[{"href":"https:\/\/ejurr.tjrr.jus.br\/index.php?rest_route=\/wp\/v2\/posts"}],"about":[{"href":"https:\/\/ejurr.tjrr.jus.br\/index.php?rest_route=\/wp\/v2\/types\/post"}],"author":[{"embeddable":true,"href":"https:\/\/ejurr.tjrr.jus.br\/index.php?rest_route=\/wp\/v2\/users\/3"}],"replies":[{"embeddable":true,"href":"https:\/\/ejurr.tjrr.jus.br\/index.php?rest_route=%2Fwp%2Fv2%2Fcomments&post=30923"}],"version-history":[{"count":2,"href":"https:\/\/ejurr.tjrr.jus.br\/index.php?rest_route=\/wp\/v2\/posts\/30923\/revisions"}],"predecessor-version":[{"id":30925,"href":"https:\/\/ejurr.tjrr.jus.br\/index.php?rest_route=\/wp\/v2\/posts\/30923\/revisions\/30925"}],"wp:featuredmedia":[{"embeddable":true,"href":"https:\/\/ejurr.tjrr.jus.br\/index.php?rest_route=\/wp\/v2\/media\/30930"}],"wp:attachment":[{"href":"https:\/\/ejurr.tjrr.jus.br\/index.php?rest_route=%2Fwp%2Fv2%2Fmedia&parent=30923"}],"wp:term":[{"taxonomy":"category","embeddable":true,"href":"https:\/\/ejurr.tjrr.jus.br\/index.php?rest_route=%2Fwp%2Fv2%2Fcategories&post=30923"},{"taxonomy":"post_tag","embeddable":true,"href":"https:\/\/ejurr.tjrr.jus.br\/index.php?rest_route=%2Fwp%2Fv2%2Ftags&post=30923"}],"curies":[{"name":"wp","href":"https:\/\/api.w.org\/{rel}","templated":true}]}}