{"id":30446,"date":"2026-03-06T13:57:50","date_gmt":"2026-03-06T17:57:50","guid":{"rendered":"https:\/\/ejurr.tjrr.jus.br\/?p=30446"},"modified":"2026-03-06T13:58:33","modified_gmt":"2026-03-06T17:58:33","slug":"servidores-participam-de-formacao-na-area-de-gestao-por-competencias","status":"publish","type":"post","link":"https:\/\/ejurr.tjrr.jus.br\/?p=30446","title":{"rendered":"Servidores participam de forma\u00e7\u00e3o na \u00e1rea de Gest\u00e3o por compet\u00eancias"},"content":{"rendered":"\n<p><\/p>\n\n\n\n<p>Com o objetivo de expandir os conhecimentos na \u00e1rea de gest\u00e3o e lideran\u00e7a, foi realizada em duas etapas, a capacita\u00e7\u00e3o em gest\u00e3o por compet\u00eancias do Poder Judici\u00e1rio de Roraima. As aulas foram ministradas na Ejurr, em formato presencial, pelo doutor em Administra\u00e7\u00e3o, Antonio Isidro.<\/p>\n\n\n\n<figure class=\"wp-block-image size-large\"><img fetchpriority=\"high\" decoding=\"async\" width=\"1024\" height=\"683\" src=\"https:\/\/ejurr.tjrr.jus.br\/wp-content\/uploads\/2026\/03\/DSC_6117-1024x683.jpg\" alt=\"\" class=\"wp-image-30447\" srcset=\"https:\/\/ejurr.tjrr.jus.br\/wp-content\/uploads\/2026\/03\/DSC_6117-1024x683.jpg 1024w, https:\/\/ejurr.tjrr.jus.br\/wp-content\/uploads\/2026\/03\/DSC_6117-300x200.jpg 300w, https:\/\/ejurr.tjrr.jus.br\/wp-content\/uploads\/2026\/03\/DSC_6117-768x512.jpg 768w, https:\/\/ejurr.tjrr.jus.br\/wp-content\/uploads\/2026\/03\/DSC_6117-1536x1024.jpg 1536w, https:\/\/ejurr.tjrr.jus.br\/wp-content\/uploads\/2026\/03\/DSC_6117-2048x1365.jpg 2048w\" sizes=\"(max-width: 1024px) 100vw, 1024px\" \/><\/figure>\n\n\n\n<p>O curso teve como tema \u201cModelagem e Mapeamento de Compet\u00eancias em Tribunais de Justi\u00e7a\u201d. As aulas foram ministradas em duas turmas, sendo a primeira realizada nos dias 23 e 24\u00a0 de fevereiro; e a segunda, com atividades nos e\u00a0 2 e 3 de mar\u00e7o.<\/p>\n\n\n\n<p>Mais de 30 pessoas participaram das capacita\u00e7\u00f5es, entre gestores e servidores da  Escola Judicial de Roraima,  da Secretaria de Gest\u00e3o de Pessoas e da Secretaria de Gest\u00e3o Estrat\u00e9gica do Tribunal de Justi\u00e7a de Roraima. Cada curso teve carga hor\u00e1ria de 12h.<\/p>\n\n\n\n<p>A forma\u00e7\u00e3o fundamenta-se na busca pela qualifica\u00e7\u00e3o de gestores e servidores p\u00fablicos para o aprimoramento das ferramentas de gest\u00e3o por compet\u00eancias implementadas no TJRR a fim de melhorar continuamente os mecanismos de transforma\u00e7\u00e3o institucional.&nbsp; A demanda est\u00e1 alinhada ao Plano Estrat\u00e9gico TJRR (2021-2026),&nbsp; e Macrodesafio 10 do CNJ, que visa o aperfei\u00e7oamento da Gest\u00e3o de Pessoas.<\/p>\n\n\n\n<figure class=\"wp-block-image size-large\"><img decoding=\"async\" width=\"1024\" height=\"683\" src=\"https:\/\/ejurr.tjrr.jus.br\/wp-content\/uploads\/2026\/03\/10-1024x683.jpg\" alt=\"\" class=\"wp-image-30449\" srcset=\"https:\/\/ejurr.tjrr.jus.br\/wp-content\/uploads\/2026\/03\/10-1024x683.jpg 1024w, https:\/\/ejurr.tjrr.jus.br\/wp-content\/uploads\/2026\/03\/10-300x200.jpg 300w, https:\/\/ejurr.tjrr.jus.br\/wp-content\/uploads\/2026\/03\/10-768x512.jpg 768w, https:\/\/ejurr.tjrr.jus.br\/wp-content\/uploads\/2026\/03\/10-1536x1024.jpg 1536w, https:\/\/ejurr.tjrr.jus.br\/wp-content\/uploads\/2026\/03\/10-2048x1365.jpg 2048w\" sizes=\"(max-width: 1024px) 100vw, 1024px\" \/><\/figure>\n\n\n\n<p>&nbsp;<strong>Curr\u00edculo do instrutor<\/strong><\/p>\n\n\n\n<p>Antonio Isidro \u00e9 p\u00f3s-Doutor em Inova\u00e7\u00e3o P\u00fablica (USP), Doutor e mestre em Administra\u00e7\u00e3o formado pela UnB, MBA em Gest\u00e3o de Pessoas formado pela FGV e psic\u00f3logo formado pelo UniCEUB.<\/p>\n\n\n\n<p>Forma\u00e7\u00e3o em Gest\u00e3o pela \u00c9cole des Hautes \u00c9tudes Commerciales (HEC\/Universit\u00e9 de Montr\u00e9al\/Canad\u00e1). Coordenador do Laborat\u00f3rio de Inova\u00e7\u00e3o e Estrat\u00e9gia em Governo (LineGov|UnB) da UnB, premiado como o melhor laborat\u00f3rio de inova\u00e7\u00e3o da regi\u00e3o centro-oeste em 2021. Co-Fundador e Pesquisador do CIGETS \u2013 Centro de Inova\u00e7\u00e3o em Gest\u00e3o da Educa\u00e7\u00e3o e do Trabalho em Sa\u00fade na Universidade Federal de Goi\u00e1s. Fundador e curador do Programa de Acelera\u00e7\u00e3o de Laborat\u00f3rios de Inova\u00e7\u00e3o no Setor P\u00fablico. Professor Adjunto e Pesquisador no Departamento de Administra\u00e7\u00e3o e no Programa de P\u00f3s-Gradua\u00e7\u00e3o em Administra\u00e7\u00e3o da UnB. Atua\u00e7\u00e3o em Gest\u00e3o da Inova\u00e7\u00e3o, Gest\u00e3o Estrat\u00e9gica, Gest\u00e3o por Compet\u00eancias, Lideran\u00e7a e Desenvolvimento Gerencial. Autor premiado de livros e de artigos em eventos e peri\u00f3dicos cient\u00edficos nacionais e estrangeiros<\/p>\n\n\n\n<p class=\"has-small-font-size\"><strong>Foto: Ejurr\/Texto: Ejurr<\/strong><\/p>\n\n\n\n<p class=\"has-small-font-size\"><strong>O portal da Ejurr oferece recursos de acessibilidade por meio da plataforma Ryben\u00e1<\/strong><\/p>\n\n\n\n<p><\/p>\n","protected":false},"excerpt":{"rendered":"<p>Com o objetivo de expandir os conhecimentos na \u00e1rea de gest\u00e3o e lideran\u00e7a, foi realizada em duas etapas, a capacita\u00e7\u00e3o em gest\u00e3o por compet\u00eancias do Poder Judici\u00e1rio de Roraima. As aulas foram ministradas na Ejurr, em formato presencial, pelo doutor em Administra\u00e7\u00e3o, Antonio Isidro. O curso teve como tema \u201cModelagem e Mapeamento de Compet\u00eancias em [&hellip;]<\/p>\n","protected":false},"author":3,"featured_media":30448,"comment_status":"open","ping_status":"open","sticky":false,"template":"","format":"standard","meta":{"footnotes":""},"categories":[9],"tags":[],"class_list":["post-30446","post","type-post","status-publish","format-standard","has-post-thumbnail","hentry","category-noticias"],"yoast_head":"<!-- This site is optimized with the Yoast SEO plugin v26.6 - https:\/\/yoast.com\/wordpress\/plugins\/seo\/ -->\n<title>Servidores participam de forma\u00e7\u00e3o na \u00e1rea de Gest\u00e3o por compet\u00eancias - EJURR<\/title>\n<meta name=\"robots\" content=\"index, follow, max-snippet:-1, max-image-preview:large, max-video-preview:-1\" \/>\n<link rel=\"canonical\" href=\"https:\/\/ejurr.tjrr.jus.br\/?p=30446\" \/>\n<meta property=\"og:locale\" content=\"pt_BR\" \/>\n<meta property=\"og:type\" content=\"article\" \/>\n<meta property=\"og:title\" content=\"Servidores participam de forma\u00e7\u00e3o na \u00e1rea de Gest\u00e3o por compet\u00eancias - EJURR\" \/>\n<meta property=\"og:description\" content=\"Com o objetivo de expandir os conhecimentos na \u00e1rea de gest\u00e3o e lideran\u00e7a, foi realizada em duas etapas, a capacita\u00e7\u00e3o em gest\u00e3o por compet\u00eancias do Poder Judici\u00e1rio de Roraima. As aulas foram ministradas na Ejurr, em formato presencial, pelo doutor em Administra\u00e7\u00e3o, Antonio Isidro. O curso teve como tema \u201cModelagem e Mapeamento de Compet\u00eancias em [&hellip;]\" \/>\n<meta property=\"og:url\" content=\"https:\/\/ejurr.tjrr.jus.br\/?p=30446\" \/>\n<meta property=\"og:site_name\" content=\"EJURR\" \/>\n<meta property=\"article:publisher\" content=\"https:\/\/www.facebook.com\/ejurr.tj\" \/>\n<meta property=\"article:published_time\" content=\"2026-03-06T17:57:50+00:00\" \/>\n<meta property=\"article:modified_time\" content=\"2026-03-06T17:58:33+00:00\" \/>\n<meta property=\"og:image\" content=\"https:\/\/ejurr.tjrr.jus.br\/wp-content\/uploads\/2026\/03\/DSC_6117-1-scaled.jpg\" \/>\n\t<meta property=\"og:image:width\" content=\"2560\" \/>\n\t<meta property=\"og:image:height\" content=\"1707\" \/>\n\t<meta property=\"og:image:type\" content=\"image\/jpeg\" \/>\n<meta name=\"author\" content=\"\u00c9rica Figueredo\" \/>\n<meta name=\"twitter:card\" content=\"summary_large_image\" \/>\n<meta name=\"twitter:label1\" content=\"Escrito por\" \/>\n\t<meta name=\"twitter:data1\" content=\"\u00c9rica Figueredo\" \/>\n\t<meta name=\"twitter:label2\" content=\"Est. tempo de leitura\" \/>\n\t<meta name=\"twitter:data2\" content=\"3 minutos\" \/>\n<script type=\"application\/ld+json\" class=\"yoast-schema-graph\">{\"@context\":\"https:\/\/schema.org\",\"@graph\":[{\"@type\":\"Article\",\"@id\":\"https:\/\/ejurr.tjrr.jus.br\/?p=30446#article\",\"isPartOf\":{\"@id\":\"https:\/\/ejurr.tjrr.jus.br\/?p=30446\"},\"author\":{\"name\":\"\u00c9rica Figueredo\",\"@id\":\"https:\/\/ejurr.tjrr.jus.br\/#\/schema\/person\/5dce040510816d75c020721e1d0ee85e\"},\"headline\":\"Servidores participam de forma\u00e7\u00e3o na \u00e1rea de Gest\u00e3o por compet\u00eancias\",\"datePublished\":\"2026-03-06T17:57:50+00:00\",\"dateModified\":\"2026-03-06T17:58:33+00:00\",\"mainEntityOfPage\":{\"@id\":\"https:\/\/ejurr.tjrr.jus.br\/?p=30446\"},\"wordCount\":427,\"commentCount\":0,\"publisher\":{\"@id\":\"https:\/\/ejurr.tjrr.jus.br\/#organization\"},\"image\":{\"@id\":\"https:\/\/ejurr.tjrr.jus.br\/?p=30446#primaryimage\"},\"thumbnailUrl\":\"https:\/\/ejurr.tjrr.jus.br\/wp-content\/uploads\/2026\/03\/DSC_6117-1-scaled.jpg\",\"articleSection\":[\"Not\u00edcias\"],\"inLanguage\":\"pt-BR\",\"potentialAction\":[{\"@type\":\"CommentAction\",\"name\":\"Comment\",\"target\":[\"https:\/\/ejurr.tjrr.jus.br\/?p=30446#respond\"]}]},{\"@type\":\"WebPage\",\"@id\":\"https:\/\/ejurr.tjrr.jus.br\/?p=30446\",\"url\":\"https:\/\/ejurr.tjrr.jus.br\/?p=30446\",\"name\":\"Servidores participam de forma\u00e7\u00e3o na \u00e1rea de Gest\u00e3o por compet\u00eancias - EJURR\",\"isPartOf\":{\"@id\":\"https:\/\/ejurr.tjrr.jus.br\/#website\"},\"primaryImageOfPage\":{\"@id\":\"https:\/\/ejurr.tjrr.jus.br\/?p=30446#primaryimage\"},\"image\":{\"@id\":\"https:\/\/ejurr.tjrr.jus.br\/?p=30446#primaryimage\"},\"thumbnailUrl\":\"https:\/\/ejurr.tjrr.jus.br\/wp-content\/uploads\/2026\/03\/DSC_6117-1-scaled.jpg\",\"datePublished\":\"2026-03-06T17:57:50+00:00\",\"dateModified\":\"2026-03-06T17:58:33+00:00\",\"breadcrumb\":{\"@id\":\"https:\/\/ejurr.tjrr.jus.br\/?p=30446#breadcrumb\"},\"inLanguage\":\"pt-BR\",\"potentialAction\":[{\"@type\":\"ReadAction\",\"target\":[\"https:\/\/ejurr.tjrr.jus.br\/?p=30446\"]}]},{\"@type\":\"ImageObject\",\"inLanguage\":\"pt-BR\",\"@id\":\"https:\/\/ejurr.tjrr.jus.br\/?p=30446#primaryimage\",\"url\":\"https:\/\/ejurr.tjrr.jus.br\/wp-content\/uploads\/2026\/03\/DSC_6117-1-scaled.jpg\",\"contentUrl\":\"https:\/\/ejurr.tjrr.jus.br\/wp-content\/uploads\/2026\/03\/DSC_6117-1-scaled.jpg\",\"width\":2560,\"height\":1707},{\"@type\":\"BreadcrumbList\",\"@id\":\"https:\/\/ejurr.tjrr.jus.br\/?p=30446#breadcrumb\",\"itemListElement\":[{\"@type\":\"ListItem\",\"position\":1,\"name\":\"In\u00edcio\",\"item\":\"https:\/\/ejurr.tjrr.jus.br\/\"},{\"@type\":\"ListItem\",\"position\":2,\"name\":\"Servidores participam de forma\u00e7\u00e3o na \u00e1rea de Gest\u00e3o por compet\u00eancias\"}]},{\"@type\":\"WebSite\",\"@id\":\"https:\/\/ejurr.tjrr.jus.br\/#website\",\"url\":\"https:\/\/ejurr.tjrr.jus.br\/\",\"name\":\"Escola Judicial de Roraima\",\"description\":\"A Escola Judicial de Roraima \u00e9 uma institui\u00e7\u00e3o de educa\u00e7\u00e3o corporativa mantida pelo Tribunal de Justi\u00e7a do Estado de Roraima. Seu objetivo \u00e9 planejar e executar os cursos de forma\u00e7\u00e3o inicial, capacita\u00e7\u00e3o e aperfei\u00e7oamento dos magistrados, servidores, formadores e colaboradores do Poder Judici\u00e1rio.\",\"publisher\":{\"@id\":\"https:\/\/ejurr.tjrr.jus.br\/#organization\"},\"alternateName\":\"EJURR\",\"potentialAction\":[{\"@type\":\"SearchAction\",\"target\":{\"@type\":\"EntryPoint\",\"urlTemplate\":\"https:\/\/ejurr.tjrr.jus.br\/?s={search_term_string}\"},\"query-input\":{\"@type\":\"PropertyValueSpecification\",\"valueRequired\":true,\"valueName\":\"search_term_string\"}}],\"inLanguage\":\"pt-BR\"},{\"@type\":\"Organization\",\"@id\":\"https:\/\/ejurr.tjrr.jus.br\/#organization\",\"name\":\"Escola Judicial de Roraima\",\"alternateName\":\"EJURR\",\"url\":\"https:\/\/ejurr.tjrr.jus.br\/\",\"logo\":{\"@type\":\"ImageObject\",\"inLanguage\":\"pt-BR\",\"@id\":\"https:\/\/ejurr.tjrr.jus.br\/#\/schema\/logo\/image\/\",\"url\":\"https:\/\/ejurr.tjrr.jus.br\/wp-content\/uploads\/2023\/06\/MIV-EJURR-V.png\",\"contentUrl\":\"https:\/\/ejurr.tjrr.jus.br\/wp-content\/uploads\/2023\/06\/MIV-EJURR-V.png\",\"width\":387,\"height\":369,\"caption\":\"Escola Judicial de Roraima\"},\"image\":{\"@id\":\"https:\/\/ejurr.tjrr.jus.br\/#\/schema\/logo\/image\/\"},\"sameAs\":[\"https:\/\/www.facebook.com\/ejurr.tj\",\"https:\/\/www.instagram.com\/ejurr.tj\/\",\"https:\/\/www.youtube.com\/@ejurr\",\"https:\/\/wa.me\/559531984156\",\"https:\/\/www.flickr.com\/photos\/ejurr_oficial\"]},{\"@type\":\"Person\",\"@id\":\"https:\/\/ejurr.tjrr.jus.br\/#\/schema\/person\/5dce040510816d75c020721e1d0ee85e\",\"name\":\"\u00c9rica Figueredo\",\"image\":{\"@type\":\"ImageObject\",\"inLanguage\":\"pt-BR\",\"@id\":\"https:\/\/ejurr.tjrr.jus.br\/#\/schema\/person\/image\/\",\"url\":\"https:\/\/secure.gravatar.com\/avatar\/ca55ee37aaa0889795b400a799c5c4a9?s=96&d=mm&r=g\",\"contentUrl\":\"https:\/\/secure.gravatar.com\/avatar\/ca55ee37aaa0889795b400a799c5c4a9?s=96&d=mm&r=g\",\"caption\":\"\u00c9rica Figueredo\"},\"sameAs\":[\"http:\/\/ejurr.tjrr.jus.br\"],\"url\":\"https:\/\/ejurr.tjrr.jus.br\/?author=3\"}]}<\/script>\n<!-- \/ Yoast SEO plugin. -->","yoast_head_json":{"title":"Servidores participam de forma\u00e7\u00e3o na \u00e1rea de Gest\u00e3o por compet\u00eancias - EJURR","robots":{"index":"index","follow":"follow","max-snippet":"max-snippet:-1","max-image-preview":"max-image-preview:large","max-video-preview":"max-video-preview:-1"},"canonical":"https:\/\/ejurr.tjrr.jus.br\/?p=30446","og_locale":"pt_BR","og_type":"article","og_title":"Servidores participam de forma\u00e7\u00e3o na \u00e1rea de Gest\u00e3o por compet\u00eancias - EJURR","og_description":"Com o objetivo de expandir os conhecimentos na \u00e1rea de gest\u00e3o e lideran\u00e7a, foi realizada em duas etapas, a capacita\u00e7\u00e3o em gest\u00e3o por compet\u00eancias do Poder Judici\u00e1rio de Roraima. As aulas foram ministradas na Ejurr, em formato presencial, pelo doutor em Administra\u00e7\u00e3o, Antonio Isidro. O curso teve como tema \u201cModelagem e Mapeamento de Compet\u00eancias em [&hellip;]","og_url":"https:\/\/ejurr.tjrr.jus.br\/?p=30446","og_site_name":"EJURR","article_publisher":"https:\/\/www.facebook.com\/ejurr.tj","article_published_time":"2026-03-06T17:57:50+00:00","article_modified_time":"2026-03-06T17:58:33+00:00","og_image":[{"width":2560,"height":1707,"url":"https:\/\/ejurr.tjrr.jus.br\/wp-content\/uploads\/2026\/03\/DSC_6117-1-scaled.jpg","type":"image\/jpeg"}],"author":"\u00c9rica Figueredo","twitter_card":"summary_large_image","twitter_misc":{"Escrito por":"\u00c9rica Figueredo","Est. tempo de leitura":"3 minutos"},"schema":{"@context":"https:\/\/schema.org","@graph":[{"@type":"Article","@id":"https:\/\/ejurr.tjrr.jus.br\/?p=30446#article","isPartOf":{"@id":"https:\/\/ejurr.tjrr.jus.br\/?p=30446"},"author":{"name":"\u00c9rica Figueredo","@id":"https:\/\/ejurr.tjrr.jus.br\/#\/schema\/person\/5dce040510816d75c020721e1d0ee85e"},"headline":"Servidores participam de forma\u00e7\u00e3o na \u00e1rea de Gest\u00e3o por compet\u00eancias","datePublished":"2026-03-06T17:57:50+00:00","dateModified":"2026-03-06T17:58:33+00:00","mainEntityOfPage":{"@id":"https:\/\/ejurr.tjrr.jus.br\/?p=30446"},"wordCount":427,"commentCount":0,"publisher":{"@id":"https:\/\/ejurr.tjrr.jus.br\/#organization"},"image":{"@id":"https:\/\/ejurr.tjrr.jus.br\/?p=30446#primaryimage"},"thumbnailUrl":"https:\/\/ejurr.tjrr.jus.br\/wp-content\/uploads\/2026\/03\/DSC_6117-1-scaled.jpg","articleSection":["Not\u00edcias"],"inLanguage":"pt-BR","potentialAction":[{"@type":"CommentAction","name":"Comment","target":["https:\/\/ejurr.tjrr.jus.br\/?p=30446#respond"]}]},{"@type":"WebPage","@id":"https:\/\/ejurr.tjrr.jus.br\/?p=30446","url":"https:\/\/ejurr.tjrr.jus.br\/?p=30446","name":"Servidores participam de forma\u00e7\u00e3o na \u00e1rea de Gest\u00e3o por compet\u00eancias - EJURR","isPartOf":{"@id":"https:\/\/ejurr.tjrr.jus.br\/#website"},"primaryImageOfPage":{"@id":"https:\/\/ejurr.tjrr.jus.br\/?p=30446#primaryimage"},"image":{"@id":"https:\/\/ejurr.tjrr.jus.br\/?p=30446#primaryimage"},"thumbnailUrl":"https:\/\/ejurr.tjrr.jus.br\/wp-content\/uploads\/2026\/03\/DSC_6117-1-scaled.jpg","datePublished":"2026-03-06T17:57:50+00:00","dateModified":"2026-03-06T17:58:33+00:00","breadcrumb":{"@id":"https:\/\/ejurr.tjrr.jus.br\/?p=30446#breadcrumb"},"inLanguage":"pt-BR","potentialAction":[{"@type":"ReadAction","target":["https:\/\/ejurr.tjrr.jus.br\/?p=30446"]}]},{"@type":"ImageObject","inLanguage":"pt-BR","@id":"https:\/\/ejurr.tjrr.jus.br\/?p=30446#primaryimage","url":"https:\/\/ejurr.tjrr.jus.br\/wp-content\/uploads\/2026\/03\/DSC_6117-1-scaled.jpg","contentUrl":"https:\/\/ejurr.tjrr.jus.br\/wp-content\/uploads\/2026\/03\/DSC_6117-1-scaled.jpg","width":2560,"height":1707},{"@type":"BreadcrumbList","@id":"https:\/\/ejurr.tjrr.jus.br\/?p=30446#breadcrumb","itemListElement":[{"@type":"ListItem","position":1,"name":"In\u00edcio","item":"https:\/\/ejurr.tjrr.jus.br\/"},{"@type":"ListItem","position":2,"name":"Servidores participam de forma\u00e7\u00e3o na \u00e1rea de Gest\u00e3o por compet\u00eancias"}]},{"@type":"WebSite","@id":"https:\/\/ejurr.tjrr.jus.br\/#website","url":"https:\/\/ejurr.tjrr.jus.br\/","name":"Escola Judicial de Roraima","description":"A Escola Judicial de Roraima \u00e9 uma institui\u00e7\u00e3o de educa\u00e7\u00e3o corporativa mantida pelo Tribunal de Justi\u00e7a do Estado de Roraima. Seu objetivo \u00e9 planejar e executar os cursos de forma\u00e7\u00e3o inicial, capacita\u00e7\u00e3o e aperfei\u00e7oamento dos magistrados, servidores, formadores e colaboradores do Poder Judici\u00e1rio.","publisher":{"@id":"https:\/\/ejurr.tjrr.jus.br\/#organization"},"alternateName":"EJURR","potentialAction":[{"@type":"SearchAction","target":{"@type":"EntryPoint","urlTemplate":"https:\/\/ejurr.tjrr.jus.br\/?s={search_term_string}"},"query-input":{"@type":"PropertyValueSpecification","valueRequired":true,"valueName":"search_term_string"}}],"inLanguage":"pt-BR"},{"@type":"Organization","@id":"https:\/\/ejurr.tjrr.jus.br\/#organization","name":"Escola Judicial de Roraima","alternateName":"EJURR","url":"https:\/\/ejurr.tjrr.jus.br\/","logo":{"@type":"ImageObject","inLanguage":"pt-BR","@id":"https:\/\/ejurr.tjrr.jus.br\/#\/schema\/logo\/image\/","url":"https:\/\/ejurr.tjrr.jus.br\/wp-content\/uploads\/2023\/06\/MIV-EJURR-V.png","contentUrl":"https:\/\/ejurr.tjrr.jus.br\/wp-content\/uploads\/2023\/06\/MIV-EJURR-V.png","width":387,"height":369,"caption":"Escola Judicial de Roraima"},"image":{"@id":"https:\/\/ejurr.tjrr.jus.br\/#\/schema\/logo\/image\/"},"sameAs":["https:\/\/www.facebook.com\/ejurr.tj","https:\/\/www.instagram.com\/ejurr.tj\/","https:\/\/www.youtube.com\/@ejurr","https:\/\/wa.me\/559531984156","https:\/\/www.flickr.com\/photos\/ejurr_oficial"]},{"@type":"Person","@id":"https:\/\/ejurr.tjrr.jus.br\/#\/schema\/person\/5dce040510816d75c020721e1d0ee85e","name":"\u00c9rica Figueredo","image":{"@type":"ImageObject","inLanguage":"pt-BR","@id":"https:\/\/ejurr.tjrr.jus.br\/#\/schema\/person\/image\/","url":"https:\/\/secure.gravatar.com\/avatar\/ca55ee37aaa0889795b400a799c5c4a9?s=96&d=mm&r=g","contentUrl":"https:\/\/secure.gravatar.com\/avatar\/ca55ee37aaa0889795b400a799c5c4a9?s=96&d=mm&r=g","caption":"\u00c9rica Figueredo"},"sameAs":["http:\/\/ejurr.tjrr.jus.br"],"url":"https:\/\/ejurr.tjrr.jus.br\/?author=3"}]}},"_links":{"self":[{"href":"https:\/\/ejurr.tjrr.jus.br\/index.php?rest_route=\/wp\/v2\/posts\/30446","targetHints":{"allow":["GET"]}}],"collection":[{"href":"https:\/\/ejurr.tjrr.jus.br\/index.php?rest_route=\/wp\/v2\/posts"}],"about":[{"href":"https:\/\/ejurr.tjrr.jus.br\/index.php?rest_route=\/wp\/v2\/types\/post"}],"author":[{"embeddable":true,"href":"https:\/\/ejurr.tjrr.jus.br\/index.php?rest_route=\/wp\/v2\/users\/3"}],"replies":[{"embeddable":true,"href":"https:\/\/ejurr.tjrr.jus.br\/index.php?rest_route=%2Fwp%2Fv2%2Fcomments&post=30446"}],"version-history":[{"count":2,"href":"https:\/\/ejurr.tjrr.jus.br\/index.php?rest_route=\/wp\/v2\/posts\/30446\/revisions"}],"predecessor-version":[{"id":30451,"href":"https:\/\/ejurr.tjrr.jus.br\/index.php?rest_route=\/wp\/v2\/posts\/30446\/revisions\/30451"}],"wp:featuredmedia":[{"embeddable":true,"href":"https:\/\/ejurr.tjrr.jus.br\/index.php?rest_route=\/wp\/v2\/media\/30448"}],"wp:attachment":[{"href":"https:\/\/ejurr.tjrr.jus.br\/index.php?rest_route=%2Fwp%2Fv2%2Fmedia&parent=30446"}],"wp:term":[{"taxonomy":"category","embeddable":true,"href":"https:\/\/ejurr.tjrr.jus.br\/index.php?rest_route=%2Fwp%2Fv2%2Fcategories&post=30446"},{"taxonomy":"post_tag","embeddable":true,"href":"https:\/\/ejurr.tjrr.jus.br\/index.php?rest_route=%2Fwp%2Fv2%2Ftags&post=30446"}],"curies":[{"name":"wp","href":"https:\/\/api.w.org\/{rel}","templated":true}]}}