{"id":30411,"date":"2026-03-06T14:05:00","date_gmt":"2026-03-06T18:05:00","guid":{"rendered":"https:\/\/ejurr.tjrr.jus.br\/?p=30411"},"modified":"2026-03-06T14:01:44","modified_gmt":"2026-03-06T18:01:44","slug":"popruajud-ejurr-promove-curso-sobre-politica-de-atencao-as-pessoas-em-situacao-em-rua","status":"publish","type":"post","link":"https:\/\/ejurr.tjrr.jus.br\/?p=30411","title":{"rendered":"PopRuaJud &#8211; Ejurr promove curso sobre pol\u00edtica de aten\u00e7\u00e3o \u00e0s pessoas em situa\u00e7\u00e3o em rua"},"content":{"rendered":"\n<p>Entre os dias 18 e 20 de mar\u00e7o, a Ejurr promover\u00e1 o curso Pol\u00edtica Nacional de Aten\u00e7\u00e3o \u00e0s Pessoas em Situa\u00e7\u00e3o de Rua e sua Interseccionalidades &#8211; PopRuaJud. As aulas ser\u00e3o ministradas pelo juiz&nbsp; do TJPA, F\u00e1bio Penezi P\u00f3voa e o juiz federal Vladimir Santos Vitovsky.&nbsp;<\/p>\n\n\n\n<p>A capacita\u00e7\u00e3o ser\u00e1 presencial na Ejurr, no hor\u00e1rio compreendido entre 8h30 e 12h30 e 14h30 \u00e0s 18h30. A carga hor\u00e1ria ser\u00e1 de 24 horas-aula. Outras informa\u00e7\u00f5es est\u00e3o dispon\u00edveis <a href=\"https:\/\/diario.tjrr.jus.br\/dpj\/dpj-20260306.pdf#page=15\">no edital<\/a>. <\/p>\n\n\n\n<p>O objetivo do curso \u00e9&nbsp; preparar os magistrados, servidores e volunt\u00e1rios para criar um plano de a\u00e7\u00e3o ou fluxo para implementar no \u00e2mbito do Poder Judici\u00e1rio, a Pol\u00edtica Nacional de Aten\u00e7\u00e3o \u00e0s Pessoas em Situa\u00e7\u00e3o de Rua e suas interseccionalidades assegurando o amplo acesso \u00e0 justi\u00e7a \u00e0s pessoas em situa\u00e7\u00e3o de rua, de forma c\u00e9lere e simplificada.&nbsp;<\/p>\n\n\n\n<p>Ser\u00e3o ofertadas 35 vagas destinadas a magistradas, magistrados, assessoras, assessores, servidoras, servidores ativos e aposentados do TJRR.&nbsp; As inscri\u00e7\u00f5es dever\u00e3o ser feitas no site<a href=\"https:\/\/ejurr.tjrr.jus.br\/?p=30393\">&nbsp;da Ejurr<\/a>, no per\u00edodo compreendido entre os dias 6 e 16 de mar\u00e7o.&nbsp;<\/p>\n\n\n\n<p><strong>Sobre o tema<\/strong><\/p>\n\n\n\n<p>O acesso \u00e0 Justi\u00e7a de forma inclusiva e humanizada demanda a supera\u00e7\u00e3o de barreiras que dificultam o atendimento de grupos vulner\u00e1veis, especialmente das pessoas em situa\u00e7\u00e3o de rua. A Resolu\u00e7\u00e3o n\u00ba 425\/2021 do Conselho Nacional de Justi\u00e7a estabelece diretrizes para a atua\u00e7\u00e3o administrativa e judicial, voltadas \u00e0 garantia de direitos humanos, considerando as especificidades dessa popula\u00e7\u00e3o, como a aus\u00eancia de documenta\u00e7\u00e3o, a dificuldade de acesso aos servi\u00e7os judiciais e a necessidade de medidas judiciais compat\u00edveis com sua realidade social. <\/p>\n\n\n\n<p>Nesse sentido, o curso busca promover o alinhamento t\u00e9cnico e institucional necess\u00e1rio para uma atua\u00e7\u00e3o judicial efetiva, humanizada e articulada com a rede de assist\u00eancia e prote\u00e7\u00e3o social, fortalecendo a implementa\u00e7\u00e3o da Pol\u00edtica Nacional de Aten\u00e7\u00e3o \u00e0s Pessoas em Situa\u00e7\u00e3o de Rua e considerando suas interseccionalidades.<\/p>\n\n\n\n<figure class=\"wp-block-image size-large\"><img fetchpriority=\"high\" decoding=\"async\" width=\"1024\" height=\"682\" src=\"https:\/\/ejurr.tjrr.jus.br\/wp-content\/uploads\/2026\/03\/WhatsApp-Image-2026-03-06-at-10.51.31-2-1024x682.jpeg\" alt=\"\" class=\"wp-image-30429\" srcset=\"https:\/\/ejurr.tjrr.jus.br\/wp-content\/uploads\/2026\/03\/WhatsApp-Image-2026-03-06-at-10.51.31-2-1024x682.jpeg 1024w, https:\/\/ejurr.tjrr.jus.br\/wp-content\/uploads\/2026\/03\/WhatsApp-Image-2026-03-06-at-10.51.31-2-300x200.jpeg 300w, https:\/\/ejurr.tjrr.jus.br\/wp-content\/uploads\/2026\/03\/WhatsApp-Image-2026-03-06-at-10.51.31-2-768x511.jpeg 768w, https:\/\/ejurr.tjrr.jus.br\/wp-content\/uploads\/2026\/03\/WhatsApp-Image-2026-03-06-at-10.51.31-2-1536x1022.jpeg 1536w, https:\/\/ejurr.tjrr.jus.br\/wp-content\/uploads\/2026\/03\/WhatsApp-Image-2026-03-06-at-10.51.31-2.jpeg 1600w\" sizes=\"(max-width: 1024px) 100vw, 1024px\" \/><\/figure>\n\n\n\n<p><\/p>\n\n\n\n<p><strong>Curr\u00edculo dos instrutores<\/strong><\/p>\n\n\n\n<p>F\u00c1BIO PENEZI P\u00d3VOA &#8211; Atualmente \u00e9 juiz do Tribunal de Justi\u00e7a do Estado do Par\u00e1. Possui gradua\u00e7\u00e3o em Direito pela Funda\u00e7\u00e3o de Ensino Eur\u00edpedes Soares da Rocha (1997). Tem experi\u00eancia na \u00e1rea de Direito, com \u00eanfase em Direito P\u00fablico. Especialista em Direito da Crian\u00e7a e Adolescente pela Universidade Federal do Par\u00e1 e Escola Superior da Magistratura do Tribunal de Justi\u00e7a do Estado do Par\u00e1. Especialista em Gest\u00e3o P\u00fablica com \u00eanfase em Processo Civil, pela Escola de Governo do Estado e Escola Judicial do Tribunal de Justi\u00e7a do Estado do Par\u00e1. Formador da Escola Nacional de Forma\u00e7\u00e3o e Aperfei\u00e7oamento de Magistrados &#8211; Enfam, Formador na Escola Judicial do Tribunal de Justi\u00e7a do Estado do Par\u00e1 &#8211; EJPA. Formador na Escola Judicial do Tribunal de Justi\u00e7a do Estado de Roraima &#8211; EJURR, Formador na Escola Superior de Magistrados do Tribunal de Justi\u00e7a do Estado do Maranh\u00e3o, Formador na Escola Superior da Magistratura do Estado do Rio Grande do Norte.&nbsp;<\/p>\n\n\n\n<p>VLADIMIR SANTOS VITOVSKY &#8211; P\u00f3s-doutor em Educa\u00e7\u00e3o pelo PropEd &#8211; Universidade do Estado do Rio de Janeiro &#8211; UERJ; Doutor pela Universidade de Coimbra, Programa Doutoramento em Direito, Justi\u00e7a e Cidadania no S\u00e9culo XXI (2017); Mestre em Direito pela Universidade do Estado do Rio de Janeiro &#8211; UERJ; Juiz Federal Titular da 9\u00aa Vara Federal de Execu\u00e7\u00e3o Fiscal do Rio de Janeiro; Juiz Formador da Escola Nacional de Forma\u00e7\u00e3o e Aperfei\u00e7oamento de Magistrados &#8211; ENFAM; Coordenador do Curso de Forma\u00e7\u00e3o Inicial e de Aperfei\u00e7oamento para fins de Vitaliciamento de Magistrados; Membro integrante da Comiss\u00e3o de Acompanhamento dos Cursos de Aperfei\u00e7oamento e Especializa\u00e7\u00e3o (CAE) da Escola de Magistratura Regional Federal da 2\u00aa Regi\u00e3o (EMARF); Coordenador da Comiss\u00e3o de Gest\u00e3o da Administra\u00e7\u00e3o Judici\u00e1ria do CAE\/EMARF; Juiz Federal Supervisor do Centro de Atendimento Itinerante da Justi\u00e7a Federal no Complexo do Alem\u00e3o e demais comunidades &#8211; CAIJF.&nbsp;&nbsp;<\/p>\n\n\n\n<p class=\"has-small-font-size\">Foto: Ejurr\/Texto: Ejurr<\/p>\n\n\n\n<p class=\"has-small-font-size\">O portal da Ejurr oferece recursos de acessibilidade por meio da plataforma Ryben\u00e1<\/p>\n\n\n\n<p><\/p>\n","protected":false},"excerpt":{"rendered":"<p>Entre os dias 18 e 20 de mar\u00e7o, a Ejurr promover\u00e1 o curso Pol\u00edtica Nacional de Aten\u00e7\u00e3o \u00e0s Pessoas em Situa\u00e7\u00e3o de Rua e sua Interseccionalidades &#8211; PopRuaJud. As aulas ser\u00e3o ministradas pelo juiz&nbsp; do TJPA, F\u00e1bio Penezi P\u00f3voa e o juiz federal Vladimir Santos Vitovsky.&nbsp; A capacita\u00e7\u00e3o ser\u00e1 presencial na Ejurr, no hor\u00e1rio compreendido [&hellip;]<\/p>\n","protected":false},"author":3,"featured_media":30412,"comment_status":"open","ping_status":"open","sticky":false,"template":"","format":"standard","meta":{"footnotes":""},"categories":[9],"tags":[],"class_list":["post-30411","post","type-post","status-publish","format-standard","has-post-thumbnail","hentry","category-noticias"],"yoast_head":"<!-- This site is optimized with the Yoast SEO plugin v26.6 - https:\/\/yoast.com\/wordpress\/plugins\/seo\/ -->\n<title>PopRuaJud - Ejurr promove curso sobre pol\u00edtica de aten\u00e7\u00e3o \u00e0s pessoas em situa\u00e7\u00e3o em rua - EJURR<\/title>\n<meta name=\"robots\" content=\"index, follow, max-snippet:-1, max-image-preview:large, max-video-preview:-1\" \/>\n<link rel=\"canonical\" href=\"https:\/\/ejurr.tjrr.jus.br\/?p=30411\" \/>\n<meta property=\"og:locale\" content=\"pt_BR\" \/>\n<meta property=\"og:type\" content=\"article\" \/>\n<meta property=\"og:title\" content=\"PopRuaJud - Ejurr promove curso sobre pol\u00edtica de aten\u00e7\u00e3o \u00e0s pessoas em situa\u00e7\u00e3o em rua - EJURR\" \/>\n<meta property=\"og:description\" content=\"Entre os dias 18 e 20 de mar\u00e7o, a Ejurr promover\u00e1 o curso Pol\u00edtica Nacional de Aten\u00e7\u00e3o \u00e0s Pessoas em Situa\u00e7\u00e3o de Rua e sua Interseccionalidades &#8211; PopRuaJud. As aulas ser\u00e3o ministradas pelo juiz&nbsp; do TJPA, F\u00e1bio Penezi P\u00f3voa e o juiz federal Vladimir Santos Vitovsky.&nbsp; A capacita\u00e7\u00e3o ser\u00e1 presencial na Ejurr, no hor\u00e1rio compreendido [&hellip;]\" \/>\n<meta property=\"og:url\" content=\"https:\/\/ejurr.tjrr.jus.br\/?p=30411\" \/>\n<meta property=\"og:site_name\" content=\"EJURR\" \/>\n<meta property=\"article:publisher\" content=\"https:\/\/www.facebook.com\/ejurr.tj\" \/>\n<meta property=\"article:published_time\" content=\"2026-03-06T18:05:00+00:00\" \/>\n<meta property=\"og:image\" content=\"https:\/\/ejurr.tjrr.jus.br\/wp-content\/uploads\/2026\/03\/WhatsApp-Image-2026-03-06-at-10.51.31.jpeg\" \/>\n\t<meta property=\"og:image:width\" content=\"1600\" \/>\n\t<meta property=\"og:image:height\" content=\"1065\" \/>\n\t<meta property=\"og:image:type\" content=\"image\/jpeg\" \/>\n<meta name=\"author\" content=\"\u00c9rica Figueredo\" \/>\n<meta name=\"twitter:card\" content=\"summary_large_image\" \/>\n<meta name=\"twitter:label1\" content=\"Escrito por\" \/>\n\t<meta name=\"twitter:data1\" content=\"\u00c9rica Figueredo\" \/>\n\t<meta name=\"twitter:label2\" content=\"Est. tempo de leitura\" \/>\n\t<meta name=\"twitter:data2\" content=\"4 minutos\" \/>\n<script type=\"application\/ld+json\" class=\"yoast-schema-graph\">{\"@context\":\"https:\/\/schema.org\",\"@graph\":[{\"@type\":\"Article\",\"@id\":\"https:\/\/ejurr.tjrr.jus.br\/?p=30411#article\",\"isPartOf\":{\"@id\":\"https:\/\/ejurr.tjrr.jus.br\/?p=30411\"},\"author\":{\"name\":\"\u00c9rica Figueredo\",\"@id\":\"https:\/\/ejurr.tjrr.jus.br\/#\/schema\/person\/5dce040510816d75c020721e1d0ee85e\"},\"headline\":\"PopRuaJud &#8211; Ejurr promove curso sobre pol\u00edtica de aten\u00e7\u00e3o \u00e0s pessoas em situa\u00e7\u00e3o em rua\",\"datePublished\":\"2026-03-06T18:05:00+00:00\",\"mainEntityOfPage\":{\"@id\":\"https:\/\/ejurr.tjrr.jus.br\/?p=30411\"},\"wordCount\":718,\"commentCount\":0,\"publisher\":{\"@id\":\"https:\/\/ejurr.tjrr.jus.br\/#organization\"},\"image\":{\"@id\":\"https:\/\/ejurr.tjrr.jus.br\/?p=30411#primaryimage\"},\"thumbnailUrl\":\"https:\/\/ejurr.tjrr.jus.br\/wp-content\/uploads\/2026\/03\/WhatsApp-Image-2026-03-06-at-10.51.31.jpeg\",\"articleSection\":[\"Not\u00edcias\"],\"inLanguage\":\"pt-BR\",\"potentialAction\":[{\"@type\":\"CommentAction\",\"name\":\"Comment\",\"target\":[\"https:\/\/ejurr.tjrr.jus.br\/?p=30411#respond\"]}]},{\"@type\":\"WebPage\",\"@id\":\"https:\/\/ejurr.tjrr.jus.br\/?p=30411\",\"url\":\"https:\/\/ejurr.tjrr.jus.br\/?p=30411\",\"name\":\"PopRuaJud - Ejurr promove curso sobre pol\u00edtica de aten\u00e7\u00e3o \u00e0s pessoas em situa\u00e7\u00e3o em rua - EJURR\",\"isPartOf\":{\"@id\":\"https:\/\/ejurr.tjrr.jus.br\/#website\"},\"primaryImageOfPage\":{\"@id\":\"https:\/\/ejurr.tjrr.jus.br\/?p=30411#primaryimage\"},\"image\":{\"@id\":\"https:\/\/ejurr.tjrr.jus.br\/?p=30411#primaryimage\"},\"thumbnailUrl\":\"https:\/\/ejurr.tjrr.jus.br\/wp-content\/uploads\/2026\/03\/WhatsApp-Image-2026-03-06-at-10.51.31.jpeg\",\"datePublished\":\"2026-03-06T18:05:00+00:00\",\"breadcrumb\":{\"@id\":\"https:\/\/ejurr.tjrr.jus.br\/?p=30411#breadcrumb\"},\"inLanguage\":\"pt-BR\",\"potentialAction\":[{\"@type\":\"ReadAction\",\"target\":[\"https:\/\/ejurr.tjrr.jus.br\/?p=30411\"]}]},{\"@type\":\"ImageObject\",\"inLanguage\":\"pt-BR\",\"@id\":\"https:\/\/ejurr.tjrr.jus.br\/?p=30411#primaryimage\",\"url\":\"https:\/\/ejurr.tjrr.jus.br\/wp-content\/uploads\/2026\/03\/WhatsApp-Image-2026-03-06-at-10.51.31.jpeg\",\"contentUrl\":\"https:\/\/ejurr.tjrr.jus.br\/wp-content\/uploads\/2026\/03\/WhatsApp-Image-2026-03-06-at-10.51.31.jpeg\",\"width\":1600,\"height\":1065},{\"@type\":\"BreadcrumbList\",\"@id\":\"https:\/\/ejurr.tjrr.jus.br\/?p=30411#breadcrumb\",\"itemListElement\":[{\"@type\":\"ListItem\",\"position\":1,\"name\":\"In\u00edcio\",\"item\":\"https:\/\/ejurr.tjrr.jus.br\/\"},{\"@type\":\"ListItem\",\"position\":2,\"name\":\"PopRuaJud &#8211; Ejurr promove curso sobre pol\u00edtica de aten\u00e7\u00e3o \u00e0s pessoas em situa\u00e7\u00e3o em rua\"}]},{\"@type\":\"WebSite\",\"@id\":\"https:\/\/ejurr.tjrr.jus.br\/#website\",\"url\":\"https:\/\/ejurr.tjrr.jus.br\/\",\"name\":\"Escola Judicial de Roraima\",\"description\":\"A Escola Judicial de Roraima \u00e9 uma institui\u00e7\u00e3o de educa\u00e7\u00e3o corporativa mantida pelo Tribunal de Justi\u00e7a do Estado de Roraima. Seu objetivo \u00e9 planejar e executar os cursos de forma\u00e7\u00e3o inicial, capacita\u00e7\u00e3o e aperfei\u00e7oamento dos magistrados, servidores, formadores e colaboradores do Poder Judici\u00e1rio.\",\"publisher\":{\"@id\":\"https:\/\/ejurr.tjrr.jus.br\/#organization\"},\"alternateName\":\"EJURR\",\"potentialAction\":[{\"@type\":\"SearchAction\",\"target\":{\"@type\":\"EntryPoint\",\"urlTemplate\":\"https:\/\/ejurr.tjrr.jus.br\/?s={search_term_string}\"},\"query-input\":{\"@type\":\"PropertyValueSpecification\",\"valueRequired\":true,\"valueName\":\"search_term_string\"}}],\"inLanguage\":\"pt-BR\"},{\"@type\":\"Organization\",\"@id\":\"https:\/\/ejurr.tjrr.jus.br\/#organization\",\"name\":\"Escola Judicial de Roraima\",\"alternateName\":\"EJURR\",\"url\":\"https:\/\/ejurr.tjrr.jus.br\/\",\"logo\":{\"@type\":\"ImageObject\",\"inLanguage\":\"pt-BR\",\"@id\":\"https:\/\/ejurr.tjrr.jus.br\/#\/schema\/logo\/image\/\",\"url\":\"https:\/\/ejurr.tjrr.jus.br\/wp-content\/uploads\/2023\/06\/MIV-EJURR-V.png\",\"contentUrl\":\"https:\/\/ejurr.tjrr.jus.br\/wp-content\/uploads\/2023\/06\/MIV-EJURR-V.png\",\"width\":387,\"height\":369,\"caption\":\"Escola Judicial de Roraima\"},\"image\":{\"@id\":\"https:\/\/ejurr.tjrr.jus.br\/#\/schema\/logo\/image\/\"},\"sameAs\":[\"https:\/\/www.facebook.com\/ejurr.tj\",\"https:\/\/www.instagram.com\/ejurr.tj\/\",\"https:\/\/www.youtube.com\/@ejurr\",\"https:\/\/wa.me\/559531984156\",\"https:\/\/www.flickr.com\/photos\/ejurr_oficial\"]},{\"@type\":\"Person\",\"@id\":\"https:\/\/ejurr.tjrr.jus.br\/#\/schema\/person\/5dce040510816d75c020721e1d0ee85e\",\"name\":\"\u00c9rica Figueredo\",\"image\":{\"@type\":\"ImageObject\",\"inLanguage\":\"pt-BR\",\"@id\":\"https:\/\/ejurr.tjrr.jus.br\/#\/schema\/person\/image\/\",\"url\":\"https:\/\/secure.gravatar.com\/avatar\/ca55ee37aaa0889795b400a799c5c4a9?s=96&d=mm&r=g\",\"contentUrl\":\"https:\/\/secure.gravatar.com\/avatar\/ca55ee37aaa0889795b400a799c5c4a9?s=96&d=mm&r=g\",\"caption\":\"\u00c9rica Figueredo\"},\"sameAs\":[\"http:\/\/ejurr.tjrr.jus.br\"],\"url\":\"https:\/\/ejurr.tjrr.jus.br\/?author=3\"}]}<\/script>\n<!-- \/ Yoast SEO plugin. -->","yoast_head_json":{"title":"PopRuaJud - Ejurr promove curso sobre pol\u00edtica de aten\u00e7\u00e3o \u00e0s pessoas em situa\u00e7\u00e3o em rua - EJURR","robots":{"index":"index","follow":"follow","max-snippet":"max-snippet:-1","max-image-preview":"max-image-preview:large","max-video-preview":"max-video-preview:-1"},"canonical":"https:\/\/ejurr.tjrr.jus.br\/?p=30411","og_locale":"pt_BR","og_type":"article","og_title":"PopRuaJud - Ejurr promove curso sobre pol\u00edtica de aten\u00e7\u00e3o \u00e0s pessoas em situa\u00e7\u00e3o em rua - EJURR","og_description":"Entre os dias 18 e 20 de mar\u00e7o, a Ejurr promover\u00e1 o curso Pol\u00edtica Nacional de Aten\u00e7\u00e3o \u00e0s Pessoas em Situa\u00e7\u00e3o de Rua e sua Interseccionalidades &#8211; PopRuaJud. As aulas ser\u00e3o ministradas pelo juiz&nbsp; do TJPA, F\u00e1bio Penezi P\u00f3voa e o juiz federal Vladimir Santos Vitovsky.&nbsp; A capacita\u00e7\u00e3o ser\u00e1 presencial na Ejurr, no hor\u00e1rio compreendido [&hellip;]","og_url":"https:\/\/ejurr.tjrr.jus.br\/?p=30411","og_site_name":"EJURR","article_publisher":"https:\/\/www.facebook.com\/ejurr.tj","article_published_time":"2026-03-06T18:05:00+00:00","og_image":[{"width":1600,"height":1065,"url":"https:\/\/ejurr.tjrr.jus.br\/wp-content\/uploads\/2026\/03\/WhatsApp-Image-2026-03-06-at-10.51.31.jpeg","type":"image\/jpeg"}],"author":"\u00c9rica Figueredo","twitter_card":"summary_large_image","twitter_misc":{"Escrito por":"\u00c9rica Figueredo","Est. tempo de leitura":"4 minutos"},"schema":{"@context":"https:\/\/schema.org","@graph":[{"@type":"Article","@id":"https:\/\/ejurr.tjrr.jus.br\/?p=30411#article","isPartOf":{"@id":"https:\/\/ejurr.tjrr.jus.br\/?p=30411"},"author":{"name":"\u00c9rica Figueredo","@id":"https:\/\/ejurr.tjrr.jus.br\/#\/schema\/person\/5dce040510816d75c020721e1d0ee85e"},"headline":"PopRuaJud &#8211; Ejurr promove curso sobre pol\u00edtica de aten\u00e7\u00e3o \u00e0s pessoas em situa\u00e7\u00e3o em rua","datePublished":"2026-03-06T18:05:00+00:00","mainEntityOfPage":{"@id":"https:\/\/ejurr.tjrr.jus.br\/?p=30411"},"wordCount":718,"commentCount":0,"publisher":{"@id":"https:\/\/ejurr.tjrr.jus.br\/#organization"},"image":{"@id":"https:\/\/ejurr.tjrr.jus.br\/?p=30411#primaryimage"},"thumbnailUrl":"https:\/\/ejurr.tjrr.jus.br\/wp-content\/uploads\/2026\/03\/WhatsApp-Image-2026-03-06-at-10.51.31.jpeg","articleSection":["Not\u00edcias"],"inLanguage":"pt-BR","potentialAction":[{"@type":"CommentAction","name":"Comment","target":["https:\/\/ejurr.tjrr.jus.br\/?p=30411#respond"]}]},{"@type":"WebPage","@id":"https:\/\/ejurr.tjrr.jus.br\/?p=30411","url":"https:\/\/ejurr.tjrr.jus.br\/?p=30411","name":"PopRuaJud - Ejurr promove curso sobre pol\u00edtica de aten\u00e7\u00e3o \u00e0s pessoas em situa\u00e7\u00e3o em rua - EJURR","isPartOf":{"@id":"https:\/\/ejurr.tjrr.jus.br\/#website"},"primaryImageOfPage":{"@id":"https:\/\/ejurr.tjrr.jus.br\/?p=30411#primaryimage"},"image":{"@id":"https:\/\/ejurr.tjrr.jus.br\/?p=30411#primaryimage"},"thumbnailUrl":"https:\/\/ejurr.tjrr.jus.br\/wp-content\/uploads\/2026\/03\/WhatsApp-Image-2026-03-06-at-10.51.31.jpeg","datePublished":"2026-03-06T18:05:00+00:00","breadcrumb":{"@id":"https:\/\/ejurr.tjrr.jus.br\/?p=30411#breadcrumb"},"inLanguage":"pt-BR","potentialAction":[{"@type":"ReadAction","target":["https:\/\/ejurr.tjrr.jus.br\/?p=30411"]}]},{"@type":"ImageObject","inLanguage":"pt-BR","@id":"https:\/\/ejurr.tjrr.jus.br\/?p=30411#primaryimage","url":"https:\/\/ejurr.tjrr.jus.br\/wp-content\/uploads\/2026\/03\/WhatsApp-Image-2026-03-06-at-10.51.31.jpeg","contentUrl":"https:\/\/ejurr.tjrr.jus.br\/wp-content\/uploads\/2026\/03\/WhatsApp-Image-2026-03-06-at-10.51.31.jpeg","width":1600,"height":1065},{"@type":"BreadcrumbList","@id":"https:\/\/ejurr.tjrr.jus.br\/?p=30411#breadcrumb","itemListElement":[{"@type":"ListItem","position":1,"name":"In\u00edcio","item":"https:\/\/ejurr.tjrr.jus.br\/"},{"@type":"ListItem","position":2,"name":"PopRuaJud &#8211; Ejurr promove curso sobre pol\u00edtica de aten\u00e7\u00e3o \u00e0s pessoas em situa\u00e7\u00e3o em rua"}]},{"@type":"WebSite","@id":"https:\/\/ejurr.tjrr.jus.br\/#website","url":"https:\/\/ejurr.tjrr.jus.br\/","name":"Escola Judicial de Roraima","description":"A Escola Judicial de Roraima \u00e9 uma institui\u00e7\u00e3o de educa\u00e7\u00e3o corporativa mantida pelo Tribunal de Justi\u00e7a do Estado de Roraima. Seu objetivo \u00e9 planejar e executar os cursos de forma\u00e7\u00e3o inicial, capacita\u00e7\u00e3o e aperfei\u00e7oamento dos magistrados, servidores, formadores e colaboradores do Poder Judici\u00e1rio.","publisher":{"@id":"https:\/\/ejurr.tjrr.jus.br\/#organization"},"alternateName":"EJURR","potentialAction":[{"@type":"SearchAction","target":{"@type":"EntryPoint","urlTemplate":"https:\/\/ejurr.tjrr.jus.br\/?s={search_term_string}"},"query-input":{"@type":"PropertyValueSpecification","valueRequired":true,"valueName":"search_term_string"}}],"inLanguage":"pt-BR"},{"@type":"Organization","@id":"https:\/\/ejurr.tjrr.jus.br\/#organization","name":"Escola Judicial de Roraima","alternateName":"EJURR","url":"https:\/\/ejurr.tjrr.jus.br\/","logo":{"@type":"ImageObject","inLanguage":"pt-BR","@id":"https:\/\/ejurr.tjrr.jus.br\/#\/schema\/logo\/image\/","url":"https:\/\/ejurr.tjrr.jus.br\/wp-content\/uploads\/2023\/06\/MIV-EJURR-V.png","contentUrl":"https:\/\/ejurr.tjrr.jus.br\/wp-content\/uploads\/2023\/06\/MIV-EJURR-V.png","width":387,"height":369,"caption":"Escola Judicial de Roraima"},"image":{"@id":"https:\/\/ejurr.tjrr.jus.br\/#\/schema\/logo\/image\/"},"sameAs":["https:\/\/www.facebook.com\/ejurr.tj","https:\/\/www.instagram.com\/ejurr.tj\/","https:\/\/www.youtube.com\/@ejurr","https:\/\/wa.me\/559531984156","https:\/\/www.flickr.com\/photos\/ejurr_oficial"]},{"@type":"Person","@id":"https:\/\/ejurr.tjrr.jus.br\/#\/schema\/person\/5dce040510816d75c020721e1d0ee85e","name":"\u00c9rica Figueredo","image":{"@type":"ImageObject","inLanguage":"pt-BR","@id":"https:\/\/ejurr.tjrr.jus.br\/#\/schema\/person\/image\/","url":"https:\/\/secure.gravatar.com\/avatar\/ca55ee37aaa0889795b400a799c5c4a9?s=96&d=mm&r=g","contentUrl":"https:\/\/secure.gravatar.com\/avatar\/ca55ee37aaa0889795b400a799c5c4a9?s=96&d=mm&r=g","caption":"\u00c9rica Figueredo"},"sameAs":["http:\/\/ejurr.tjrr.jus.br"],"url":"https:\/\/ejurr.tjrr.jus.br\/?author=3"}]}},"_links":{"self":[{"href":"https:\/\/ejurr.tjrr.jus.br\/index.php?rest_route=\/wp\/v2\/posts\/30411","targetHints":{"allow":["GET"]}}],"collection":[{"href":"https:\/\/ejurr.tjrr.jus.br\/index.php?rest_route=\/wp\/v2\/posts"}],"about":[{"href":"https:\/\/ejurr.tjrr.jus.br\/index.php?rest_route=\/wp\/v2\/types\/post"}],"author":[{"embeddable":true,"href":"https:\/\/ejurr.tjrr.jus.br\/index.php?rest_route=\/wp\/v2\/users\/3"}],"replies":[{"embeddable":true,"href":"https:\/\/ejurr.tjrr.jus.br\/index.php?rest_route=%2Fwp%2Fv2%2Fcomments&post=30411"}],"version-history":[{"count":3,"href":"https:\/\/ejurr.tjrr.jus.br\/index.php?rest_route=\/wp\/v2\/posts\/30411\/revisions"}],"predecessor-version":[{"id":30430,"href":"https:\/\/ejurr.tjrr.jus.br\/index.php?rest_route=\/wp\/v2\/posts\/30411\/revisions\/30430"}],"wp:featuredmedia":[{"embeddable":true,"href":"https:\/\/ejurr.tjrr.jus.br\/index.php?rest_route=\/wp\/v2\/media\/30412"}],"wp:attachment":[{"href":"https:\/\/ejurr.tjrr.jus.br\/index.php?rest_route=%2Fwp%2Fv2%2Fmedia&parent=30411"}],"wp:term":[{"taxonomy":"category","embeddable":true,"href":"https:\/\/ejurr.tjrr.jus.br\/index.php?rest_route=%2Fwp%2Fv2%2Fcategories&post=30411"},{"taxonomy":"post_tag","embeddable":true,"href":"https:\/\/ejurr.tjrr.jus.br\/index.php?rest_route=%2Fwp%2Fv2%2Ftags&post=30411"}],"curies":[{"name":"wp","href":"https:\/\/api.w.org\/{rel}","templated":true}]}}