{"id":30282,"date":"2026-03-05T10:23:46","date_gmt":"2026-03-05T14:23:46","guid":{"rendered":"https:\/\/ejurr.tjrr.jus.br\/?p=30282"},"modified":"2026-03-05T11:41:41","modified_gmt":"2026-03-05T15:41:41","slug":"projeto-vida-360-eventos-de-marco-expoem-a-importancia-do-equilibrio-emocional-e-da-lideranca-humanizada","status":"publish","type":"post","link":"https:\/\/ejurr.tjrr.jus.br\/?p=30282","title":{"rendered":"Projeto Vida 360 \u2013 Eventos de mar\u00e7o exp\u00f5em a import\u00e2ncia do equil\u00edbrio emocional e da lideran\u00e7a humanizada"},"content":{"rendered":"\n<p>No dia 12 de mar\u00e7o, a plataforma Vida 360 realizar\u00e1 duas palestras sobre equil\u00edbrio em lideran\u00e7a e gest\u00e3o emocional no trabalho. A iniciativa \u00e9 resultado da parceria entre a Escola Judicial de Roraima (Ejurr) e a Secretaria de Sa\u00fade e Qualidade de Vida (SQV).<\/p>\n\n\n\n<p>O portal \u00e9 uma iniciativa focada no bem-estar e no ambiente institucional, incentivando o equil\u00edbrio entre a vida profissional e pessoal. A a\u00e7\u00e3o organiza reuni\u00f5es mensais lideradas por especialistas de destaque, em formato h\u00edbrido (presencial e virtual).<\/p>\n\n\n\n<p>A jornalista e escritora Leila Ferreira ir\u00e1, em sua fala, tratar do tema \u201cA arte de ser leve! Lidando com estresse, ansiedade e evitando a depress\u00e3o\u201d, discutindo a busca por uma felicidade realista e a import\u00e2ncia do di\u00e1logo e o desafio de viver com mais leveza em um mundo acelerado.&nbsp;&nbsp;<\/p>\n\n\n\n<p>O professor especializado em Inova\u00e7\u00e3o e Design Thinking, Marcelo de Elias, abordar\u00e1 a \u201cLideran\u00e7a humanizada equilibrando pessoas e resultados\u201d, debatendo a desenvoltura da adaptabilidade e resili\u00eancia diante das constantes mudan\u00e7as e tarefas no of\u00edcio.<\/p>\n\n\n\n<p>Os membros do Tribunal de Justi\u00e7a de Roraima (TJRR) que ainda n\u00e3o se registraram devem usar o<a href=\"https:\/\/educa.enfam.jus.br\/inscricao-pre-inscricao-plataforma-vida-360-proposito-saude-e-felicidade\"> link <\/a>para se inscreverem. O conte\u00fado das palestras estar\u00e1 dispon\u00edvel no site at\u00e9 12 de abril.<\/p>\n\n\n\n<figure class=\"wp-block-image size-large\"><img fetchpriority=\"high\" decoding=\"async\" width=\"1024\" height=\"569\" src=\"https:\/\/ejurr.tjrr.jus.br\/wp-content\/uploads\/2026\/03\/BANNER-2-SITE-1024x569.png\" alt=\"\" class=\"wp-image-30287\" srcset=\"https:\/\/ejurr.tjrr.jus.br\/wp-content\/uploads\/2026\/03\/BANNER-2-SITE-1024x569.png 1024w, https:\/\/ejurr.tjrr.jus.br\/wp-content\/uploads\/2026\/03\/BANNER-2-SITE-300x167.png 300w, https:\/\/ejurr.tjrr.jus.br\/wp-content\/uploads\/2026\/03\/BANNER-2-SITE-768x427.png 768w, https:\/\/ejurr.tjrr.jus.br\/wp-content\/uploads\/2026\/03\/BANNER-2-SITE.png 1440w\" sizes=\"(max-width: 1024px) 100vw, 1024px\" \/><\/figure>\n\n\n\n<p class=\"has-small-font-size\"><strong>Foto:<\/strong> Divulga\u00e7\u00e3o\/<strong>Texto<\/strong>: Ejurr<\/p>\n\n\n\n<p class=\"has-small-font-size\">O portal da Ejurr oferece recursos de acessibilidade por meio da plataforma Ryben\u00e1.<\/p>\n\n\n\n<p><\/p>\n","protected":false},"excerpt":{"rendered":"<p>No dia 12 de mar\u00e7o, a plataforma Vida 360 realizar\u00e1 duas palestras sobre equil\u00edbrio em lideran\u00e7a e gest\u00e3o emocional no trabalho. A iniciativa \u00e9 resultado da parceria entre a Escola Judicial de Roraima (Ejurr) e a Secretaria de Sa\u00fade e Qualidade de Vida (SQV). O portal \u00e9 uma iniciativa focada no bem-estar e no ambiente [&hellip;]<\/p>\n","protected":false},"author":10,"featured_media":30287,"comment_status":"open","ping_status":"open","sticky":false,"template":"","format":"standard","meta":{"footnotes":""},"categories":[9],"tags":[],"class_list":["post-30282","post","type-post","status-publish","format-standard","has-post-thumbnail","hentry","category-noticias"],"yoast_head":"<!-- This site is optimized with the Yoast SEO plugin v26.6 - https:\/\/yoast.com\/wordpress\/plugins\/seo\/ -->\n<title>Projeto Vida 360 \u2013 Eventos de mar\u00e7o exp\u00f5em a import\u00e2ncia do equil\u00edbrio emocional e da lideran\u00e7a humanizada - EJURR<\/title>\n<meta name=\"description\" content=\"A plataforma Vida 360 sediar\u00e1 duas palestras focadas no equil\u00edbrio em posi\u00e7\u00f5es de lideran\u00e7a e na gest\u00e3o das emo\u00e7\u00f5es no local de trabalho.\" \/>\n<meta name=\"robots\" content=\"index, follow, max-snippet:-1, max-image-preview:large, max-video-preview:-1\" \/>\n<link rel=\"canonical\" href=\"https:\/\/ejurr.tjrr.jus.br\/?p=30282\" \/>\n<meta property=\"og:locale\" content=\"pt_BR\" \/>\n<meta property=\"og:type\" content=\"article\" \/>\n<meta property=\"og:title\" content=\"Projeto Vida 360 \u2013 Eventos de mar\u00e7o exp\u00f5em a import\u00e2ncia do equil\u00edbrio emocional e da lideran\u00e7a humanizada - EJURR\" \/>\n<meta property=\"og:description\" content=\"A plataforma Vida 360 sediar\u00e1 duas palestras focadas no equil\u00edbrio em posi\u00e7\u00f5es de lideran\u00e7a e na gest\u00e3o das emo\u00e7\u00f5es no local de trabalho.\" \/>\n<meta property=\"og:url\" content=\"https:\/\/ejurr.tjrr.jus.br\/?p=30282\" \/>\n<meta property=\"og:site_name\" content=\"EJURR\" \/>\n<meta property=\"article:publisher\" content=\"https:\/\/www.facebook.com\/ejurr.tj\" \/>\n<meta property=\"article:published_time\" content=\"2026-03-05T14:23:46+00:00\" \/>\n<meta property=\"article:modified_time\" content=\"2026-03-05T15:41:41+00:00\" \/>\n<meta property=\"og:image\" content=\"https:\/\/ejurr.tjrr.jus.br\/wp-content\/uploads\/2026\/03\/BANNER-2-SITE.png\" \/>\n\t<meta property=\"og:image:width\" content=\"1440\" \/>\n\t<meta property=\"og:image:height\" content=\"800\" \/>\n\t<meta property=\"og:image:type\" content=\"image\/png\" \/>\n<meta name=\"author\" content=\"Yasmin Tavares Vieira\" \/>\n<meta name=\"twitter:card\" content=\"summary_large_image\" \/>\n<meta name=\"twitter:label1\" content=\"Escrito por\" \/>\n\t<meta name=\"twitter:data1\" content=\"Yasmin Tavares Vieira\" \/>\n\t<meta name=\"twitter:label2\" content=\"Est. tempo de leitura\" \/>\n\t<meta name=\"twitter:data2\" content=\"2 minutos\" \/>\n<script type=\"application\/ld+json\" class=\"yoast-schema-graph\">{\"@context\":\"https:\/\/schema.org\",\"@graph\":[{\"@type\":\"Article\",\"@id\":\"https:\/\/ejurr.tjrr.jus.br\/?p=30282#article\",\"isPartOf\":{\"@id\":\"https:\/\/ejurr.tjrr.jus.br\/?p=30282\"},\"author\":{\"name\":\"Yasmin Tavares Vieira\",\"@id\":\"https:\/\/ejurr.tjrr.jus.br\/#\/schema\/person\/f1b6f5e2c7fb49f1a29a80b47c588a4f\"},\"headline\":\"Projeto Vida 360 \u2013 Eventos de mar\u00e7o exp\u00f5em a import\u00e2ncia do equil\u00edbrio emocional e da lideran\u00e7a humanizada\",\"datePublished\":\"2026-03-05T14:23:46+00:00\",\"dateModified\":\"2026-03-05T15:41:41+00:00\",\"mainEntityOfPage\":{\"@id\":\"https:\/\/ejurr.tjrr.jus.br\/?p=30282\"},\"wordCount\":254,\"commentCount\":0,\"publisher\":{\"@id\":\"https:\/\/ejurr.tjrr.jus.br\/#organization\"},\"image\":{\"@id\":\"https:\/\/ejurr.tjrr.jus.br\/?p=30282#primaryimage\"},\"thumbnailUrl\":\"https:\/\/ejurr.tjrr.jus.br\/wp-content\/uploads\/2026\/03\/BANNER-2-SITE.png\",\"articleSection\":[\"Not\u00edcias\"],\"inLanguage\":\"pt-BR\",\"potentialAction\":[{\"@type\":\"CommentAction\",\"name\":\"Comment\",\"target\":[\"https:\/\/ejurr.tjrr.jus.br\/?p=30282#respond\"]}]},{\"@type\":\"WebPage\",\"@id\":\"https:\/\/ejurr.tjrr.jus.br\/?p=30282\",\"url\":\"https:\/\/ejurr.tjrr.jus.br\/?p=30282\",\"name\":\"Projeto Vida 360 \u2013 Eventos de mar\u00e7o exp\u00f5em a import\u00e2ncia do equil\u00edbrio emocional e da lideran\u00e7a humanizada - EJURR\",\"isPartOf\":{\"@id\":\"https:\/\/ejurr.tjrr.jus.br\/#website\"},\"primaryImageOfPage\":{\"@id\":\"https:\/\/ejurr.tjrr.jus.br\/?p=30282#primaryimage\"},\"image\":{\"@id\":\"https:\/\/ejurr.tjrr.jus.br\/?p=30282#primaryimage\"},\"thumbnailUrl\":\"https:\/\/ejurr.tjrr.jus.br\/wp-content\/uploads\/2026\/03\/BANNER-2-SITE.png\",\"datePublished\":\"2026-03-05T14:23:46+00:00\",\"dateModified\":\"2026-03-05T15:41:41+00:00\",\"description\":\"A plataforma Vida 360 sediar\u00e1 duas palestras focadas no equil\u00edbrio em posi\u00e7\u00f5es de lideran\u00e7a e na gest\u00e3o das emo\u00e7\u00f5es no local de trabalho.\",\"breadcrumb\":{\"@id\":\"https:\/\/ejurr.tjrr.jus.br\/?p=30282#breadcrumb\"},\"inLanguage\":\"pt-BR\",\"potentialAction\":[{\"@type\":\"ReadAction\",\"target\":[\"https:\/\/ejurr.tjrr.jus.br\/?p=30282\"]}]},{\"@type\":\"ImageObject\",\"inLanguage\":\"pt-BR\",\"@id\":\"https:\/\/ejurr.tjrr.jus.br\/?p=30282#primaryimage\",\"url\":\"https:\/\/ejurr.tjrr.jus.br\/wp-content\/uploads\/2026\/03\/BANNER-2-SITE.png\",\"contentUrl\":\"https:\/\/ejurr.tjrr.jus.br\/wp-content\/uploads\/2026\/03\/BANNER-2-SITE.png\",\"width\":1440,\"height\":800},{\"@type\":\"BreadcrumbList\",\"@id\":\"https:\/\/ejurr.tjrr.jus.br\/?p=30282#breadcrumb\",\"itemListElement\":[{\"@type\":\"ListItem\",\"position\":1,\"name\":\"In\u00edcio\",\"item\":\"https:\/\/ejurr.tjrr.jus.br\/\"},{\"@type\":\"ListItem\",\"position\":2,\"name\":\"Projeto Vida 360 \u2013 Eventos de mar\u00e7o exp\u00f5em a import\u00e2ncia do equil\u00edbrio emocional e da lideran\u00e7a humanizada\"}]},{\"@type\":\"WebSite\",\"@id\":\"https:\/\/ejurr.tjrr.jus.br\/#website\",\"url\":\"https:\/\/ejurr.tjrr.jus.br\/\",\"name\":\"Escola Judicial de Roraima\",\"description\":\"A Escola Judicial de Roraima \u00e9 uma institui\u00e7\u00e3o de educa\u00e7\u00e3o corporativa mantida pelo Tribunal de Justi\u00e7a do Estado de Roraima. Seu objetivo \u00e9 planejar e executar os cursos de forma\u00e7\u00e3o inicial, capacita\u00e7\u00e3o e aperfei\u00e7oamento dos magistrados, servidores, formadores e colaboradores do Poder Judici\u00e1rio.\",\"publisher\":{\"@id\":\"https:\/\/ejurr.tjrr.jus.br\/#organization\"},\"alternateName\":\"EJURR\",\"potentialAction\":[{\"@type\":\"SearchAction\",\"target\":{\"@type\":\"EntryPoint\",\"urlTemplate\":\"https:\/\/ejurr.tjrr.jus.br\/?s={search_term_string}\"},\"query-input\":{\"@type\":\"PropertyValueSpecification\",\"valueRequired\":true,\"valueName\":\"search_term_string\"}}],\"inLanguage\":\"pt-BR\"},{\"@type\":\"Organization\",\"@id\":\"https:\/\/ejurr.tjrr.jus.br\/#organization\",\"name\":\"Escola Judicial de Roraima\",\"alternateName\":\"EJURR\",\"url\":\"https:\/\/ejurr.tjrr.jus.br\/\",\"logo\":{\"@type\":\"ImageObject\",\"inLanguage\":\"pt-BR\",\"@id\":\"https:\/\/ejurr.tjrr.jus.br\/#\/schema\/logo\/image\/\",\"url\":\"https:\/\/ejurr.tjrr.jus.br\/wp-content\/uploads\/2023\/06\/MIV-EJURR-V.png\",\"contentUrl\":\"https:\/\/ejurr.tjrr.jus.br\/wp-content\/uploads\/2023\/06\/MIV-EJURR-V.png\",\"width\":387,\"height\":369,\"caption\":\"Escola Judicial de Roraima\"},\"image\":{\"@id\":\"https:\/\/ejurr.tjrr.jus.br\/#\/schema\/logo\/image\/\"},\"sameAs\":[\"https:\/\/www.facebook.com\/ejurr.tj\",\"https:\/\/www.instagram.com\/ejurr.tj\/\",\"https:\/\/www.youtube.com\/@ejurr\",\"https:\/\/wa.me\/559531984156\",\"https:\/\/www.flickr.com\/photos\/ejurr_oficial\"]},{\"@type\":\"Person\",\"@id\":\"https:\/\/ejurr.tjrr.jus.br\/#\/schema\/person\/f1b6f5e2c7fb49f1a29a80b47c588a4f\",\"name\":\"Yasmin Tavares Vieira\",\"image\":{\"@type\":\"ImageObject\",\"inLanguage\":\"pt-BR\",\"@id\":\"https:\/\/ejurr.tjrr.jus.br\/#\/schema\/person\/image\/\",\"url\":\"https:\/\/secure.gravatar.com\/avatar\/35ac5710a0c40cd8f2db0c66b83e8a66?s=96&d=mm&r=g\",\"contentUrl\":\"https:\/\/secure.gravatar.com\/avatar\/35ac5710a0c40cd8f2db0c66b83e8a66?s=96&d=mm&r=g\",\"caption\":\"Yasmin Tavares Vieira\"},\"sameAs\":[\"http:\/\/ejurr.tjrr.jus.br\"],\"url\":\"https:\/\/ejurr.tjrr.jus.br\/?author=10\"}]}<\/script>\n<!-- \/ Yoast SEO plugin. -->","yoast_head_json":{"title":"Projeto Vida 360 \u2013 Eventos de mar\u00e7o exp\u00f5em a import\u00e2ncia do equil\u00edbrio emocional e da lideran\u00e7a humanizada - EJURR","description":"A plataforma Vida 360 sediar\u00e1 duas palestras focadas no equil\u00edbrio em posi\u00e7\u00f5es de lideran\u00e7a e na gest\u00e3o das emo\u00e7\u00f5es no local de trabalho.","robots":{"index":"index","follow":"follow","max-snippet":"max-snippet:-1","max-image-preview":"max-image-preview:large","max-video-preview":"max-video-preview:-1"},"canonical":"https:\/\/ejurr.tjrr.jus.br\/?p=30282","og_locale":"pt_BR","og_type":"article","og_title":"Projeto Vida 360 \u2013 Eventos de mar\u00e7o exp\u00f5em a import\u00e2ncia do equil\u00edbrio emocional e da lideran\u00e7a humanizada - EJURR","og_description":"A plataforma Vida 360 sediar\u00e1 duas palestras focadas no equil\u00edbrio em posi\u00e7\u00f5es de lideran\u00e7a e na gest\u00e3o das emo\u00e7\u00f5es no local de trabalho.","og_url":"https:\/\/ejurr.tjrr.jus.br\/?p=30282","og_site_name":"EJURR","article_publisher":"https:\/\/www.facebook.com\/ejurr.tj","article_published_time":"2026-03-05T14:23:46+00:00","article_modified_time":"2026-03-05T15:41:41+00:00","og_image":[{"width":1440,"height":800,"url":"https:\/\/ejurr.tjrr.jus.br\/wp-content\/uploads\/2026\/03\/BANNER-2-SITE.png","type":"image\/png"}],"author":"Yasmin Tavares Vieira","twitter_card":"summary_large_image","twitter_misc":{"Escrito por":"Yasmin Tavares Vieira","Est. tempo de leitura":"2 minutos"},"schema":{"@context":"https:\/\/schema.org","@graph":[{"@type":"Article","@id":"https:\/\/ejurr.tjrr.jus.br\/?p=30282#article","isPartOf":{"@id":"https:\/\/ejurr.tjrr.jus.br\/?p=30282"},"author":{"name":"Yasmin Tavares Vieira","@id":"https:\/\/ejurr.tjrr.jus.br\/#\/schema\/person\/f1b6f5e2c7fb49f1a29a80b47c588a4f"},"headline":"Projeto Vida 360 \u2013 Eventos de mar\u00e7o exp\u00f5em a import\u00e2ncia do equil\u00edbrio emocional e da lideran\u00e7a humanizada","datePublished":"2026-03-05T14:23:46+00:00","dateModified":"2026-03-05T15:41:41+00:00","mainEntityOfPage":{"@id":"https:\/\/ejurr.tjrr.jus.br\/?p=30282"},"wordCount":254,"commentCount":0,"publisher":{"@id":"https:\/\/ejurr.tjrr.jus.br\/#organization"},"image":{"@id":"https:\/\/ejurr.tjrr.jus.br\/?p=30282#primaryimage"},"thumbnailUrl":"https:\/\/ejurr.tjrr.jus.br\/wp-content\/uploads\/2026\/03\/BANNER-2-SITE.png","articleSection":["Not\u00edcias"],"inLanguage":"pt-BR","potentialAction":[{"@type":"CommentAction","name":"Comment","target":["https:\/\/ejurr.tjrr.jus.br\/?p=30282#respond"]}]},{"@type":"WebPage","@id":"https:\/\/ejurr.tjrr.jus.br\/?p=30282","url":"https:\/\/ejurr.tjrr.jus.br\/?p=30282","name":"Projeto Vida 360 \u2013 Eventos de mar\u00e7o exp\u00f5em a import\u00e2ncia do equil\u00edbrio emocional e da lideran\u00e7a humanizada - EJURR","isPartOf":{"@id":"https:\/\/ejurr.tjrr.jus.br\/#website"},"primaryImageOfPage":{"@id":"https:\/\/ejurr.tjrr.jus.br\/?p=30282#primaryimage"},"image":{"@id":"https:\/\/ejurr.tjrr.jus.br\/?p=30282#primaryimage"},"thumbnailUrl":"https:\/\/ejurr.tjrr.jus.br\/wp-content\/uploads\/2026\/03\/BANNER-2-SITE.png","datePublished":"2026-03-05T14:23:46+00:00","dateModified":"2026-03-05T15:41:41+00:00","description":"A plataforma Vida 360 sediar\u00e1 duas palestras focadas no equil\u00edbrio em posi\u00e7\u00f5es de lideran\u00e7a e na gest\u00e3o das emo\u00e7\u00f5es no local de trabalho.","breadcrumb":{"@id":"https:\/\/ejurr.tjrr.jus.br\/?p=30282#breadcrumb"},"inLanguage":"pt-BR","potentialAction":[{"@type":"ReadAction","target":["https:\/\/ejurr.tjrr.jus.br\/?p=30282"]}]},{"@type":"ImageObject","inLanguage":"pt-BR","@id":"https:\/\/ejurr.tjrr.jus.br\/?p=30282#primaryimage","url":"https:\/\/ejurr.tjrr.jus.br\/wp-content\/uploads\/2026\/03\/BANNER-2-SITE.png","contentUrl":"https:\/\/ejurr.tjrr.jus.br\/wp-content\/uploads\/2026\/03\/BANNER-2-SITE.png","width":1440,"height":800},{"@type":"BreadcrumbList","@id":"https:\/\/ejurr.tjrr.jus.br\/?p=30282#breadcrumb","itemListElement":[{"@type":"ListItem","position":1,"name":"In\u00edcio","item":"https:\/\/ejurr.tjrr.jus.br\/"},{"@type":"ListItem","position":2,"name":"Projeto Vida 360 \u2013 Eventos de mar\u00e7o exp\u00f5em a import\u00e2ncia do equil\u00edbrio emocional e da lideran\u00e7a humanizada"}]},{"@type":"WebSite","@id":"https:\/\/ejurr.tjrr.jus.br\/#website","url":"https:\/\/ejurr.tjrr.jus.br\/","name":"Escola Judicial de Roraima","description":"A Escola Judicial de Roraima \u00e9 uma institui\u00e7\u00e3o de educa\u00e7\u00e3o corporativa mantida pelo Tribunal de Justi\u00e7a do Estado de Roraima. Seu objetivo \u00e9 planejar e executar os cursos de forma\u00e7\u00e3o inicial, capacita\u00e7\u00e3o e aperfei\u00e7oamento dos magistrados, servidores, formadores e colaboradores do Poder Judici\u00e1rio.","publisher":{"@id":"https:\/\/ejurr.tjrr.jus.br\/#organization"},"alternateName":"EJURR","potentialAction":[{"@type":"SearchAction","target":{"@type":"EntryPoint","urlTemplate":"https:\/\/ejurr.tjrr.jus.br\/?s={search_term_string}"},"query-input":{"@type":"PropertyValueSpecification","valueRequired":true,"valueName":"search_term_string"}}],"inLanguage":"pt-BR"},{"@type":"Organization","@id":"https:\/\/ejurr.tjrr.jus.br\/#organization","name":"Escola Judicial de Roraima","alternateName":"EJURR","url":"https:\/\/ejurr.tjrr.jus.br\/","logo":{"@type":"ImageObject","inLanguage":"pt-BR","@id":"https:\/\/ejurr.tjrr.jus.br\/#\/schema\/logo\/image\/","url":"https:\/\/ejurr.tjrr.jus.br\/wp-content\/uploads\/2023\/06\/MIV-EJURR-V.png","contentUrl":"https:\/\/ejurr.tjrr.jus.br\/wp-content\/uploads\/2023\/06\/MIV-EJURR-V.png","width":387,"height":369,"caption":"Escola Judicial de Roraima"},"image":{"@id":"https:\/\/ejurr.tjrr.jus.br\/#\/schema\/logo\/image\/"},"sameAs":["https:\/\/www.facebook.com\/ejurr.tj","https:\/\/www.instagram.com\/ejurr.tj\/","https:\/\/www.youtube.com\/@ejurr","https:\/\/wa.me\/559531984156","https:\/\/www.flickr.com\/photos\/ejurr_oficial"]},{"@type":"Person","@id":"https:\/\/ejurr.tjrr.jus.br\/#\/schema\/person\/f1b6f5e2c7fb49f1a29a80b47c588a4f","name":"Yasmin Tavares Vieira","image":{"@type":"ImageObject","inLanguage":"pt-BR","@id":"https:\/\/ejurr.tjrr.jus.br\/#\/schema\/person\/image\/","url":"https:\/\/secure.gravatar.com\/avatar\/35ac5710a0c40cd8f2db0c66b83e8a66?s=96&d=mm&r=g","contentUrl":"https:\/\/secure.gravatar.com\/avatar\/35ac5710a0c40cd8f2db0c66b83e8a66?s=96&d=mm&r=g","caption":"Yasmin Tavares Vieira"},"sameAs":["http:\/\/ejurr.tjrr.jus.br"],"url":"https:\/\/ejurr.tjrr.jus.br\/?author=10"}]}},"_links":{"self":[{"href":"https:\/\/ejurr.tjrr.jus.br\/index.php?rest_route=\/wp\/v2\/posts\/30282","targetHints":{"allow":["GET"]}}],"collection":[{"href":"https:\/\/ejurr.tjrr.jus.br\/index.php?rest_route=\/wp\/v2\/posts"}],"about":[{"href":"https:\/\/ejurr.tjrr.jus.br\/index.php?rest_route=\/wp\/v2\/types\/post"}],"author":[{"embeddable":true,"href":"https:\/\/ejurr.tjrr.jus.br\/index.php?rest_route=\/wp\/v2\/users\/10"}],"replies":[{"embeddable":true,"href":"https:\/\/ejurr.tjrr.jus.br\/index.php?rest_route=%2Fwp%2Fv2%2Fcomments&post=30282"}],"version-history":[{"count":3,"href":"https:\/\/ejurr.tjrr.jus.br\/index.php?rest_route=\/wp\/v2\/posts\/30282\/revisions"}],"predecessor-version":[{"id":30292,"href":"https:\/\/ejurr.tjrr.jus.br\/index.php?rest_route=\/wp\/v2\/posts\/30282\/revisions\/30292"}],"wp:featuredmedia":[{"embeddable":true,"href":"https:\/\/ejurr.tjrr.jus.br\/index.php?rest_route=\/wp\/v2\/media\/30287"}],"wp:attachment":[{"href":"https:\/\/ejurr.tjrr.jus.br\/index.php?rest_route=%2Fwp%2Fv2%2Fmedia&parent=30282"}],"wp:term":[{"taxonomy":"category","embeddable":true,"href":"https:\/\/ejurr.tjrr.jus.br\/index.php?rest_route=%2Fwp%2Fv2%2Fcategories&post=30282"},{"taxonomy":"post_tag","embeddable":true,"href":"https:\/\/ejurr.tjrr.jus.br\/index.php?rest_route=%2Fwp%2Fv2%2Ftags&post=30282"}],"curies":[{"name":"wp","href":"https:\/\/api.w.org\/{rel}","templated":true}]}}