{"id":30277,"date":"2026-03-04T12:05:37","date_gmt":"2026-03-04T16:05:37","guid":{"rendered":"https:\/\/ejurr.tjrr.jus.br\/?p=30277"},"modified":"2026-03-09T08:49:08","modified_gmt":"2026-03-09T12:49:08","slug":"preservacao-ambiental-por-meio-da-politica-nacional-do-poder-judiciario-e-foco-de-capacitacao","status":"publish","type":"post","link":"https:\/\/ejurr.tjrr.jus.br\/?p=30277","title":{"rendered":"Preserva\u00e7\u00e3o Ambiental por meio da Pol\u00edtica Nacional do Poder Judici\u00e1rio \u00e9 foco de capacita\u00e7\u00e3o"},"content":{"rendered":"\n<p>A Escola Judicial de Roraima (Ejurr) est\u00e1 com inscri\u00e7\u00f5es abertas para o curso \u201cA Pol\u00edtica Nacional do Poder Judici\u00e1rio para o Clima e o Meio Ambiente: Implementa\u00e7\u00e3o da Resolu\u00e7\u00e3o CNJ n\u00ba 433\/2021 e Litig\u00e2ncia Clim\u00e1tica\u201d, voltado \u00e0 qualifica\u00e7\u00e3o de profissionais do judici\u00e1rio na \u00e1rea ambiental. Interessados devem se inscrever at\u00e9 09 de mar\u00e7o, por meio do <a href=\"https:\/\/ejurr.tjrr.jus.br\/?p=30237\">site da Ejurr<\/a>.<\/p>\n\n\n\n<p>A forma\u00e7\u00e3o tem como objetivo ampliar o conhecimento t\u00e9cnico e jur\u00eddico sobre governan\u00e7a clim\u00e1tica, litig\u00e2ncia ambiental e a implementa\u00e7\u00e3o da Resolu\u00e7\u00e3o CNJ n\u00ba 433\/2021, al\u00e9m de apresentar o uso de tecnologias aplicadas \u00e0 atua\u00e7\u00e3o judicial e administrativa em favor da preserva\u00e7\u00e3o ambiental. O conte\u00fado aborda o marco normativo clim\u00e1tico nacional e internacional, bem como solu\u00e7\u00f5es consensuais para conflitos ambientais.<\/p>\n\n\n\n<p>As aulas s\u00e3o voltadas a magistradas, magistrados, servidoras, servidores, conciliadoras, conciliadores, mediadoras e mediadores do Tribunal de Justi\u00e7a de Roraima (TJRR). Com uma carga hor\u00e1ria de 40 horas-aula, os encontros se dar\u00e3o em duas modalidades: s\u00edncronos (ao vivo), pelo Google Meet, e ass\u00edncronos via Google Classroom. Outras informa\u00e7\u00f5es devem ser consultadas por meio do <a href=\"https:\/\/diario.tjrr.jus.br\/dpj\/dpj-20260304.pdf#page=13\" target=\"_blank\" rel=\"noreferrer noopener\"><u>edital<\/u><\/a>.&nbsp;<\/p>\n\n\n\n<p class=\"has-medium-font-size\"><strong>Cronograma de Aulas<\/strong><\/p>\n\n\n\n<p><strong>11 a 16\/03<\/strong> &#8211; O per\u00edodo conta com aula s\u00edncrona no dia 11 de mar\u00e7o \u00e0s 14h. Ele abordar\u00e1 o marco normativo e governan\u00e7a por meio dos conceitos cient\u00edficos, jur\u00eddico internacional e nacional e a Resolu\u00e7\u00e3o CNJ 433\/2021 e a Pol\u00edtica Nacional para o clima.<\/p>\n\n\n\n<p><strong>17 a 23\/03<\/strong> &#8211; Haver\u00e1 aula s\u00edncrona no dia 17 de mar\u00e7o \u00e0s 14h, com foco na litig\u00e2ncia clim\u00e1tica e jurisdi\u00e7\u00e3o voltadas ao meio ambiente.<\/p>\n\n\n\n<p><strong>24 a 30\/03<\/strong>\u00a0&#8211; No dia 26 de mar\u00e7o, ser\u00e1 realizada aula s\u00edncrona por volta das 14h. O enfoque ser\u00e1 voltado nas resolu\u00e7\u00f5es com base na tecnologia e solu\u00e7\u00f5es consensuais para conflitos ambientais.<\/p>\n\n\n\n<figure class=\"wp-block-image size-large\"><img fetchpriority=\"high\" decoding=\"async\" width=\"1024\" height=\"683\" src=\"https:\/\/ejurr.tjrr.jus.br\/wp-content\/uploads\/2026\/03\/sunrise-bali-jungle.jpg-1024x683.jpeg\" alt=\"\" class=\"wp-image-30278\" srcset=\"https:\/\/ejurr.tjrr.jus.br\/wp-content\/uploads\/2026\/03\/sunrise-bali-jungle.jpg-1024x683.jpeg 1024w, https:\/\/ejurr.tjrr.jus.br\/wp-content\/uploads\/2026\/03\/sunrise-bali-jungle.jpg-300x200.jpeg 300w, https:\/\/ejurr.tjrr.jus.br\/wp-content\/uploads\/2026\/03\/sunrise-bali-jungle.jpg-768x513.jpeg 768w, https:\/\/ejurr.tjrr.jus.br\/wp-content\/uploads\/2026\/03\/sunrise-bali-jungle.jpg-1536x1025.jpeg 1536w, https:\/\/ejurr.tjrr.jus.br\/wp-content\/uploads\/2026\/03\/sunrise-bali-jungle.jpg-2048x1367.jpeg 2048w\" sizes=\"(max-width: 1024px) 100vw, 1024px\" \/><\/figure>\n\n\n\n<p class=\"has-small-font-size\"><strong>Foto:<\/strong> Divulga\u00e7\u00e3o\/<strong>Texto:<\/strong> Ejurr<\/p>\n\n\n\n<p class=\"has-small-font-size\">O portal da Ejurr oferece recursos de acessibilidade por meio da plataforma Ryben\u00e1.<\/p>\n","protected":false},"excerpt":{"rendered":"<p>A Escola Judicial de Roraima (Ejurr) est\u00e1 com inscri\u00e7\u00f5es abertas para o curso \u201cA Pol\u00edtica Nacional do Poder Judici\u00e1rio para o Clima e o Meio Ambiente: Implementa\u00e7\u00e3o da Resolu\u00e7\u00e3o CNJ n\u00ba 433\/2021 e Litig\u00e2ncia Clim\u00e1tica\u201d, voltado \u00e0 qualifica\u00e7\u00e3o de profissionais do judici\u00e1rio na \u00e1rea ambiental. Interessados devem se inscrever at\u00e9 09 de mar\u00e7o, por meio [&hellip;]<\/p>\n","protected":false},"author":10,"featured_media":30278,"comment_status":"open","ping_status":"open","sticky":false,"template":"","format":"standard","meta":{"footnotes":""},"categories":[9],"tags":[],"class_list":["post-30277","post","type-post","status-publish","format-standard","has-post-thumbnail","hentry","category-noticias"],"yoast_head":"<!-- This site is optimized with the Yoast SEO plugin v26.6 - https:\/\/yoast.com\/wordpress\/plugins\/seo\/ -->\n<title>Preserva\u00e7\u00e3o Ambiental por meio da Pol\u00edtica Nacional do Poder Judici\u00e1rio \u00e9 foco de capacita\u00e7\u00e3o - EJURR<\/title>\n<meta name=\"description\" content=\"A Escola Judicial de Roraima est\u00e1 com inscri\u00e7\u00f5es abertas para o curso \u201cA Pol\u00edtica Nacional do Poder Judici\u00e1rio para o Clima e o Meio Ambiente: Implementa\u00e7\u00e3o da Resolu\u00e7\u00e3o CNJ n\u00ba 433\/2021 e Litig\u00e2ncia Clim\u00e1tica\u201d\" \/>\n<meta name=\"robots\" content=\"index, follow, max-snippet:-1, max-image-preview:large, max-video-preview:-1\" \/>\n<link rel=\"canonical\" href=\"https:\/\/ejurr.tjrr.jus.br\/?p=30277\" \/>\n<meta property=\"og:locale\" content=\"pt_BR\" \/>\n<meta property=\"og:type\" content=\"article\" \/>\n<meta property=\"og:title\" content=\"Preserva\u00e7\u00e3o Ambiental por meio da Pol\u00edtica Nacional do Poder Judici\u00e1rio \u00e9 foco de capacita\u00e7\u00e3o - EJURR\" \/>\n<meta property=\"og:description\" content=\"A Escola Judicial de Roraima est\u00e1 com inscri\u00e7\u00f5es abertas para o curso \u201cA Pol\u00edtica Nacional do Poder Judici\u00e1rio para o Clima e o Meio Ambiente: Implementa\u00e7\u00e3o da Resolu\u00e7\u00e3o CNJ n\u00ba 433\/2021 e Litig\u00e2ncia Clim\u00e1tica\u201d\" \/>\n<meta property=\"og:url\" content=\"https:\/\/ejurr.tjrr.jus.br\/?p=30277\" \/>\n<meta property=\"og:site_name\" content=\"EJURR\" \/>\n<meta property=\"article:publisher\" content=\"https:\/\/www.facebook.com\/ejurr.tj\" \/>\n<meta property=\"article:published_time\" content=\"2026-03-04T16:05:37+00:00\" \/>\n<meta property=\"article:modified_time\" content=\"2026-03-09T12:49:08+00:00\" \/>\n<meta property=\"og:image\" content=\"https:\/\/ejurr.tjrr.jus.br\/wp-content\/uploads\/2026\/03\/sunrise-bali-jungle.jpg-scaled.jpeg\" \/>\n\t<meta property=\"og:image:width\" content=\"2560\" \/>\n\t<meta property=\"og:image:height\" content=\"1709\" \/>\n\t<meta property=\"og:image:type\" content=\"image\/jpeg\" \/>\n<meta name=\"author\" content=\"Yasmin Tavares Vieira\" \/>\n<meta name=\"twitter:card\" content=\"summary_large_image\" \/>\n<meta name=\"twitter:label1\" content=\"Escrito por\" \/>\n\t<meta name=\"twitter:data1\" content=\"Yasmin Tavares Vieira\" \/>\n\t<meta name=\"twitter:label2\" content=\"Est. tempo de leitura\" \/>\n\t<meta name=\"twitter:data2\" content=\"3 minutos\" \/>\n<script type=\"application\/ld+json\" class=\"yoast-schema-graph\">{\"@context\":\"https:\/\/schema.org\",\"@graph\":[{\"@type\":\"Article\",\"@id\":\"https:\/\/ejurr.tjrr.jus.br\/?p=30277#article\",\"isPartOf\":{\"@id\":\"https:\/\/ejurr.tjrr.jus.br\/?p=30277\"},\"author\":{\"name\":\"Yasmin Tavares Vieira\",\"@id\":\"https:\/\/ejurr.tjrr.jus.br\/#\/schema\/person\/f1b6f5e2c7fb49f1a29a80b47c588a4f\"},\"headline\":\"Preserva\u00e7\u00e3o Ambiental por meio da Pol\u00edtica Nacional do Poder Judici\u00e1rio \u00e9 foco de capacita\u00e7\u00e3o\",\"datePublished\":\"2026-03-04T16:05:37+00:00\",\"dateModified\":\"2026-03-09T12:49:08+00:00\",\"mainEntityOfPage\":{\"@id\":\"https:\/\/ejurr.tjrr.jus.br\/?p=30277\"},\"wordCount\":347,\"commentCount\":0,\"publisher\":{\"@id\":\"https:\/\/ejurr.tjrr.jus.br\/#organization\"},\"image\":{\"@id\":\"https:\/\/ejurr.tjrr.jus.br\/?p=30277#primaryimage\"},\"thumbnailUrl\":\"https:\/\/ejurr.tjrr.jus.br\/wp-content\/uploads\/2026\/03\/sunrise-bali-jungle.jpg-scaled.jpeg\",\"articleSection\":[\"Not\u00edcias\"],\"inLanguage\":\"pt-BR\",\"potentialAction\":[{\"@type\":\"CommentAction\",\"name\":\"Comment\",\"target\":[\"https:\/\/ejurr.tjrr.jus.br\/?p=30277#respond\"]}]},{\"@type\":\"WebPage\",\"@id\":\"https:\/\/ejurr.tjrr.jus.br\/?p=30277\",\"url\":\"https:\/\/ejurr.tjrr.jus.br\/?p=30277\",\"name\":\"Preserva\u00e7\u00e3o Ambiental por meio da Pol\u00edtica Nacional do Poder Judici\u00e1rio \u00e9 foco de capacita\u00e7\u00e3o - EJURR\",\"isPartOf\":{\"@id\":\"https:\/\/ejurr.tjrr.jus.br\/#website\"},\"primaryImageOfPage\":{\"@id\":\"https:\/\/ejurr.tjrr.jus.br\/?p=30277#primaryimage\"},\"image\":{\"@id\":\"https:\/\/ejurr.tjrr.jus.br\/?p=30277#primaryimage\"},\"thumbnailUrl\":\"https:\/\/ejurr.tjrr.jus.br\/wp-content\/uploads\/2026\/03\/sunrise-bali-jungle.jpg-scaled.jpeg\",\"datePublished\":\"2026-03-04T16:05:37+00:00\",\"dateModified\":\"2026-03-09T12:49:08+00:00\",\"description\":\"A Escola Judicial de Roraima est\u00e1 com inscri\u00e7\u00f5es abertas para o curso \u201cA Pol\u00edtica Nacional do Poder Judici\u00e1rio para o Clima e o Meio Ambiente: Implementa\u00e7\u00e3o da Resolu\u00e7\u00e3o CNJ n\u00ba 433\/2021 e Litig\u00e2ncia Clim\u00e1tica\u201d\",\"breadcrumb\":{\"@id\":\"https:\/\/ejurr.tjrr.jus.br\/?p=30277#breadcrumb\"},\"inLanguage\":\"pt-BR\",\"potentialAction\":[{\"@type\":\"ReadAction\",\"target\":[\"https:\/\/ejurr.tjrr.jus.br\/?p=30277\"]}]},{\"@type\":\"ImageObject\",\"inLanguage\":\"pt-BR\",\"@id\":\"https:\/\/ejurr.tjrr.jus.br\/?p=30277#primaryimage\",\"url\":\"https:\/\/ejurr.tjrr.jus.br\/wp-content\/uploads\/2026\/03\/sunrise-bali-jungle.jpg-scaled.jpeg\",\"contentUrl\":\"https:\/\/ejurr.tjrr.jus.br\/wp-content\/uploads\/2026\/03\/sunrise-bali-jungle.jpg-scaled.jpeg\",\"width\":2560,\"height\":1709,\"caption\":\"Sun is rising and shining through tree branches on Bali, Indonesia\"},{\"@type\":\"BreadcrumbList\",\"@id\":\"https:\/\/ejurr.tjrr.jus.br\/?p=30277#breadcrumb\",\"itemListElement\":[{\"@type\":\"ListItem\",\"position\":1,\"name\":\"In\u00edcio\",\"item\":\"https:\/\/ejurr.tjrr.jus.br\/\"},{\"@type\":\"ListItem\",\"position\":2,\"name\":\"Preserva\u00e7\u00e3o Ambiental por meio da Pol\u00edtica Nacional do Poder Judici\u00e1rio \u00e9 foco de capacita\u00e7\u00e3o\"}]},{\"@type\":\"WebSite\",\"@id\":\"https:\/\/ejurr.tjrr.jus.br\/#website\",\"url\":\"https:\/\/ejurr.tjrr.jus.br\/\",\"name\":\"Escola Judicial de Roraima\",\"description\":\"A Escola Judicial de Roraima \u00e9 uma institui\u00e7\u00e3o de educa\u00e7\u00e3o corporativa mantida pelo Tribunal de Justi\u00e7a do Estado de Roraima. Seu objetivo \u00e9 planejar e executar os cursos de forma\u00e7\u00e3o inicial, capacita\u00e7\u00e3o e aperfei\u00e7oamento dos magistrados, servidores, formadores e colaboradores do Poder Judici\u00e1rio.\",\"publisher\":{\"@id\":\"https:\/\/ejurr.tjrr.jus.br\/#organization\"},\"alternateName\":\"EJURR\",\"potentialAction\":[{\"@type\":\"SearchAction\",\"target\":{\"@type\":\"EntryPoint\",\"urlTemplate\":\"https:\/\/ejurr.tjrr.jus.br\/?s={search_term_string}\"},\"query-input\":{\"@type\":\"PropertyValueSpecification\",\"valueRequired\":true,\"valueName\":\"search_term_string\"}}],\"inLanguage\":\"pt-BR\"},{\"@type\":\"Organization\",\"@id\":\"https:\/\/ejurr.tjrr.jus.br\/#organization\",\"name\":\"Escola Judicial de Roraima\",\"alternateName\":\"EJURR\",\"url\":\"https:\/\/ejurr.tjrr.jus.br\/\",\"logo\":{\"@type\":\"ImageObject\",\"inLanguage\":\"pt-BR\",\"@id\":\"https:\/\/ejurr.tjrr.jus.br\/#\/schema\/logo\/image\/\",\"url\":\"https:\/\/ejurr.tjrr.jus.br\/wp-content\/uploads\/2023\/06\/MIV-EJURR-V.png\",\"contentUrl\":\"https:\/\/ejurr.tjrr.jus.br\/wp-content\/uploads\/2023\/06\/MIV-EJURR-V.png\",\"width\":387,\"height\":369,\"caption\":\"Escola Judicial de Roraima\"},\"image\":{\"@id\":\"https:\/\/ejurr.tjrr.jus.br\/#\/schema\/logo\/image\/\"},\"sameAs\":[\"https:\/\/www.facebook.com\/ejurr.tj\",\"https:\/\/www.instagram.com\/ejurr.tj\/\",\"https:\/\/www.youtube.com\/@ejurr\",\"https:\/\/wa.me\/559531984156\",\"https:\/\/www.flickr.com\/photos\/ejurr_oficial\"]},{\"@type\":\"Person\",\"@id\":\"https:\/\/ejurr.tjrr.jus.br\/#\/schema\/person\/f1b6f5e2c7fb49f1a29a80b47c588a4f\",\"name\":\"Yasmin Tavares Vieira\",\"image\":{\"@type\":\"ImageObject\",\"inLanguage\":\"pt-BR\",\"@id\":\"https:\/\/ejurr.tjrr.jus.br\/#\/schema\/person\/image\/\",\"url\":\"https:\/\/secure.gravatar.com\/avatar\/35ac5710a0c40cd8f2db0c66b83e8a66?s=96&d=mm&r=g\",\"contentUrl\":\"https:\/\/secure.gravatar.com\/avatar\/35ac5710a0c40cd8f2db0c66b83e8a66?s=96&d=mm&r=g\",\"caption\":\"Yasmin Tavares Vieira\"},\"sameAs\":[\"http:\/\/ejurr.tjrr.jus.br\"],\"url\":\"https:\/\/ejurr.tjrr.jus.br\/?author=10\"}]}<\/script>\n<!-- \/ Yoast SEO plugin. -->","yoast_head_json":{"title":"Preserva\u00e7\u00e3o Ambiental por meio da Pol\u00edtica Nacional do Poder Judici\u00e1rio \u00e9 foco de capacita\u00e7\u00e3o - EJURR","description":"A Escola Judicial de Roraima est\u00e1 com inscri\u00e7\u00f5es abertas para o curso \u201cA Pol\u00edtica Nacional do Poder Judici\u00e1rio para o Clima e o Meio Ambiente: Implementa\u00e7\u00e3o da Resolu\u00e7\u00e3o CNJ n\u00ba 433\/2021 e Litig\u00e2ncia Clim\u00e1tica\u201d","robots":{"index":"index","follow":"follow","max-snippet":"max-snippet:-1","max-image-preview":"max-image-preview:large","max-video-preview":"max-video-preview:-1"},"canonical":"https:\/\/ejurr.tjrr.jus.br\/?p=30277","og_locale":"pt_BR","og_type":"article","og_title":"Preserva\u00e7\u00e3o Ambiental por meio da Pol\u00edtica Nacional do Poder Judici\u00e1rio \u00e9 foco de capacita\u00e7\u00e3o - EJURR","og_description":"A Escola Judicial de Roraima est\u00e1 com inscri\u00e7\u00f5es abertas para o curso \u201cA Pol\u00edtica Nacional do Poder Judici\u00e1rio para o Clima e o Meio Ambiente: Implementa\u00e7\u00e3o da Resolu\u00e7\u00e3o CNJ n\u00ba 433\/2021 e Litig\u00e2ncia Clim\u00e1tica\u201d","og_url":"https:\/\/ejurr.tjrr.jus.br\/?p=30277","og_site_name":"EJURR","article_publisher":"https:\/\/www.facebook.com\/ejurr.tj","article_published_time":"2026-03-04T16:05:37+00:00","article_modified_time":"2026-03-09T12:49:08+00:00","og_image":[{"width":2560,"height":1709,"url":"https:\/\/ejurr.tjrr.jus.br\/wp-content\/uploads\/2026\/03\/sunrise-bali-jungle.jpg-scaled.jpeg","type":"image\/jpeg"}],"author":"Yasmin Tavares Vieira","twitter_card":"summary_large_image","twitter_misc":{"Escrito por":"Yasmin Tavares Vieira","Est. tempo de leitura":"3 minutos"},"schema":{"@context":"https:\/\/schema.org","@graph":[{"@type":"Article","@id":"https:\/\/ejurr.tjrr.jus.br\/?p=30277#article","isPartOf":{"@id":"https:\/\/ejurr.tjrr.jus.br\/?p=30277"},"author":{"name":"Yasmin Tavares Vieira","@id":"https:\/\/ejurr.tjrr.jus.br\/#\/schema\/person\/f1b6f5e2c7fb49f1a29a80b47c588a4f"},"headline":"Preserva\u00e7\u00e3o Ambiental por meio da Pol\u00edtica Nacional do Poder Judici\u00e1rio \u00e9 foco de capacita\u00e7\u00e3o","datePublished":"2026-03-04T16:05:37+00:00","dateModified":"2026-03-09T12:49:08+00:00","mainEntityOfPage":{"@id":"https:\/\/ejurr.tjrr.jus.br\/?p=30277"},"wordCount":347,"commentCount":0,"publisher":{"@id":"https:\/\/ejurr.tjrr.jus.br\/#organization"},"image":{"@id":"https:\/\/ejurr.tjrr.jus.br\/?p=30277#primaryimage"},"thumbnailUrl":"https:\/\/ejurr.tjrr.jus.br\/wp-content\/uploads\/2026\/03\/sunrise-bali-jungle.jpg-scaled.jpeg","articleSection":["Not\u00edcias"],"inLanguage":"pt-BR","potentialAction":[{"@type":"CommentAction","name":"Comment","target":["https:\/\/ejurr.tjrr.jus.br\/?p=30277#respond"]}]},{"@type":"WebPage","@id":"https:\/\/ejurr.tjrr.jus.br\/?p=30277","url":"https:\/\/ejurr.tjrr.jus.br\/?p=30277","name":"Preserva\u00e7\u00e3o Ambiental por meio da Pol\u00edtica Nacional do Poder Judici\u00e1rio \u00e9 foco de capacita\u00e7\u00e3o - EJURR","isPartOf":{"@id":"https:\/\/ejurr.tjrr.jus.br\/#website"},"primaryImageOfPage":{"@id":"https:\/\/ejurr.tjrr.jus.br\/?p=30277#primaryimage"},"image":{"@id":"https:\/\/ejurr.tjrr.jus.br\/?p=30277#primaryimage"},"thumbnailUrl":"https:\/\/ejurr.tjrr.jus.br\/wp-content\/uploads\/2026\/03\/sunrise-bali-jungle.jpg-scaled.jpeg","datePublished":"2026-03-04T16:05:37+00:00","dateModified":"2026-03-09T12:49:08+00:00","description":"A Escola Judicial de Roraima est\u00e1 com inscri\u00e7\u00f5es abertas para o curso \u201cA Pol\u00edtica Nacional do Poder Judici\u00e1rio para o Clima e o Meio Ambiente: Implementa\u00e7\u00e3o da Resolu\u00e7\u00e3o CNJ n\u00ba 433\/2021 e Litig\u00e2ncia Clim\u00e1tica\u201d","breadcrumb":{"@id":"https:\/\/ejurr.tjrr.jus.br\/?p=30277#breadcrumb"},"inLanguage":"pt-BR","potentialAction":[{"@type":"ReadAction","target":["https:\/\/ejurr.tjrr.jus.br\/?p=30277"]}]},{"@type":"ImageObject","inLanguage":"pt-BR","@id":"https:\/\/ejurr.tjrr.jus.br\/?p=30277#primaryimage","url":"https:\/\/ejurr.tjrr.jus.br\/wp-content\/uploads\/2026\/03\/sunrise-bali-jungle.jpg-scaled.jpeg","contentUrl":"https:\/\/ejurr.tjrr.jus.br\/wp-content\/uploads\/2026\/03\/sunrise-bali-jungle.jpg-scaled.jpeg","width":2560,"height":1709,"caption":"Sun is rising and shining through tree branches on Bali, Indonesia"},{"@type":"BreadcrumbList","@id":"https:\/\/ejurr.tjrr.jus.br\/?p=30277#breadcrumb","itemListElement":[{"@type":"ListItem","position":1,"name":"In\u00edcio","item":"https:\/\/ejurr.tjrr.jus.br\/"},{"@type":"ListItem","position":2,"name":"Preserva\u00e7\u00e3o Ambiental por meio da Pol\u00edtica Nacional do Poder Judici\u00e1rio \u00e9 foco de capacita\u00e7\u00e3o"}]},{"@type":"WebSite","@id":"https:\/\/ejurr.tjrr.jus.br\/#website","url":"https:\/\/ejurr.tjrr.jus.br\/","name":"Escola Judicial de Roraima","description":"A Escola Judicial de Roraima \u00e9 uma institui\u00e7\u00e3o de educa\u00e7\u00e3o corporativa mantida pelo Tribunal de Justi\u00e7a do Estado de Roraima. Seu objetivo \u00e9 planejar e executar os cursos de forma\u00e7\u00e3o inicial, capacita\u00e7\u00e3o e aperfei\u00e7oamento dos magistrados, servidores, formadores e colaboradores do Poder Judici\u00e1rio.","publisher":{"@id":"https:\/\/ejurr.tjrr.jus.br\/#organization"},"alternateName":"EJURR","potentialAction":[{"@type":"SearchAction","target":{"@type":"EntryPoint","urlTemplate":"https:\/\/ejurr.tjrr.jus.br\/?s={search_term_string}"},"query-input":{"@type":"PropertyValueSpecification","valueRequired":true,"valueName":"search_term_string"}}],"inLanguage":"pt-BR"},{"@type":"Organization","@id":"https:\/\/ejurr.tjrr.jus.br\/#organization","name":"Escola Judicial de Roraima","alternateName":"EJURR","url":"https:\/\/ejurr.tjrr.jus.br\/","logo":{"@type":"ImageObject","inLanguage":"pt-BR","@id":"https:\/\/ejurr.tjrr.jus.br\/#\/schema\/logo\/image\/","url":"https:\/\/ejurr.tjrr.jus.br\/wp-content\/uploads\/2023\/06\/MIV-EJURR-V.png","contentUrl":"https:\/\/ejurr.tjrr.jus.br\/wp-content\/uploads\/2023\/06\/MIV-EJURR-V.png","width":387,"height":369,"caption":"Escola Judicial de Roraima"},"image":{"@id":"https:\/\/ejurr.tjrr.jus.br\/#\/schema\/logo\/image\/"},"sameAs":["https:\/\/www.facebook.com\/ejurr.tj","https:\/\/www.instagram.com\/ejurr.tj\/","https:\/\/www.youtube.com\/@ejurr","https:\/\/wa.me\/559531984156","https:\/\/www.flickr.com\/photos\/ejurr_oficial"]},{"@type":"Person","@id":"https:\/\/ejurr.tjrr.jus.br\/#\/schema\/person\/f1b6f5e2c7fb49f1a29a80b47c588a4f","name":"Yasmin Tavares Vieira","image":{"@type":"ImageObject","inLanguage":"pt-BR","@id":"https:\/\/ejurr.tjrr.jus.br\/#\/schema\/person\/image\/","url":"https:\/\/secure.gravatar.com\/avatar\/35ac5710a0c40cd8f2db0c66b83e8a66?s=96&d=mm&r=g","contentUrl":"https:\/\/secure.gravatar.com\/avatar\/35ac5710a0c40cd8f2db0c66b83e8a66?s=96&d=mm&r=g","caption":"Yasmin Tavares Vieira"},"sameAs":["http:\/\/ejurr.tjrr.jus.br"],"url":"https:\/\/ejurr.tjrr.jus.br\/?author=10"}]}},"_links":{"self":[{"href":"https:\/\/ejurr.tjrr.jus.br\/index.php?rest_route=\/wp\/v2\/posts\/30277","targetHints":{"allow":["GET"]}}],"collection":[{"href":"https:\/\/ejurr.tjrr.jus.br\/index.php?rest_route=\/wp\/v2\/posts"}],"about":[{"href":"https:\/\/ejurr.tjrr.jus.br\/index.php?rest_route=\/wp\/v2\/types\/post"}],"author":[{"embeddable":true,"href":"https:\/\/ejurr.tjrr.jus.br\/index.php?rest_route=\/wp\/v2\/users\/10"}],"replies":[{"embeddable":true,"href":"https:\/\/ejurr.tjrr.jus.br\/index.php?rest_route=%2Fwp%2Fv2%2Fcomments&post=30277"}],"version-history":[{"count":5,"href":"https:\/\/ejurr.tjrr.jus.br\/index.php?rest_route=\/wp\/v2\/posts\/30277\/revisions"}],"predecessor-version":[{"id":30454,"href":"https:\/\/ejurr.tjrr.jus.br\/index.php?rest_route=\/wp\/v2\/posts\/30277\/revisions\/30454"}],"wp:featuredmedia":[{"embeddable":true,"href":"https:\/\/ejurr.tjrr.jus.br\/index.php?rest_route=\/wp\/v2\/media\/30278"}],"wp:attachment":[{"href":"https:\/\/ejurr.tjrr.jus.br\/index.php?rest_route=%2Fwp%2Fv2%2Fmedia&parent=30277"}],"wp:term":[{"taxonomy":"category","embeddable":true,"href":"https:\/\/ejurr.tjrr.jus.br\/index.php?rest_route=%2Fwp%2Fv2%2Fcategories&post=30277"},{"taxonomy":"post_tag","embeddable":true,"href":"https:\/\/ejurr.tjrr.jus.br\/index.php?rest_route=%2Fwp%2Fv2%2Ftags&post=30277"}],"curies":[{"name":"wp","href":"https:\/\/api.w.org\/{rel}","templated":true}]}}