{"id":27854,"date":"2025-06-30T11:12:55","date_gmt":"2025-06-30T15:12:55","guid":{"rendered":"https:\/\/ejurr.tjrr.jus.br\/?p=27854"},"modified":"2025-06-30T11:18:46","modified_gmt":"2025-06-30T15:18:46","slug":"urso-sobre-inteligencia-artificial-para-atividade-jurisdicional-e-ofertado-pela-ejurr","status":"publish","type":"post","link":"https:\/\/ejurr.tjrr.jus.br\/?p=27854","title":{"rendered":"Curso sobre Intelig\u00eancia Artificial para Atividade Jurisdicional \u00e9 ofertado pela Ejurr\u00a0"},"content":{"rendered":"\n<p>A Escola Judicial de Roraima (Ejurr) promover\u00e1 o curso Intelig\u00eancia Artificial Generativa na Atividade Jurisdicional: aspectos pr\u00e1ticos, estrat\u00e9gias de gest\u00e3o e aplica\u00e7\u00e3o da Resolu\u00e7\u00e3o CNJ n\u00ba 615\/2025. O evento ser\u00e1 ministrado pelo juiz federal do Tribunal Regional Federal da 1\u00aa Regi\u00e3o (TRF1), Rafael Leite Paulo. O curso ser\u00e1 realizado presencialmente na Ejurr<strong>.\u00a0<\/strong><\/p>\n\n\n\n<p>O curso \u00e9 voltado para aqueles que desejam uma compreens\u00e3o s\u00f3lida dos fundamentos e melhores pr\u00e1ticas no uso de Intelig\u00eancia Artificial no contexto da atividade jurisdicional, assegurando que magistrados e servidores desenvolvam as compet\u00eancias necess\u00e1rias para uma ado\u00e7\u00e3o segura e eficaz das ferramentas de IA.&nbsp;<\/p>\n\n\n\n<p>As aulas ter\u00e3o carga hor\u00e1ria de 16 horas-aula, com a oferta de 20 vagas. O curso \u00e9 voltado para magistrados e servidores do TJRR.\u00a0<\/p>\n\n\n\n<p><strong>&nbsp;O que \u00e9 a Resolu\u00e7\u00e3o CNJ n\u00ba 615\/2025?&nbsp;<\/strong><\/p>\n\n\n\n<p>A resolu\u00e7\u00e3o CNJ n\u00ba 615\/2025, que entrou em vigor no dia 11 de mar\u00e7o de 2025, trata do estabelecimento de normas abrangentes para a efetiva\u00e7\u00e3o da Intelig\u00eancia Artificial no sistema judicial brasileiro.&nbsp; A partir da resolu\u00e7\u00e3o, o potencial da IA \u00e9 reconhecido como ferramenta transformadora e meio para o trabalho e integridade judicial. Ela tamb\u00e9m prev\u00ea para a utiliza\u00e7\u00e3o e desenvolvimento a partir desses recursos, por meio de diretrizes para uma supervis\u00e3o efetiva.&nbsp;<\/p>\n\n\n\n<p><strong>Sobre o Instrutor&nbsp;<\/strong><\/p>\n\n\n\n<p>RAFAEL LEITE PAULO \u00e9 Juiz Federal do TRF1, LL.M. (Master of Laws) pela Harvard Law School. Premiado na categoria Juiz Individual no V Pr\u00eamio Conciliar \u00e9 Legal do CNJ e no concurso Robotiza\u00e7\u00e3o e o Poder Judici\u00e1rio promovido pela AJUFE e IBRAJUS. Desenvolvedor da extens\u00e3o PJe +R, com mais de 55 mil usu\u00e1rios. Proponente do GitJus e colaborador do projeto. Respons\u00e1vel pela concep\u00e7\u00e3o da Pesquisa de Projetos de IA do CNJ. Integrante da equipe que concebeu, definiu o modelo regulamentar e implantou a Plataforma Digital do Poder Judici\u00e1rio-PDPJ. Gestor t\u00e9cnico da implanta\u00e7\u00e3o e expans\u00e3o da plataforma CODEX e da evolu\u00e7\u00e3o da plataforma SINAPSES. Gestor t\u00e9cnico da concep\u00e7\u00e3o e estrutura\u00e7\u00e3o dos projetos do conv\u00eanio PNUD-CNJ na \u00e1rea de IA. Idealizador e coordenador dos cursos de intelig\u00eancia artificial do CEAJUD-CNJ.&nbsp;<\/p>\n\n\n\n<figure class=\"wp-block-image size-large\"><img fetchpriority=\"high\" decoding=\"async\" width=\"1024\" height=\"585\" src=\"https:\/\/ejurr.tjrr.jus.br\/wp-content\/uploads\/2025\/06\/IA-CURSO-1024x585.jpg\" alt=\"\" class=\"wp-image-27856\" srcset=\"https:\/\/ejurr.tjrr.jus.br\/wp-content\/uploads\/2025\/06\/IA-CURSO-1024x585.jpg 1024w, https:\/\/ejurr.tjrr.jus.br\/wp-content\/uploads\/2025\/06\/IA-CURSO-300x171.jpg 300w, https:\/\/ejurr.tjrr.jus.br\/wp-content\/uploads\/2025\/06\/IA-CURSO-768x439.jpg 768w, https:\/\/ejurr.tjrr.jus.br\/wp-content\/uploads\/2025\/06\/IA-CURSO.jpg 1456w\" sizes=\"(max-width: 1024px) 100vw, 1024px\" \/><\/figure>\n\n\n\n<p class=\"has-small-font-size\"><strong>A imagem mostra um rob\u00f4 met\u00e1lico apertando a m\u00e3o de um ser humano, simbolizando a intera\u00e7\u00e3o entre intelig\u00eancia artificial e humanidade. Com tons escuros e laranja, com detalhes em vermelho, al\u00e9m de elementos gr\u00e1ficos pixelados e tecnol\u00f3gicos. Ao fundo,  a imagem est\u00e1 desfocada e apresenta uma luz .<\/strong><\/p>\n\n\n\n<p><\/p>\n","protected":false},"excerpt":{"rendered":"<p>A Escola Judicial de Roraima (Ejurr) promover\u00e1 o curso Intelig\u00eancia Artificial Generativa na Atividade Jurisdicional: aspectos pr\u00e1ticos, estrat\u00e9gias de gest\u00e3o e aplica\u00e7\u00e3o da Resolu\u00e7\u00e3o CNJ n\u00ba 615\/2025. O evento ser\u00e1 ministrado pelo juiz federal do Tribunal Regional Federal da 1\u00aa Regi\u00e3o (TRF1), Rafael Leite Paulo. O curso ser\u00e1 realizado presencialmente na Ejurr.\u00a0 O curso \u00e9 [&hellip;]<\/p>\n","protected":false},"author":3,"featured_media":27856,"comment_status":"open","ping_status":"open","sticky":false,"template":"","format":"standard","meta":{"footnotes":""},"categories":[9],"tags":[],"class_list":["post-27854","post","type-post","status-publish","format-standard","has-post-thumbnail","hentry","category-noticias"],"yoast_head":"<!-- This site is optimized with the Yoast SEO plugin v26.6 - https:\/\/yoast.com\/wordpress\/plugins\/seo\/ -->\n<title>Curso sobre Intelig\u00eancia Artificial para Atividade Jurisdicional \u00e9 ofertado pela Ejurr\u00a0 - EJURR<\/title>\n<meta name=\"robots\" content=\"index, follow, max-snippet:-1, max-image-preview:large, max-video-preview:-1\" \/>\n<link rel=\"canonical\" href=\"https:\/\/ejurr.tjrr.jus.br\/?p=27854\" \/>\n<meta property=\"og:locale\" content=\"pt_BR\" \/>\n<meta property=\"og:type\" content=\"article\" \/>\n<meta property=\"og:title\" content=\"Curso sobre Intelig\u00eancia Artificial para Atividade Jurisdicional \u00e9 ofertado pela Ejurr\u00a0 - EJURR\" \/>\n<meta property=\"og:description\" content=\"A Escola Judicial de Roraima (Ejurr) promover\u00e1 o curso Intelig\u00eancia Artificial Generativa na Atividade Jurisdicional: aspectos pr\u00e1ticos, estrat\u00e9gias de gest\u00e3o e aplica\u00e7\u00e3o da Resolu\u00e7\u00e3o CNJ n\u00ba 615\/2025. O evento ser\u00e1 ministrado pelo juiz federal do Tribunal Regional Federal da 1\u00aa Regi\u00e3o (TRF1), Rafael Leite Paulo. O curso ser\u00e1 realizado presencialmente na Ejurr.\u00a0 O curso \u00e9 [&hellip;]\" \/>\n<meta property=\"og:url\" content=\"https:\/\/ejurr.tjrr.jus.br\/?p=27854\" \/>\n<meta property=\"og:site_name\" content=\"EJURR\" \/>\n<meta property=\"article:publisher\" content=\"https:\/\/www.facebook.com\/ejurr.tj\" \/>\n<meta property=\"article:published_time\" content=\"2025-06-30T15:12:55+00:00\" \/>\n<meta property=\"article:modified_time\" content=\"2025-06-30T15:18:46+00:00\" \/>\n<meta property=\"og:image\" content=\"https:\/\/ejurr.tjrr.jus.br\/wp-content\/uploads\/2025\/06\/IA-CURSO.jpg\" \/>\n\t<meta property=\"og:image:width\" content=\"1456\" \/>\n\t<meta property=\"og:image:height\" content=\"832\" \/>\n\t<meta property=\"og:image:type\" content=\"image\/jpeg\" \/>\n<meta name=\"author\" content=\"\u00c9rica Figueredo\" \/>\n<meta name=\"twitter:card\" content=\"summary_large_image\" \/>\n<meta name=\"twitter:label1\" content=\"Escrito por\" \/>\n\t<meta name=\"twitter:data1\" content=\"\u00c9rica Figueredo\" \/>\n\t<meta name=\"twitter:label2\" content=\"Est. tempo de leitura\" \/>\n\t<meta name=\"twitter:data2\" content=\"3 minutos\" \/>\n<script type=\"application\/ld+json\" class=\"yoast-schema-graph\">{\"@context\":\"https:\/\/schema.org\",\"@graph\":[{\"@type\":\"Article\",\"@id\":\"https:\/\/ejurr.tjrr.jus.br\/?p=27854#article\",\"isPartOf\":{\"@id\":\"https:\/\/ejurr.tjrr.jus.br\/?p=27854\"},\"author\":{\"name\":\"\u00c9rica Figueredo\",\"@id\":\"https:\/\/ejurr.tjrr.jus.br\/#\/schema\/person\/5dce040510816d75c020721e1d0ee85e\"},\"headline\":\"Curso sobre Intelig\u00eancia Artificial para Atividade Jurisdicional \u00e9 ofertado pela Ejurr\u00a0\",\"datePublished\":\"2025-06-30T15:12:55+00:00\",\"dateModified\":\"2025-06-30T15:18:46+00:00\",\"mainEntityOfPage\":{\"@id\":\"https:\/\/ejurr.tjrr.jus.br\/?p=27854\"},\"wordCount\":433,\"commentCount\":0,\"publisher\":{\"@id\":\"https:\/\/ejurr.tjrr.jus.br\/#organization\"},\"image\":{\"@id\":\"https:\/\/ejurr.tjrr.jus.br\/?p=27854#primaryimage\"},\"thumbnailUrl\":\"https:\/\/ejurr.tjrr.jus.br\/wp-content\/uploads\/2025\/06\/IA-CURSO.jpg\",\"articleSection\":[\"Not\u00edcias\"],\"inLanguage\":\"pt-BR\",\"potentialAction\":[{\"@type\":\"CommentAction\",\"name\":\"Comment\",\"target\":[\"https:\/\/ejurr.tjrr.jus.br\/?p=27854#respond\"]}]},{\"@type\":\"WebPage\",\"@id\":\"https:\/\/ejurr.tjrr.jus.br\/?p=27854\",\"url\":\"https:\/\/ejurr.tjrr.jus.br\/?p=27854\",\"name\":\"Curso sobre Intelig\u00eancia Artificial para Atividade Jurisdicional \u00e9 ofertado pela Ejurr\u00a0 - EJURR\",\"isPartOf\":{\"@id\":\"https:\/\/ejurr.tjrr.jus.br\/#website\"},\"primaryImageOfPage\":{\"@id\":\"https:\/\/ejurr.tjrr.jus.br\/?p=27854#primaryimage\"},\"image\":{\"@id\":\"https:\/\/ejurr.tjrr.jus.br\/?p=27854#primaryimage\"},\"thumbnailUrl\":\"https:\/\/ejurr.tjrr.jus.br\/wp-content\/uploads\/2025\/06\/IA-CURSO.jpg\",\"datePublished\":\"2025-06-30T15:12:55+00:00\",\"dateModified\":\"2025-06-30T15:18:46+00:00\",\"breadcrumb\":{\"@id\":\"https:\/\/ejurr.tjrr.jus.br\/?p=27854#breadcrumb\"},\"inLanguage\":\"pt-BR\",\"potentialAction\":[{\"@type\":\"ReadAction\",\"target\":[\"https:\/\/ejurr.tjrr.jus.br\/?p=27854\"]}]},{\"@type\":\"ImageObject\",\"inLanguage\":\"pt-BR\",\"@id\":\"https:\/\/ejurr.tjrr.jus.br\/?p=27854#primaryimage\",\"url\":\"https:\/\/ejurr.tjrr.jus.br\/wp-content\/uploads\/2025\/06\/IA-CURSO.jpg\",\"contentUrl\":\"https:\/\/ejurr.tjrr.jus.br\/wp-content\/uploads\/2025\/06\/IA-CURSO.jpg\",\"width\":1456,\"height\":832},{\"@type\":\"BreadcrumbList\",\"@id\":\"https:\/\/ejurr.tjrr.jus.br\/?p=27854#breadcrumb\",\"itemListElement\":[{\"@type\":\"ListItem\",\"position\":1,\"name\":\"In\u00edcio\",\"item\":\"https:\/\/ejurr.tjrr.jus.br\/\"},{\"@type\":\"ListItem\",\"position\":2,\"name\":\"Curso sobre Intelig\u00eancia Artificial para Atividade Jurisdicional \u00e9 ofertado pela Ejurr\u00a0\"}]},{\"@type\":\"WebSite\",\"@id\":\"https:\/\/ejurr.tjrr.jus.br\/#website\",\"url\":\"https:\/\/ejurr.tjrr.jus.br\/\",\"name\":\"Escola Judicial de Roraima\",\"description\":\"A Escola Judicial de Roraima \u00e9 uma institui\u00e7\u00e3o de educa\u00e7\u00e3o corporativa mantida pelo Tribunal de Justi\u00e7a do Estado de Roraima. Seu objetivo \u00e9 planejar e executar os cursos de forma\u00e7\u00e3o inicial, capacita\u00e7\u00e3o e aperfei\u00e7oamento dos magistrados, servidores, formadores e colaboradores do Poder Judici\u00e1rio.\",\"publisher\":{\"@id\":\"https:\/\/ejurr.tjrr.jus.br\/#organization\"},\"alternateName\":\"EJURR\",\"potentialAction\":[{\"@type\":\"SearchAction\",\"target\":{\"@type\":\"EntryPoint\",\"urlTemplate\":\"https:\/\/ejurr.tjrr.jus.br\/?s={search_term_string}\"},\"query-input\":{\"@type\":\"PropertyValueSpecification\",\"valueRequired\":true,\"valueName\":\"search_term_string\"}}],\"inLanguage\":\"pt-BR\"},{\"@type\":\"Organization\",\"@id\":\"https:\/\/ejurr.tjrr.jus.br\/#organization\",\"name\":\"Escola Judicial de Roraima\",\"alternateName\":\"EJURR\",\"url\":\"https:\/\/ejurr.tjrr.jus.br\/\",\"logo\":{\"@type\":\"ImageObject\",\"inLanguage\":\"pt-BR\",\"@id\":\"https:\/\/ejurr.tjrr.jus.br\/#\/schema\/logo\/image\/\",\"url\":\"https:\/\/ejurr.tjrr.jus.br\/wp-content\/uploads\/2023\/06\/MIV-EJURR-V.png\",\"contentUrl\":\"https:\/\/ejurr.tjrr.jus.br\/wp-content\/uploads\/2023\/06\/MIV-EJURR-V.png\",\"width\":387,\"height\":369,\"caption\":\"Escola Judicial de Roraima\"},\"image\":{\"@id\":\"https:\/\/ejurr.tjrr.jus.br\/#\/schema\/logo\/image\/\"},\"sameAs\":[\"https:\/\/www.facebook.com\/ejurr.tj\",\"https:\/\/www.instagram.com\/ejurr.tj\/\",\"https:\/\/www.youtube.com\/@ejurr\",\"https:\/\/wa.me\/559531984156\",\"https:\/\/www.flickr.com\/photos\/ejurr_oficial\"]},{\"@type\":\"Person\",\"@id\":\"https:\/\/ejurr.tjrr.jus.br\/#\/schema\/person\/5dce040510816d75c020721e1d0ee85e\",\"name\":\"\u00c9rica Figueredo\",\"image\":{\"@type\":\"ImageObject\",\"inLanguage\":\"pt-BR\",\"@id\":\"https:\/\/ejurr.tjrr.jus.br\/#\/schema\/person\/image\/\",\"url\":\"https:\/\/secure.gravatar.com\/avatar\/ca55ee37aaa0889795b400a799c5c4a9?s=96&d=mm&r=g\",\"contentUrl\":\"https:\/\/secure.gravatar.com\/avatar\/ca55ee37aaa0889795b400a799c5c4a9?s=96&d=mm&r=g\",\"caption\":\"\u00c9rica Figueredo\"},\"sameAs\":[\"http:\/\/ejurr.tjrr.jus.br\"],\"url\":\"https:\/\/ejurr.tjrr.jus.br\/?author=3\"}]}<\/script>\n<!-- \/ Yoast SEO plugin. -->","yoast_head_json":{"title":"Curso sobre Intelig\u00eancia Artificial para Atividade Jurisdicional \u00e9 ofertado pela Ejurr\u00a0 - EJURR","robots":{"index":"index","follow":"follow","max-snippet":"max-snippet:-1","max-image-preview":"max-image-preview:large","max-video-preview":"max-video-preview:-1"},"canonical":"https:\/\/ejurr.tjrr.jus.br\/?p=27854","og_locale":"pt_BR","og_type":"article","og_title":"Curso sobre Intelig\u00eancia Artificial para Atividade Jurisdicional \u00e9 ofertado pela Ejurr\u00a0 - EJURR","og_description":"A Escola Judicial de Roraima (Ejurr) promover\u00e1 o curso Intelig\u00eancia Artificial Generativa na Atividade Jurisdicional: aspectos pr\u00e1ticos, estrat\u00e9gias de gest\u00e3o e aplica\u00e7\u00e3o da Resolu\u00e7\u00e3o CNJ n\u00ba 615\/2025. O evento ser\u00e1 ministrado pelo juiz federal do Tribunal Regional Federal da 1\u00aa Regi\u00e3o (TRF1), Rafael Leite Paulo. O curso ser\u00e1 realizado presencialmente na Ejurr.\u00a0 O curso \u00e9 [&hellip;]","og_url":"https:\/\/ejurr.tjrr.jus.br\/?p=27854","og_site_name":"EJURR","article_publisher":"https:\/\/www.facebook.com\/ejurr.tj","article_published_time":"2025-06-30T15:12:55+00:00","article_modified_time":"2025-06-30T15:18:46+00:00","og_image":[{"width":1456,"height":832,"url":"https:\/\/ejurr.tjrr.jus.br\/wp-content\/uploads\/2025\/06\/IA-CURSO.jpg","type":"image\/jpeg"}],"author":"\u00c9rica Figueredo","twitter_card":"summary_large_image","twitter_misc":{"Escrito por":"\u00c9rica Figueredo","Est. tempo de leitura":"3 minutos"},"schema":{"@context":"https:\/\/schema.org","@graph":[{"@type":"Article","@id":"https:\/\/ejurr.tjrr.jus.br\/?p=27854#article","isPartOf":{"@id":"https:\/\/ejurr.tjrr.jus.br\/?p=27854"},"author":{"name":"\u00c9rica Figueredo","@id":"https:\/\/ejurr.tjrr.jus.br\/#\/schema\/person\/5dce040510816d75c020721e1d0ee85e"},"headline":"Curso sobre Intelig\u00eancia Artificial para Atividade Jurisdicional \u00e9 ofertado pela Ejurr\u00a0","datePublished":"2025-06-30T15:12:55+00:00","dateModified":"2025-06-30T15:18:46+00:00","mainEntityOfPage":{"@id":"https:\/\/ejurr.tjrr.jus.br\/?p=27854"},"wordCount":433,"commentCount":0,"publisher":{"@id":"https:\/\/ejurr.tjrr.jus.br\/#organization"},"image":{"@id":"https:\/\/ejurr.tjrr.jus.br\/?p=27854#primaryimage"},"thumbnailUrl":"https:\/\/ejurr.tjrr.jus.br\/wp-content\/uploads\/2025\/06\/IA-CURSO.jpg","articleSection":["Not\u00edcias"],"inLanguage":"pt-BR","potentialAction":[{"@type":"CommentAction","name":"Comment","target":["https:\/\/ejurr.tjrr.jus.br\/?p=27854#respond"]}]},{"@type":"WebPage","@id":"https:\/\/ejurr.tjrr.jus.br\/?p=27854","url":"https:\/\/ejurr.tjrr.jus.br\/?p=27854","name":"Curso sobre Intelig\u00eancia Artificial para Atividade Jurisdicional \u00e9 ofertado pela Ejurr\u00a0 - EJURR","isPartOf":{"@id":"https:\/\/ejurr.tjrr.jus.br\/#website"},"primaryImageOfPage":{"@id":"https:\/\/ejurr.tjrr.jus.br\/?p=27854#primaryimage"},"image":{"@id":"https:\/\/ejurr.tjrr.jus.br\/?p=27854#primaryimage"},"thumbnailUrl":"https:\/\/ejurr.tjrr.jus.br\/wp-content\/uploads\/2025\/06\/IA-CURSO.jpg","datePublished":"2025-06-30T15:12:55+00:00","dateModified":"2025-06-30T15:18:46+00:00","breadcrumb":{"@id":"https:\/\/ejurr.tjrr.jus.br\/?p=27854#breadcrumb"},"inLanguage":"pt-BR","potentialAction":[{"@type":"ReadAction","target":["https:\/\/ejurr.tjrr.jus.br\/?p=27854"]}]},{"@type":"ImageObject","inLanguage":"pt-BR","@id":"https:\/\/ejurr.tjrr.jus.br\/?p=27854#primaryimage","url":"https:\/\/ejurr.tjrr.jus.br\/wp-content\/uploads\/2025\/06\/IA-CURSO.jpg","contentUrl":"https:\/\/ejurr.tjrr.jus.br\/wp-content\/uploads\/2025\/06\/IA-CURSO.jpg","width":1456,"height":832},{"@type":"BreadcrumbList","@id":"https:\/\/ejurr.tjrr.jus.br\/?p=27854#breadcrumb","itemListElement":[{"@type":"ListItem","position":1,"name":"In\u00edcio","item":"https:\/\/ejurr.tjrr.jus.br\/"},{"@type":"ListItem","position":2,"name":"Curso sobre Intelig\u00eancia Artificial para Atividade Jurisdicional \u00e9 ofertado pela Ejurr\u00a0"}]},{"@type":"WebSite","@id":"https:\/\/ejurr.tjrr.jus.br\/#website","url":"https:\/\/ejurr.tjrr.jus.br\/","name":"Escola Judicial de Roraima","description":"A Escola Judicial de Roraima \u00e9 uma institui\u00e7\u00e3o de educa\u00e7\u00e3o corporativa mantida pelo Tribunal de Justi\u00e7a do Estado de Roraima. Seu objetivo \u00e9 planejar e executar os cursos de forma\u00e7\u00e3o inicial, capacita\u00e7\u00e3o e aperfei\u00e7oamento dos magistrados, servidores, formadores e colaboradores do Poder Judici\u00e1rio.","publisher":{"@id":"https:\/\/ejurr.tjrr.jus.br\/#organization"},"alternateName":"EJURR","potentialAction":[{"@type":"SearchAction","target":{"@type":"EntryPoint","urlTemplate":"https:\/\/ejurr.tjrr.jus.br\/?s={search_term_string}"},"query-input":{"@type":"PropertyValueSpecification","valueRequired":true,"valueName":"search_term_string"}}],"inLanguage":"pt-BR"},{"@type":"Organization","@id":"https:\/\/ejurr.tjrr.jus.br\/#organization","name":"Escola Judicial de Roraima","alternateName":"EJURR","url":"https:\/\/ejurr.tjrr.jus.br\/","logo":{"@type":"ImageObject","inLanguage":"pt-BR","@id":"https:\/\/ejurr.tjrr.jus.br\/#\/schema\/logo\/image\/","url":"https:\/\/ejurr.tjrr.jus.br\/wp-content\/uploads\/2023\/06\/MIV-EJURR-V.png","contentUrl":"https:\/\/ejurr.tjrr.jus.br\/wp-content\/uploads\/2023\/06\/MIV-EJURR-V.png","width":387,"height":369,"caption":"Escola Judicial de Roraima"},"image":{"@id":"https:\/\/ejurr.tjrr.jus.br\/#\/schema\/logo\/image\/"},"sameAs":["https:\/\/www.facebook.com\/ejurr.tj","https:\/\/www.instagram.com\/ejurr.tj\/","https:\/\/www.youtube.com\/@ejurr","https:\/\/wa.me\/559531984156","https:\/\/www.flickr.com\/photos\/ejurr_oficial"]},{"@type":"Person","@id":"https:\/\/ejurr.tjrr.jus.br\/#\/schema\/person\/5dce040510816d75c020721e1d0ee85e","name":"\u00c9rica Figueredo","image":{"@type":"ImageObject","inLanguage":"pt-BR","@id":"https:\/\/ejurr.tjrr.jus.br\/#\/schema\/person\/image\/","url":"https:\/\/secure.gravatar.com\/avatar\/ca55ee37aaa0889795b400a799c5c4a9?s=96&d=mm&r=g","contentUrl":"https:\/\/secure.gravatar.com\/avatar\/ca55ee37aaa0889795b400a799c5c4a9?s=96&d=mm&r=g","caption":"\u00c9rica Figueredo"},"sameAs":["http:\/\/ejurr.tjrr.jus.br"],"url":"https:\/\/ejurr.tjrr.jus.br\/?author=3"}]}},"_links":{"self":[{"href":"https:\/\/ejurr.tjrr.jus.br\/index.php?rest_route=\/wp\/v2\/posts\/27854","targetHints":{"allow":["GET"]}}],"collection":[{"href":"https:\/\/ejurr.tjrr.jus.br\/index.php?rest_route=\/wp\/v2\/posts"}],"about":[{"href":"https:\/\/ejurr.tjrr.jus.br\/index.php?rest_route=\/wp\/v2\/types\/post"}],"author":[{"embeddable":true,"href":"https:\/\/ejurr.tjrr.jus.br\/index.php?rest_route=\/wp\/v2\/users\/3"}],"replies":[{"embeddable":true,"href":"https:\/\/ejurr.tjrr.jus.br\/index.php?rest_route=%2Fwp%2Fv2%2Fcomments&post=27854"}],"version-history":[{"count":2,"href":"https:\/\/ejurr.tjrr.jus.br\/index.php?rest_route=\/wp\/v2\/posts\/27854\/revisions"}],"predecessor-version":[{"id":27858,"href":"https:\/\/ejurr.tjrr.jus.br\/index.php?rest_route=\/wp\/v2\/posts\/27854\/revisions\/27858"}],"wp:featuredmedia":[{"embeddable":true,"href":"https:\/\/ejurr.tjrr.jus.br\/index.php?rest_route=\/wp\/v2\/media\/27856"}],"wp:attachment":[{"href":"https:\/\/ejurr.tjrr.jus.br\/index.php?rest_route=%2Fwp%2Fv2%2Fmedia&parent=27854"}],"wp:term":[{"taxonomy":"category","embeddable":true,"href":"https:\/\/ejurr.tjrr.jus.br\/index.php?rest_route=%2Fwp%2Fv2%2Fcategories&post=27854"},{"taxonomy":"post_tag","embeddable":true,"href":"https:\/\/ejurr.tjrr.jus.br\/index.php?rest_route=%2Fwp%2Fv2%2Ftags&post=27854"}],"curies":[{"name":"wp","href":"https:\/\/api.w.org\/{rel}","templated":true}]}}