{"id":18823,"date":"2024-05-22T09:36:31","date_gmt":"2024-05-22T13:36:31","guid":{"rendered":"https:\/\/ejurr.tjrr.jus.br\/?p=18823"},"modified":"2024-05-27T16:49:15","modified_gmt":"2024-05-27T20:49:15","slug":"uso-de-inteligencia-artificial-na-pratica-docente-e-tema-de-encontro-na-ejurr","status":"publish","type":"post","link":"https:\/\/ejurr.tjrr.jus.br\/?p=18823","title":{"rendered":"Uso de Intelig\u00eancia artificial na pr\u00e1tica docente \u00e9 tema de encontro na Ejurr"},"content":{"rendered":"\n<p><strong><em>A a\u00e7\u00e3o do Projeto \u201cA Escola vai \u00e0 Escola\u201d foi destinada a professores da rede p\u00fablica<\/em><\/strong><\/p>\n\n\n\n<p><strong>Foto: Ejurr<\/strong><\/p>\n\n\n\n<figure class=\"wp-block-image size-large\"><img fetchpriority=\"high\" decoding=\"async\" width=\"1024\" height=\"453\" src=\"https:\/\/ejurr.tjrr.jus.br\/wp-content\/uploads\/2024\/05\/WhatsApp-Image-2024-05-27-at-14.23.13-1024x453.jpeg\" alt=\"\" class=\"wp-image-18988\" srcset=\"https:\/\/ejurr.tjrr.jus.br\/wp-content\/uploads\/2024\/05\/WhatsApp-Image-2024-05-27-at-14.23.13-1024x453.jpeg 1024w, https:\/\/ejurr.tjrr.jus.br\/wp-content\/uploads\/2024\/05\/WhatsApp-Image-2024-05-27-at-14.23.13-300x133.jpeg 300w, https:\/\/ejurr.tjrr.jus.br\/wp-content\/uploads\/2024\/05\/WhatsApp-Image-2024-05-27-at-14.23.13-768x340.jpeg 768w, https:\/\/ejurr.tjrr.jus.br\/wp-content\/uploads\/2024\/05\/WhatsApp-Image-2024-05-27-at-14.23.13-1536x680.jpeg 1536w, https:\/\/ejurr.tjrr.jus.br\/wp-content\/uploads\/2024\/05\/WhatsApp-Image-2024-05-27-at-14.23.13.jpeg 1600w\" sizes=\"(max-width: 1024px) 100vw, 1024px\" \/><\/figure>\n\n\n\n<p>Para incentivar o uso da intelig\u00eancia artificial de forma segura e \u00e9tica na rede p\u00fablica de ensino em Roraima, o Projeto \u201cA Escola vai \u00e0 Escola\u201d promoveu a palestra&nbsp; \u201cFerramentas de IA como aliadas da pr\u00e1tica docente\u201d. O evento ocorreu na segunda-feira, 20 de maio e foi ministrado pelo advogado e pesquisador da Funda\u00e7\u00e3o Get\u00falio Vargas (FGV), Rui Caminha.<\/p>\n\n\n\n<figure class=\"wp-block-image size-large\"><img decoding=\"async\" width=\"1024\" height=\"576\" src=\"https:\/\/ejurr.tjrr.jus.br\/wp-content\/uploads\/2024\/05\/WhatsApp-Image-2024-05-22-at-09.24.29-1024x576.jpeg\" alt=\"\" class=\"wp-image-18824\" srcset=\"https:\/\/ejurr.tjrr.jus.br\/wp-content\/uploads\/2024\/05\/WhatsApp-Image-2024-05-22-at-09.24.29-1024x576.jpeg 1024w, https:\/\/ejurr.tjrr.jus.br\/wp-content\/uploads\/2024\/05\/WhatsApp-Image-2024-05-22-at-09.24.29-300x169.jpeg 300w, https:\/\/ejurr.tjrr.jus.br\/wp-content\/uploads\/2024\/05\/WhatsApp-Image-2024-05-22-at-09.24.29-768x432.jpeg 768w, https:\/\/ejurr.tjrr.jus.br\/wp-content\/uploads\/2024\/05\/WhatsApp-Image-2024-05-22-at-09.24.29-1536x864.jpeg 1536w, https:\/\/ejurr.tjrr.jus.br\/wp-content\/uploads\/2024\/05\/WhatsApp-Image-2024-05-22-at-09.24.29.jpeg 1600w\" sizes=\"(max-width: 1024px) 100vw, 1024px\" \/><\/figure>\n\n\n\n<p>Cerca de 40 professores de escolas p\u00fablicas dos munic\u00edpios de Boa Vista, Cant\u00e1, Iracema e Mucaja\u00ed participaram do evento promovido pela Escola Judicial de Roraima (Ejurr). Com dura\u00e7\u00e3o de duas horas, o encontro utilizou exemplos te\u00f3ricos e pr\u00e1ticos sobre o uso da tecnologia com seguran\u00e7a e responsabilidade.<\/p>\n\n\n\n<p>Durante a palestra, os professores utilizaram IA para criar ideias de planejamento educacional, sendo uma das experi\u00eancias, a cria\u00e7\u00e3o de um plano personalizado voltado para alunos com defici\u00eancia.&nbsp;<\/p>\n\n\n\n<p>A professora Eleny Marques, veio de Iracema, munic\u00edpio localizado a cerca de 100km da capital, para participar da palestra. Para ela, o assunto foi uma novidade, em especial, as ferramentas de intelig\u00eancia artificial que podem facilitar rotinas pedag\u00f3gicas.<\/p>\n\n\n\n<p>\u201cA palestra foi muito significativa para minha doc\u00eancia, pois ainda n\u00e3o tinha pensado nos grandes benef\u00edcios que a IA poderia trazer para o planejamento de atividades, aliado a inclus\u00e3o escolar. Durante a palestra&nbsp; o professor despertou a curiosidade de usar outros recursos como o ChatGPT que n\u00e3o conhecia, ele nos apresentou de maneira muito sucinta, por\u00e9m compreensiva e j\u00e1 estou utilizando\u201d, ressaltou.<\/p>\n\n\n\n<figure class=\"wp-block-image size-large\"><img decoding=\"async\" width=\"1024\" height=\"682\" src=\"https:\/\/ejurr.tjrr.jus.br\/wp-content\/uploads\/2024\/05\/WhatsApp-Image-2024-05-22-at-09.24.29-1-1024x682.jpeg\" alt=\"\" class=\"wp-image-18825\" srcset=\"https:\/\/ejurr.tjrr.jus.br\/wp-content\/uploads\/2024\/05\/WhatsApp-Image-2024-05-22-at-09.24.29-1-1024x682.jpeg 1024w, https:\/\/ejurr.tjrr.jus.br\/wp-content\/uploads\/2024\/05\/WhatsApp-Image-2024-05-22-at-09.24.29-1-300x200.jpeg 300w, https:\/\/ejurr.tjrr.jus.br\/wp-content\/uploads\/2024\/05\/WhatsApp-Image-2024-05-22-at-09.24.29-1-768x511.jpeg 768w, https:\/\/ejurr.tjrr.jus.br\/wp-content\/uploads\/2024\/05\/WhatsApp-Image-2024-05-22-at-09.24.29-1-1536x1022.jpeg 1536w, https:\/\/ejurr.tjrr.jus.br\/wp-content\/uploads\/2024\/05\/WhatsApp-Image-2024-05-22-at-09.24.29-1.jpeg 1600w\" sizes=\"(max-width: 1024px) 100vw, 1024px\" \/><\/figure>\n\n\n\n<p>Para&nbsp; Rui Caminha, especialista na \u00e1rea de transforma\u00e7\u00e3o digital no contexto jur\u00eddico, compartilhar conhecimentos para professores da rede p\u00fablica foi uma experi\u00eancia enriquecedora.&nbsp;<\/p>\n\n\n\n<p>\u201cExistem muitas d\u00favidas do que pode ser feito, do que n\u00e3o pode ser feito e como isso vai afetar as experi\u00eancias educacionais. Ao mesmo tempo ficou evidente que as pessoas percebem&nbsp; que estamos em um momento de mudan\u00e7a, momento de transforma\u00e7\u00e3o. Os professores ficaram impressionados com a forma que a gente fez para&nbsp; sintetizar isso em um curto per\u00edodo, demonstrar atrav\u00e9s de v\u00eddeos,&nbsp; conte\u00fados compartilhados, din\u00e2micas em sala de aula e apresenta\u00e7\u00e3o pr\u00e1ticas de alguns prompts para sumariza\u00e7\u00e3o de documentos, para extra\u00e7\u00e3o e minera\u00e7\u00e3o de dados na internet. Foi n\u00edtido o brilho nos olhos deles nos dois sentidos: alguns receios de como eles v\u00e3o se adaptar junto ao seu processo educacional, mas tamb\u00e9m de uma grande avenida de aprendizado que pode ser criada\u201d, destacou.<\/p>\n\n\n\n<p class=\"has-small-font-size\">Fonte Ejurr<\/p>\n","protected":false},"excerpt":{"rendered":"<p>A a\u00e7\u00e3o do Projeto \u201cA Escola vai \u00e0 Escola\u201d foi destinada a professores da rede p\u00fablica Foto: Ejurr Para incentivar o uso da intelig\u00eancia artificial de forma segura e \u00e9tica na rede p\u00fablica de ensino em Roraima, o Projeto \u201cA Escola vai \u00e0 Escola\u201d promoveu a palestra&nbsp; \u201cFerramentas de IA como aliadas da pr\u00e1tica docente\u201d. [&hellip;]<\/p>\n","protected":false},"author":3,"featured_media":18824,"comment_status":"open","ping_status":"open","sticky":false,"template":"","format":"standard","meta":{"footnotes":""},"categories":[9],"tags":[],"class_list":["post-18823","post","type-post","status-publish","format-standard","has-post-thumbnail","hentry","category-noticias"],"yoast_head":"<!-- This site is optimized with the Yoast SEO plugin v26.6 - https:\/\/yoast.com\/wordpress\/plugins\/seo\/ -->\n<title>Uso de Intelig\u00eancia artificial na pr\u00e1tica docente \u00e9 tema de encontro na Ejurr - EJURR<\/title>\n<meta name=\"robots\" content=\"index, follow, max-snippet:-1, max-image-preview:large, max-video-preview:-1\" \/>\n<link rel=\"canonical\" href=\"https:\/\/ejurr.tjrr.jus.br\/?p=18823\" \/>\n<meta property=\"og:locale\" content=\"pt_BR\" \/>\n<meta property=\"og:type\" content=\"article\" \/>\n<meta property=\"og:title\" content=\"Uso de Intelig\u00eancia artificial na pr\u00e1tica docente \u00e9 tema de encontro na Ejurr - EJURR\" \/>\n<meta property=\"og:description\" content=\"A a\u00e7\u00e3o do Projeto \u201cA Escola vai \u00e0 Escola\u201d foi destinada a professores da rede p\u00fablica Foto: Ejurr Para incentivar o uso da intelig\u00eancia artificial de forma segura e \u00e9tica na rede p\u00fablica de ensino em Roraima, o Projeto \u201cA Escola vai \u00e0 Escola\u201d promoveu a palestra&nbsp; \u201cFerramentas de IA como aliadas da pr\u00e1tica docente\u201d. [&hellip;]\" \/>\n<meta property=\"og:url\" content=\"https:\/\/ejurr.tjrr.jus.br\/?p=18823\" \/>\n<meta property=\"og:site_name\" content=\"EJURR\" \/>\n<meta property=\"article:publisher\" content=\"https:\/\/www.facebook.com\/ejurr.tj\" \/>\n<meta property=\"article:published_time\" content=\"2024-05-22T13:36:31+00:00\" \/>\n<meta property=\"article:modified_time\" content=\"2024-05-27T20:49:15+00:00\" \/>\n<meta property=\"og:image\" content=\"https:\/\/ejurr.tjrr.jus.br\/wp-content\/uploads\/2024\/05\/WhatsApp-Image-2024-05-22-at-09.24.29.jpeg\" \/>\n\t<meta property=\"og:image:width\" content=\"1600\" \/>\n\t<meta property=\"og:image:height\" content=\"900\" \/>\n\t<meta property=\"og:image:type\" content=\"image\/jpeg\" \/>\n<meta name=\"author\" content=\"\u00c9rica Figueredo\" \/>\n<meta name=\"twitter:card\" content=\"summary_large_image\" \/>\n<meta name=\"twitter:label1\" content=\"Escrito por\" \/>\n\t<meta name=\"twitter:data1\" content=\"\u00c9rica Figueredo\" \/>\n\t<meta name=\"twitter:label2\" content=\"Est. tempo de leitura\" \/>\n\t<meta name=\"twitter:data2\" content=\"3 minutos\" \/>\n<script type=\"application\/ld+json\" class=\"yoast-schema-graph\">{\"@context\":\"https:\/\/schema.org\",\"@graph\":[{\"@type\":\"Article\",\"@id\":\"https:\/\/ejurr.tjrr.jus.br\/?p=18823#article\",\"isPartOf\":{\"@id\":\"https:\/\/ejurr.tjrr.jus.br\/?p=18823\"},\"author\":{\"name\":\"\u00c9rica Figueredo\",\"@id\":\"https:\/\/ejurr.tjrr.jus.br\/#\/schema\/person\/5dce040510816d75c020721e1d0ee85e\"},\"headline\":\"Uso de Intelig\u00eancia artificial na pr\u00e1tica docente \u00e9 tema de encontro na Ejurr\",\"datePublished\":\"2024-05-22T13:36:31+00:00\",\"dateModified\":\"2024-05-27T20:49:15+00:00\",\"mainEntityOfPage\":{\"@id\":\"https:\/\/ejurr.tjrr.jus.br\/?p=18823\"},\"wordCount\":466,\"commentCount\":0,\"publisher\":{\"@id\":\"https:\/\/ejurr.tjrr.jus.br\/#organization\"},\"image\":{\"@id\":\"https:\/\/ejurr.tjrr.jus.br\/?p=18823#primaryimage\"},\"thumbnailUrl\":\"https:\/\/ejurr.tjrr.jus.br\/wp-content\/uploads\/2024\/05\/WhatsApp-Image-2024-05-22-at-09.24.29.jpeg\",\"articleSection\":[\"Not\u00edcias\"],\"inLanguage\":\"pt-BR\",\"potentialAction\":[{\"@type\":\"CommentAction\",\"name\":\"Comment\",\"target\":[\"https:\/\/ejurr.tjrr.jus.br\/?p=18823#respond\"]}]},{\"@type\":\"WebPage\",\"@id\":\"https:\/\/ejurr.tjrr.jus.br\/?p=18823\",\"url\":\"https:\/\/ejurr.tjrr.jus.br\/?p=18823\",\"name\":\"Uso de Intelig\u00eancia artificial na pr\u00e1tica docente \u00e9 tema de encontro na Ejurr - EJURR\",\"isPartOf\":{\"@id\":\"https:\/\/ejurr.tjrr.jus.br\/#website\"},\"primaryImageOfPage\":{\"@id\":\"https:\/\/ejurr.tjrr.jus.br\/?p=18823#primaryimage\"},\"image\":{\"@id\":\"https:\/\/ejurr.tjrr.jus.br\/?p=18823#primaryimage\"},\"thumbnailUrl\":\"https:\/\/ejurr.tjrr.jus.br\/wp-content\/uploads\/2024\/05\/WhatsApp-Image-2024-05-22-at-09.24.29.jpeg\",\"datePublished\":\"2024-05-22T13:36:31+00:00\",\"dateModified\":\"2024-05-27T20:49:15+00:00\",\"breadcrumb\":{\"@id\":\"https:\/\/ejurr.tjrr.jus.br\/?p=18823#breadcrumb\"},\"inLanguage\":\"pt-BR\",\"potentialAction\":[{\"@type\":\"ReadAction\",\"target\":[\"https:\/\/ejurr.tjrr.jus.br\/?p=18823\"]}]},{\"@type\":\"ImageObject\",\"inLanguage\":\"pt-BR\",\"@id\":\"https:\/\/ejurr.tjrr.jus.br\/?p=18823#primaryimage\",\"url\":\"https:\/\/ejurr.tjrr.jus.br\/wp-content\/uploads\/2024\/05\/WhatsApp-Image-2024-05-22-at-09.24.29.jpeg\",\"contentUrl\":\"https:\/\/ejurr.tjrr.jus.br\/wp-content\/uploads\/2024\/05\/WhatsApp-Image-2024-05-22-at-09.24.29.jpeg\",\"width\":1600,\"height\":900},{\"@type\":\"BreadcrumbList\",\"@id\":\"https:\/\/ejurr.tjrr.jus.br\/?p=18823#breadcrumb\",\"itemListElement\":[{\"@type\":\"ListItem\",\"position\":1,\"name\":\"In\u00edcio\",\"item\":\"https:\/\/ejurr.tjrr.jus.br\/\"},{\"@type\":\"ListItem\",\"position\":2,\"name\":\"Uso de Intelig\u00eancia artificial na pr\u00e1tica docente \u00e9 tema de encontro na Ejurr\"}]},{\"@type\":\"WebSite\",\"@id\":\"https:\/\/ejurr.tjrr.jus.br\/#website\",\"url\":\"https:\/\/ejurr.tjrr.jus.br\/\",\"name\":\"Escola Judicial de Roraima\",\"description\":\"A Escola Judicial de Roraima \u00e9 uma institui\u00e7\u00e3o de educa\u00e7\u00e3o corporativa mantida pelo Tribunal de Justi\u00e7a do Estado de Roraima. Seu objetivo \u00e9 planejar e executar os cursos de forma\u00e7\u00e3o inicial, capacita\u00e7\u00e3o e aperfei\u00e7oamento dos magistrados, servidores, formadores e colaboradores do Poder Judici\u00e1rio.\",\"publisher\":{\"@id\":\"https:\/\/ejurr.tjrr.jus.br\/#organization\"},\"alternateName\":\"EJURR\",\"potentialAction\":[{\"@type\":\"SearchAction\",\"target\":{\"@type\":\"EntryPoint\",\"urlTemplate\":\"https:\/\/ejurr.tjrr.jus.br\/?s={search_term_string}\"},\"query-input\":{\"@type\":\"PropertyValueSpecification\",\"valueRequired\":true,\"valueName\":\"search_term_string\"}}],\"inLanguage\":\"pt-BR\"},{\"@type\":\"Organization\",\"@id\":\"https:\/\/ejurr.tjrr.jus.br\/#organization\",\"name\":\"Escola Judicial de Roraima\",\"alternateName\":\"EJURR\",\"url\":\"https:\/\/ejurr.tjrr.jus.br\/\",\"logo\":{\"@type\":\"ImageObject\",\"inLanguage\":\"pt-BR\",\"@id\":\"https:\/\/ejurr.tjrr.jus.br\/#\/schema\/logo\/image\/\",\"url\":\"https:\/\/ejurr.tjrr.jus.br\/wp-content\/uploads\/2023\/06\/MIV-EJURR-V.png\",\"contentUrl\":\"https:\/\/ejurr.tjrr.jus.br\/wp-content\/uploads\/2023\/06\/MIV-EJURR-V.png\",\"width\":387,\"height\":369,\"caption\":\"Escola Judicial de Roraima\"},\"image\":{\"@id\":\"https:\/\/ejurr.tjrr.jus.br\/#\/schema\/logo\/image\/\"},\"sameAs\":[\"https:\/\/www.facebook.com\/ejurr.tj\",\"https:\/\/www.instagram.com\/ejurr.tj\/\",\"https:\/\/www.youtube.com\/@ejurr\",\"https:\/\/wa.me\/559531984156\",\"https:\/\/www.flickr.com\/photos\/ejurr_oficial\"]},{\"@type\":\"Person\",\"@id\":\"https:\/\/ejurr.tjrr.jus.br\/#\/schema\/person\/5dce040510816d75c020721e1d0ee85e\",\"name\":\"\u00c9rica Figueredo\",\"image\":{\"@type\":\"ImageObject\",\"inLanguage\":\"pt-BR\",\"@id\":\"https:\/\/ejurr.tjrr.jus.br\/#\/schema\/person\/image\/\",\"url\":\"https:\/\/secure.gravatar.com\/avatar\/ca55ee37aaa0889795b400a799c5c4a9?s=96&d=mm&r=g\",\"contentUrl\":\"https:\/\/secure.gravatar.com\/avatar\/ca55ee37aaa0889795b400a799c5c4a9?s=96&d=mm&r=g\",\"caption\":\"\u00c9rica Figueredo\"},\"sameAs\":[\"http:\/\/ejurr.tjrr.jus.br\"],\"url\":\"https:\/\/ejurr.tjrr.jus.br\/?author=3\"}]}<\/script>\n<!-- \/ Yoast SEO plugin. -->","yoast_head_json":{"title":"Uso de Intelig\u00eancia artificial na pr\u00e1tica docente \u00e9 tema de encontro na Ejurr - EJURR","robots":{"index":"index","follow":"follow","max-snippet":"max-snippet:-1","max-image-preview":"max-image-preview:large","max-video-preview":"max-video-preview:-1"},"canonical":"https:\/\/ejurr.tjrr.jus.br\/?p=18823","og_locale":"pt_BR","og_type":"article","og_title":"Uso de Intelig\u00eancia artificial na pr\u00e1tica docente \u00e9 tema de encontro na Ejurr - EJURR","og_description":"A a\u00e7\u00e3o do Projeto \u201cA Escola vai \u00e0 Escola\u201d foi destinada a professores da rede p\u00fablica Foto: Ejurr Para incentivar o uso da intelig\u00eancia artificial de forma segura e \u00e9tica na rede p\u00fablica de ensino em Roraima, o Projeto \u201cA Escola vai \u00e0 Escola\u201d promoveu a palestra&nbsp; \u201cFerramentas de IA como aliadas da pr\u00e1tica docente\u201d. [&hellip;]","og_url":"https:\/\/ejurr.tjrr.jus.br\/?p=18823","og_site_name":"EJURR","article_publisher":"https:\/\/www.facebook.com\/ejurr.tj","article_published_time":"2024-05-22T13:36:31+00:00","article_modified_time":"2024-05-27T20:49:15+00:00","og_image":[{"width":1600,"height":900,"url":"https:\/\/ejurr.tjrr.jus.br\/wp-content\/uploads\/2024\/05\/WhatsApp-Image-2024-05-22-at-09.24.29.jpeg","type":"image\/jpeg"}],"author":"\u00c9rica Figueredo","twitter_card":"summary_large_image","twitter_misc":{"Escrito por":"\u00c9rica Figueredo","Est. tempo de leitura":"3 minutos"},"schema":{"@context":"https:\/\/schema.org","@graph":[{"@type":"Article","@id":"https:\/\/ejurr.tjrr.jus.br\/?p=18823#article","isPartOf":{"@id":"https:\/\/ejurr.tjrr.jus.br\/?p=18823"},"author":{"name":"\u00c9rica Figueredo","@id":"https:\/\/ejurr.tjrr.jus.br\/#\/schema\/person\/5dce040510816d75c020721e1d0ee85e"},"headline":"Uso de Intelig\u00eancia artificial na pr\u00e1tica docente \u00e9 tema de encontro na Ejurr","datePublished":"2024-05-22T13:36:31+00:00","dateModified":"2024-05-27T20:49:15+00:00","mainEntityOfPage":{"@id":"https:\/\/ejurr.tjrr.jus.br\/?p=18823"},"wordCount":466,"commentCount":0,"publisher":{"@id":"https:\/\/ejurr.tjrr.jus.br\/#organization"},"image":{"@id":"https:\/\/ejurr.tjrr.jus.br\/?p=18823#primaryimage"},"thumbnailUrl":"https:\/\/ejurr.tjrr.jus.br\/wp-content\/uploads\/2024\/05\/WhatsApp-Image-2024-05-22-at-09.24.29.jpeg","articleSection":["Not\u00edcias"],"inLanguage":"pt-BR","potentialAction":[{"@type":"CommentAction","name":"Comment","target":["https:\/\/ejurr.tjrr.jus.br\/?p=18823#respond"]}]},{"@type":"WebPage","@id":"https:\/\/ejurr.tjrr.jus.br\/?p=18823","url":"https:\/\/ejurr.tjrr.jus.br\/?p=18823","name":"Uso de Intelig\u00eancia artificial na pr\u00e1tica docente \u00e9 tema de encontro na Ejurr - EJURR","isPartOf":{"@id":"https:\/\/ejurr.tjrr.jus.br\/#website"},"primaryImageOfPage":{"@id":"https:\/\/ejurr.tjrr.jus.br\/?p=18823#primaryimage"},"image":{"@id":"https:\/\/ejurr.tjrr.jus.br\/?p=18823#primaryimage"},"thumbnailUrl":"https:\/\/ejurr.tjrr.jus.br\/wp-content\/uploads\/2024\/05\/WhatsApp-Image-2024-05-22-at-09.24.29.jpeg","datePublished":"2024-05-22T13:36:31+00:00","dateModified":"2024-05-27T20:49:15+00:00","breadcrumb":{"@id":"https:\/\/ejurr.tjrr.jus.br\/?p=18823#breadcrumb"},"inLanguage":"pt-BR","potentialAction":[{"@type":"ReadAction","target":["https:\/\/ejurr.tjrr.jus.br\/?p=18823"]}]},{"@type":"ImageObject","inLanguage":"pt-BR","@id":"https:\/\/ejurr.tjrr.jus.br\/?p=18823#primaryimage","url":"https:\/\/ejurr.tjrr.jus.br\/wp-content\/uploads\/2024\/05\/WhatsApp-Image-2024-05-22-at-09.24.29.jpeg","contentUrl":"https:\/\/ejurr.tjrr.jus.br\/wp-content\/uploads\/2024\/05\/WhatsApp-Image-2024-05-22-at-09.24.29.jpeg","width":1600,"height":900},{"@type":"BreadcrumbList","@id":"https:\/\/ejurr.tjrr.jus.br\/?p=18823#breadcrumb","itemListElement":[{"@type":"ListItem","position":1,"name":"In\u00edcio","item":"https:\/\/ejurr.tjrr.jus.br\/"},{"@type":"ListItem","position":2,"name":"Uso de Intelig\u00eancia artificial na pr\u00e1tica docente \u00e9 tema de encontro na Ejurr"}]},{"@type":"WebSite","@id":"https:\/\/ejurr.tjrr.jus.br\/#website","url":"https:\/\/ejurr.tjrr.jus.br\/","name":"Escola Judicial de Roraima","description":"A Escola Judicial de Roraima \u00e9 uma institui\u00e7\u00e3o de educa\u00e7\u00e3o corporativa mantida pelo Tribunal de Justi\u00e7a do Estado de Roraima. Seu objetivo \u00e9 planejar e executar os cursos de forma\u00e7\u00e3o inicial, capacita\u00e7\u00e3o e aperfei\u00e7oamento dos magistrados, servidores, formadores e colaboradores do Poder Judici\u00e1rio.","publisher":{"@id":"https:\/\/ejurr.tjrr.jus.br\/#organization"},"alternateName":"EJURR","potentialAction":[{"@type":"SearchAction","target":{"@type":"EntryPoint","urlTemplate":"https:\/\/ejurr.tjrr.jus.br\/?s={search_term_string}"},"query-input":{"@type":"PropertyValueSpecification","valueRequired":true,"valueName":"search_term_string"}}],"inLanguage":"pt-BR"},{"@type":"Organization","@id":"https:\/\/ejurr.tjrr.jus.br\/#organization","name":"Escola Judicial de Roraima","alternateName":"EJURR","url":"https:\/\/ejurr.tjrr.jus.br\/","logo":{"@type":"ImageObject","inLanguage":"pt-BR","@id":"https:\/\/ejurr.tjrr.jus.br\/#\/schema\/logo\/image\/","url":"https:\/\/ejurr.tjrr.jus.br\/wp-content\/uploads\/2023\/06\/MIV-EJURR-V.png","contentUrl":"https:\/\/ejurr.tjrr.jus.br\/wp-content\/uploads\/2023\/06\/MIV-EJURR-V.png","width":387,"height":369,"caption":"Escola Judicial de Roraima"},"image":{"@id":"https:\/\/ejurr.tjrr.jus.br\/#\/schema\/logo\/image\/"},"sameAs":["https:\/\/www.facebook.com\/ejurr.tj","https:\/\/www.instagram.com\/ejurr.tj\/","https:\/\/www.youtube.com\/@ejurr","https:\/\/wa.me\/559531984156","https:\/\/www.flickr.com\/photos\/ejurr_oficial"]},{"@type":"Person","@id":"https:\/\/ejurr.tjrr.jus.br\/#\/schema\/person\/5dce040510816d75c020721e1d0ee85e","name":"\u00c9rica Figueredo","image":{"@type":"ImageObject","inLanguage":"pt-BR","@id":"https:\/\/ejurr.tjrr.jus.br\/#\/schema\/person\/image\/","url":"https:\/\/secure.gravatar.com\/avatar\/ca55ee37aaa0889795b400a799c5c4a9?s=96&d=mm&r=g","contentUrl":"https:\/\/secure.gravatar.com\/avatar\/ca55ee37aaa0889795b400a799c5c4a9?s=96&d=mm&r=g","caption":"\u00c9rica Figueredo"},"sameAs":["http:\/\/ejurr.tjrr.jus.br"],"url":"https:\/\/ejurr.tjrr.jus.br\/?author=3"}]}},"_links":{"self":[{"href":"https:\/\/ejurr.tjrr.jus.br\/index.php?rest_route=\/wp\/v2\/posts\/18823","targetHints":{"allow":["GET"]}}],"collection":[{"href":"https:\/\/ejurr.tjrr.jus.br\/index.php?rest_route=\/wp\/v2\/posts"}],"about":[{"href":"https:\/\/ejurr.tjrr.jus.br\/index.php?rest_route=\/wp\/v2\/types\/post"}],"author":[{"embeddable":true,"href":"https:\/\/ejurr.tjrr.jus.br\/index.php?rest_route=\/wp\/v2\/users\/3"}],"replies":[{"embeddable":true,"href":"https:\/\/ejurr.tjrr.jus.br\/index.php?rest_route=%2Fwp%2Fv2%2Fcomments&post=18823"}],"version-history":[{"count":2,"href":"https:\/\/ejurr.tjrr.jus.br\/index.php?rest_route=\/wp\/v2\/posts\/18823\/revisions"}],"predecessor-version":[{"id":18989,"href":"https:\/\/ejurr.tjrr.jus.br\/index.php?rest_route=\/wp\/v2\/posts\/18823\/revisions\/18989"}],"wp:featuredmedia":[{"embeddable":true,"href":"https:\/\/ejurr.tjrr.jus.br\/index.php?rest_route=\/wp\/v2\/media\/18824"}],"wp:attachment":[{"href":"https:\/\/ejurr.tjrr.jus.br\/index.php?rest_route=%2Fwp%2Fv2%2Fmedia&parent=18823"}],"wp:term":[{"taxonomy":"category","embeddable":true,"href":"https:\/\/ejurr.tjrr.jus.br\/index.php?rest_route=%2Fwp%2Fv2%2Fcategories&post=18823"},{"taxonomy":"post_tag","embeddable":true,"href":"https:\/\/ejurr.tjrr.jus.br\/index.php?rest_route=%2Fwp%2Fv2%2Ftags&post=18823"}],"curies":[{"name":"wp","href":"https:\/\/api.w.org\/{rel}","templated":true}]}}