{"id":17570,"date":"2024-04-10T11:43:10","date_gmt":"2024-04-10T15:43:10","guid":{"rendered":"https:\/\/ejurr.tjrr.jus.br\/?p=17570"},"modified":"2024-04-10T11:43:11","modified_gmt":"2024-04-10T15:43:11","slug":"ejurr-inicia-inscricoes-para-curso-sobre-automacao-de-processos","status":"publish","type":"post","link":"https:\/\/ejurr.tjrr.jus.br\/?p=17570","title":{"rendered":"Ejurr inicia inscri\u00e7\u00f5es para curso sobre automa\u00e7\u00e3o de processos"},"content":{"rendered":"\n<p><strong>Foto: Divulga\u00e7\u00e3o<\/strong><\/p>\n\n\n\n<p>A Escola Judicial de Roraima (Ejurr) iniciou o per\u00edodo de inscri\u00e7\u00f5es para o curso &#8220;Introdu\u00e7\u00e3o \u00e0 Automa\u00e7\u00e3o de Processos no Judici\u00e1rio de Roraima&#8221;. A capacita\u00e7\u00e3o ser\u00e1 ministrada pelo instrutor Tiago Mendon\u00e7a Lobo e os assistentes Antonino Praxedes Fernandes Junior e Bruno Zamorano Alves Monteiro, nos dias 15, 16, 22, 23, 29 e 30 de abril,  formato presencial.<\/p>\n\n\n\n<p>O objetivo \u00e9 capacitar os participantes para aplicar e utilizar assistentes virtuais que ajudar\u00e3o nas tarefas rotineiras de forma mais r\u00e1pida e sem erros, otimizando tempo para outras atividades de maior complexidade e estrat\u00e9gicas para o tribunal.\u00a0 <\/p>\n\n\n\n<figure class=\"wp-block-image size-large\"><img fetchpriority=\"high\" decoding=\"async\" width=\"1024\" height=\"1024\" src=\"https:\/\/ejurr.tjrr.jus.br\/wp-content\/uploads\/2024\/04\/CARD-1080X1080-ZAP-NOT-1-1024x1024.png\" alt=\"\" class=\"wp-image-17572\" srcset=\"https:\/\/ejurr.tjrr.jus.br\/wp-content\/uploads\/2024\/04\/CARD-1080X1080-ZAP-NOT-1-1024x1024.png 1024w, https:\/\/ejurr.tjrr.jus.br\/wp-content\/uploads\/2024\/04\/CARD-1080X1080-ZAP-NOT-1-300x300.png 300w, https:\/\/ejurr.tjrr.jus.br\/wp-content\/uploads\/2024\/04\/CARD-1080X1080-ZAP-NOT-1-150x150.png 150w, https:\/\/ejurr.tjrr.jus.br\/wp-content\/uploads\/2024\/04\/CARD-1080X1080-ZAP-NOT-1-768x768.png 768w, https:\/\/ejurr.tjrr.jus.br\/wp-content\/uploads\/2024\/04\/CARD-1080X1080-ZAP-NOT-1.png 1080w\" sizes=\"(max-width: 1024px) 100vw, 1024px\" \/><\/figure>\n\n\n\n<p>A carga hor\u00e1ria ser\u00e1 de 24  horas. As aulas v\u00e3o ocorrer entre 14h30 e 18h30 na Ejurr. Ser\u00e3o ofertadas 20  vagas para magistrados, magistradas, servidores e servidoras do Poder Judici\u00e1rio de Roraima. Os interessados tem at\u00e9 sexta-feira, 12 de abril para fazer a inscri\u00e7\u00e3o no site da Ejurr.<\/p>\n\n\n\n<p><strong>CURR\u00cdCULOS<\/strong><\/p>\n\n\n\n<p>TIAGO MENDON\u00c7A LOBO &#8211; Bacharel em Ci\u00eancias da Computa\u00e7\u00e3o com \u00eanfase em Desenvolvimento de Software e Mestre em Ci\u00eancia da Computa\u00e7\u00e3o pela Universidade de S\u00e3o Paulo, Secret\u00e1rio de Tecnologia da Informa\u00e7\u00e3o do Tribunal de Justi\u00e7a do Estado de Roraima. Servidor do TJRR desde de 2013 atuando como Gerente de Projetos, Assessor Especial e Secret\u00e1rio de Tecnologia e Informa\u00e7\u00e3o (gest\u00f5es 2017\/2019, 2021\/2023 e na gest\u00e3o atual). Participante do Applied Data Science Program: Leverging AI For Effective Decision-Making (Programa de ci\u00eancia de dados aplicada: aproveitando a IA para uma tomada de decis\u00e3o eficaz) do Instituto de Tecnologia de Massachusetts (2024).<\/p>\n\n\n\n<p><\/p>\n\n\n\n<p>ANTONINO PRAXEDES FERNANDES JUNIOR &#8211; P\u00f3s-gradua\u00e7\u00e3o em Desenvolvimento de Aplicativos M\u00f3veis &#8211; UniBF e Graduado em An\u00e1lise e Desenvolvimento de Sistemas &#8211; IFRR. Gerente de Implementa\u00e7\u00f5es e Opera\u00e7\u00f5es do Automatta, projeto de automa\u00e7\u00e3o do TJRR. Criador da metodologia de implementa\u00e7\u00e3o de RPA adaptada \u00e0 realidade do tribunal e funda\u00e7\u00e3o de um centro de excel\u00eancia em RPA. Vencedor do Pr\u00eamio Inova\u00e7\u00e3o com o projeto Automajus, visando democratizar o acesso \u00e0 automa\u00e7\u00e3o no Poder Judici\u00e1rio.<\/p>\n\n\n\n<p>BRUNO ZAMORANO ALVES MONTEIRO &#8211; Graduando em An\u00e1lise e Desenvolvimento de Sistemas pelo Instituto Federal de Roraima. Gerente de Projetos do Automatta, projeto de automa\u00e7\u00e3o do TJRR. Criador da metodologia de implementa\u00e7\u00e3o de RPA, adaptada \u00e0 realidade do tribunal e funda\u00e7\u00e3o de um centro de excel\u00eancia em RPA. Vencedor do Pr\u00eamio Inova\u00e7\u00e3o com o projeto Automajus, visando democratizar o acesso \u00e0 automa\u00e7\u00e3o no Poder Judici\u00e1rio.<\/p>\n\n\n\n<p><\/p>\n\n\n\n<p>Fonte Ejurr<\/p>\n","protected":false},"excerpt":{"rendered":"<p>Foto: Divulga\u00e7\u00e3o A Escola Judicial de Roraima (Ejurr) iniciou o per\u00edodo de inscri\u00e7\u00f5es para o curso &#8220;Introdu\u00e7\u00e3o \u00e0 Automa\u00e7\u00e3o de Processos no Judici\u00e1rio de Roraima&#8221;. A capacita\u00e7\u00e3o ser\u00e1 ministrada pelo instrutor Tiago Mendon\u00e7a Lobo e os assistentes Antonino Praxedes Fernandes Junior e Bruno Zamorano Alves Monteiro, nos dias 15, 16, 22, 23, 29 e 30 [&hellip;]<\/p>\n","protected":false},"author":3,"featured_media":17571,"comment_status":"open","ping_status":"open","sticky":false,"template":"","format":"standard","meta":{"footnotes":""},"categories":[9],"tags":[],"class_list":["post-17570","post","type-post","status-publish","format-standard","has-post-thumbnail","hentry","category-noticias"],"yoast_head":"<!-- This site is optimized with the Yoast SEO plugin v26.6 - https:\/\/yoast.com\/wordpress\/plugins\/seo\/ -->\n<title>Ejurr inicia inscri\u00e7\u00f5es para curso sobre automa\u00e7\u00e3o de processos - EJURR<\/title>\n<meta name=\"robots\" content=\"index, follow, max-snippet:-1, max-image-preview:large, max-video-preview:-1\" \/>\n<link rel=\"canonical\" href=\"https:\/\/ejurr.tjrr.jus.br\/?p=17570\" \/>\n<meta property=\"og:locale\" content=\"pt_BR\" \/>\n<meta property=\"og:type\" content=\"article\" \/>\n<meta property=\"og:title\" content=\"Ejurr inicia inscri\u00e7\u00f5es para curso sobre automa\u00e7\u00e3o de processos - EJURR\" \/>\n<meta property=\"og:description\" content=\"Foto: Divulga\u00e7\u00e3o A Escola Judicial de Roraima (Ejurr) iniciou o per\u00edodo de inscri\u00e7\u00f5es para o curso &#8220;Introdu\u00e7\u00e3o \u00e0 Automa\u00e7\u00e3o de Processos no Judici\u00e1rio de Roraima&#8221;. A capacita\u00e7\u00e3o ser\u00e1 ministrada pelo instrutor Tiago Mendon\u00e7a Lobo e os assistentes Antonino Praxedes Fernandes Junior e Bruno Zamorano Alves Monteiro, nos dias 15, 16, 22, 23, 29 e 30 [&hellip;]\" \/>\n<meta property=\"og:url\" content=\"https:\/\/ejurr.tjrr.jus.br\/?p=17570\" \/>\n<meta property=\"og:site_name\" content=\"EJURR\" \/>\n<meta property=\"article:publisher\" content=\"https:\/\/www.facebook.com\/ejurr.tj\" \/>\n<meta property=\"article:published_time\" content=\"2024-04-10T15:43:10+00:00\" \/>\n<meta property=\"article:modified_time\" content=\"2024-04-10T15:43:11+00:00\" \/>\n<meta property=\"og:image\" content=\"https:\/\/ejurr.tjrr.jus.br\/wp-content\/uploads\/2024\/04\/standard-quality-control-concept-m-scaled.jpg\" \/>\n\t<meta property=\"og:image:width\" content=\"2560\" \/>\n\t<meta property=\"og:image:height\" content=\"1709\" \/>\n\t<meta property=\"og:image:type\" content=\"image\/jpeg\" \/>\n<meta name=\"author\" content=\"\u00c9rica Figueredo\" \/>\n<meta name=\"twitter:card\" content=\"summary_large_image\" \/>\n<meta name=\"twitter:label1\" content=\"Escrito por\" \/>\n\t<meta name=\"twitter:data1\" content=\"\u00c9rica Figueredo\" \/>\n\t<meta name=\"twitter:label2\" content=\"Est. tempo de leitura\" \/>\n\t<meta name=\"twitter:data2\" content=\"3 minutos\" \/>\n<script type=\"application\/ld+json\" class=\"yoast-schema-graph\">{\"@context\":\"https:\/\/schema.org\",\"@graph\":[{\"@type\":\"Article\",\"@id\":\"https:\/\/ejurr.tjrr.jus.br\/?p=17570#article\",\"isPartOf\":{\"@id\":\"https:\/\/ejurr.tjrr.jus.br\/?p=17570\"},\"author\":{\"name\":\"\u00c9rica Figueredo\",\"@id\":\"https:\/\/ejurr.tjrr.jus.br\/#\/schema\/person\/5dce040510816d75c020721e1d0ee85e\"},\"headline\":\"Ejurr inicia inscri\u00e7\u00f5es para curso sobre automa\u00e7\u00e3o de processos\",\"datePublished\":\"2024-04-10T15:43:10+00:00\",\"dateModified\":\"2024-04-10T15:43:11+00:00\",\"mainEntityOfPage\":{\"@id\":\"https:\/\/ejurr.tjrr.jus.br\/?p=17570\"},\"wordCount\":430,\"commentCount\":0,\"publisher\":{\"@id\":\"https:\/\/ejurr.tjrr.jus.br\/#organization\"},\"image\":{\"@id\":\"https:\/\/ejurr.tjrr.jus.br\/?p=17570#primaryimage\"},\"thumbnailUrl\":\"https:\/\/ejurr.tjrr.jus.br\/wp-content\/uploads\/2024\/04\/standard-quality-control-concept-m-scaled.jpg\",\"articleSection\":[\"Not\u00edcias\"],\"inLanguage\":\"pt-BR\",\"potentialAction\":[{\"@type\":\"CommentAction\",\"name\":\"Comment\",\"target\":[\"https:\/\/ejurr.tjrr.jus.br\/?p=17570#respond\"]}]},{\"@type\":\"WebPage\",\"@id\":\"https:\/\/ejurr.tjrr.jus.br\/?p=17570\",\"url\":\"https:\/\/ejurr.tjrr.jus.br\/?p=17570\",\"name\":\"Ejurr inicia inscri\u00e7\u00f5es para curso sobre automa\u00e7\u00e3o de processos - EJURR\",\"isPartOf\":{\"@id\":\"https:\/\/ejurr.tjrr.jus.br\/#website\"},\"primaryImageOfPage\":{\"@id\":\"https:\/\/ejurr.tjrr.jus.br\/?p=17570#primaryimage\"},\"image\":{\"@id\":\"https:\/\/ejurr.tjrr.jus.br\/?p=17570#primaryimage\"},\"thumbnailUrl\":\"https:\/\/ejurr.tjrr.jus.br\/wp-content\/uploads\/2024\/04\/standard-quality-control-concept-m-scaled.jpg\",\"datePublished\":\"2024-04-10T15:43:10+00:00\",\"dateModified\":\"2024-04-10T15:43:11+00:00\",\"breadcrumb\":{\"@id\":\"https:\/\/ejurr.tjrr.jus.br\/?p=17570#breadcrumb\"},\"inLanguage\":\"pt-BR\",\"potentialAction\":[{\"@type\":\"ReadAction\",\"target\":[\"https:\/\/ejurr.tjrr.jus.br\/?p=17570\"]}]},{\"@type\":\"ImageObject\",\"inLanguage\":\"pt-BR\",\"@id\":\"https:\/\/ejurr.tjrr.jus.br\/?p=17570#primaryimage\",\"url\":\"https:\/\/ejurr.tjrr.jus.br\/wp-content\/uploads\/2024\/04\/standard-quality-control-concept-m-scaled.jpg\",\"contentUrl\":\"https:\/\/ejurr.tjrr.jus.br\/wp-content\/uploads\/2024\/04\/standard-quality-control-concept-m-scaled.jpg\",\"width\":2560,\"height\":1709},{\"@type\":\"BreadcrumbList\",\"@id\":\"https:\/\/ejurr.tjrr.jus.br\/?p=17570#breadcrumb\",\"itemListElement\":[{\"@type\":\"ListItem\",\"position\":1,\"name\":\"In\u00edcio\",\"item\":\"https:\/\/ejurr.tjrr.jus.br\/\"},{\"@type\":\"ListItem\",\"position\":2,\"name\":\"Ejurr inicia inscri\u00e7\u00f5es para curso sobre automa\u00e7\u00e3o de processos\"}]},{\"@type\":\"WebSite\",\"@id\":\"https:\/\/ejurr.tjrr.jus.br\/#website\",\"url\":\"https:\/\/ejurr.tjrr.jus.br\/\",\"name\":\"Escola Judicial de Roraima\",\"description\":\"A Escola Judicial de Roraima \u00e9 uma institui\u00e7\u00e3o de educa\u00e7\u00e3o corporativa mantida pelo Tribunal de Justi\u00e7a do Estado de Roraima. Seu objetivo \u00e9 planejar e executar os cursos de forma\u00e7\u00e3o inicial, capacita\u00e7\u00e3o e aperfei\u00e7oamento dos magistrados, servidores, formadores e colaboradores do Poder Judici\u00e1rio.\",\"publisher\":{\"@id\":\"https:\/\/ejurr.tjrr.jus.br\/#organization\"},\"alternateName\":\"EJURR\",\"potentialAction\":[{\"@type\":\"SearchAction\",\"target\":{\"@type\":\"EntryPoint\",\"urlTemplate\":\"https:\/\/ejurr.tjrr.jus.br\/?s={search_term_string}\"},\"query-input\":{\"@type\":\"PropertyValueSpecification\",\"valueRequired\":true,\"valueName\":\"search_term_string\"}}],\"inLanguage\":\"pt-BR\"},{\"@type\":\"Organization\",\"@id\":\"https:\/\/ejurr.tjrr.jus.br\/#organization\",\"name\":\"Escola Judicial de Roraima\",\"alternateName\":\"EJURR\",\"url\":\"https:\/\/ejurr.tjrr.jus.br\/\",\"logo\":{\"@type\":\"ImageObject\",\"inLanguage\":\"pt-BR\",\"@id\":\"https:\/\/ejurr.tjrr.jus.br\/#\/schema\/logo\/image\/\",\"url\":\"https:\/\/ejurr.tjrr.jus.br\/wp-content\/uploads\/2023\/06\/MIV-EJURR-V.png\",\"contentUrl\":\"https:\/\/ejurr.tjrr.jus.br\/wp-content\/uploads\/2023\/06\/MIV-EJURR-V.png\",\"width\":387,\"height\":369,\"caption\":\"Escola Judicial de Roraima\"},\"image\":{\"@id\":\"https:\/\/ejurr.tjrr.jus.br\/#\/schema\/logo\/image\/\"},\"sameAs\":[\"https:\/\/www.facebook.com\/ejurr.tj\",\"https:\/\/www.instagram.com\/ejurr.tj\/\",\"https:\/\/www.youtube.com\/@ejurr\",\"https:\/\/wa.me\/559531984156\",\"https:\/\/www.flickr.com\/photos\/ejurr_oficial\"]},{\"@type\":\"Person\",\"@id\":\"https:\/\/ejurr.tjrr.jus.br\/#\/schema\/person\/5dce040510816d75c020721e1d0ee85e\",\"name\":\"\u00c9rica Figueredo\",\"image\":{\"@type\":\"ImageObject\",\"inLanguage\":\"pt-BR\",\"@id\":\"https:\/\/ejurr.tjrr.jus.br\/#\/schema\/person\/image\/\",\"url\":\"https:\/\/secure.gravatar.com\/avatar\/ca55ee37aaa0889795b400a799c5c4a9?s=96&d=mm&r=g\",\"contentUrl\":\"https:\/\/secure.gravatar.com\/avatar\/ca55ee37aaa0889795b400a799c5c4a9?s=96&d=mm&r=g\",\"caption\":\"\u00c9rica Figueredo\"},\"sameAs\":[\"http:\/\/ejurr.tjrr.jus.br\"],\"url\":\"https:\/\/ejurr.tjrr.jus.br\/?author=3\"}]}<\/script>\n<!-- \/ Yoast SEO plugin. -->","yoast_head_json":{"title":"Ejurr inicia inscri\u00e7\u00f5es para curso sobre automa\u00e7\u00e3o de processos - EJURR","robots":{"index":"index","follow":"follow","max-snippet":"max-snippet:-1","max-image-preview":"max-image-preview:large","max-video-preview":"max-video-preview:-1"},"canonical":"https:\/\/ejurr.tjrr.jus.br\/?p=17570","og_locale":"pt_BR","og_type":"article","og_title":"Ejurr inicia inscri\u00e7\u00f5es para curso sobre automa\u00e7\u00e3o de processos - EJURR","og_description":"Foto: Divulga\u00e7\u00e3o A Escola Judicial de Roraima (Ejurr) iniciou o per\u00edodo de inscri\u00e7\u00f5es para o curso &#8220;Introdu\u00e7\u00e3o \u00e0 Automa\u00e7\u00e3o de Processos no Judici\u00e1rio de Roraima&#8221;. A capacita\u00e7\u00e3o ser\u00e1 ministrada pelo instrutor Tiago Mendon\u00e7a Lobo e os assistentes Antonino Praxedes Fernandes Junior e Bruno Zamorano Alves Monteiro, nos dias 15, 16, 22, 23, 29 e 30 [&hellip;]","og_url":"https:\/\/ejurr.tjrr.jus.br\/?p=17570","og_site_name":"EJURR","article_publisher":"https:\/\/www.facebook.com\/ejurr.tj","article_published_time":"2024-04-10T15:43:10+00:00","article_modified_time":"2024-04-10T15:43:11+00:00","og_image":[{"width":2560,"height":1709,"url":"https:\/\/ejurr.tjrr.jus.br\/wp-content\/uploads\/2024\/04\/standard-quality-control-concept-m-scaled.jpg","type":"image\/jpeg"}],"author":"\u00c9rica Figueredo","twitter_card":"summary_large_image","twitter_misc":{"Escrito por":"\u00c9rica Figueredo","Est. tempo de leitura":"3 minutos"},"schema":{"@context":"https:\/\/schema.org","@graph":[{"@type":"Article","@id":"https:\/\/ejurr.tjrr.jus.br\/?p=17570#article","isPartOf":{"@id":"https:\/\/ejurr.tjrr.jus.br\/?p=17570"},"author":{"name":"\u00c9rica Figueredo","@id":"https:\/\/ejurr.tjrr.jus.br\/#\/schema\/person\/5dce040510816d75c020721e1d0ee85e"},"headline":"Ejurr inicia inscri\u00e7\u00f5es para curso sobre automa\u00e7\u00e3o de processos","datePublished":"2024-04-10T15:43:10+00:00","dateModified":"2024-04-10T15:43:11+00:00","mainEntityOfPage":{"@id":"https:\/\/ejurr.tjrr.jus.br\/?p=17570"},"wordCount":430,"commentCount":0,"publisher":{"@id":"https:\/\/ejurr.tjrr.jus.br\/#organization"},"image":{"@id":"https:\/\/ejurr.tjrr.jus.br\/?p=17570#primaryimage"},"thumbnailUrl":"https:\/\/ejurr.tjrr.jus.br\/wp-content\/uploads\/2024\/04\/standard-quality-control-concept-m-scaled.jpg","articleSection":["Not\u00edcias"],"inLanguage":"pt-BR","potentialAction":[{"@type":"CommentAction","name":"Comment","target":["https:\/\/ejurr.tjrr.jus.br\/?p=17570#respond"]}]},{"@type":"WebPage","@id":"https:\/\/ejurr.tjrr.jus.br\/?p=17570","url":"https:\/\/ejurr.tjrr.jus.br\/?p=17570","name":"Ejurr inicia inscri\u00e7\u00f5es para curso sobre automa\u00e7\u00e3o de processos - EJURR","isPartOf":{"@id":"https:\/\/ejurr.tjrr.jus.br\/#website"},"primaryImageOfPage":{"@id":"https:\/\/ejurr.tjrr.jus.br\/?p=17570#primaryimage"},"image":{"@id":"https:\/\/ejurr.tjrr.jus.br\/?p=17570#primaryimage"},"thumbnailUrl":"https:\/\/ejurr.tjrr.jus.br\/wp-content\/uploads\/2024\/04\/standard-quality-control-concept-m-scaled.jpg","datePublished":"2024-04-10T15:43:10+00:00","dateModified":"2024-04-10T15:43:11+00:00","breadcrumb":{"@id":"https:\/\/ejurr.tjrr.jus.br\/?p=17570#breadcrumb"},"inLanguage":"pt-BR","potentialAction":[{"@type":"ReadAction","target":["https:\/\/ejurr.tjrr.jus.br\/?p=17570"]}]},{"@type":"ImageObject","inLanguage":"pt-BR","@id":"https:\/\/ejurr.tjrr.jus.br\/?p=17570#primaryimage","url":"https:\/\/ejurr.tjrr.jus.br\/wp-content\/uploads\/2024\/04\/standard-quality-control-concept-m-scaled.jpg","contentUrl":"https:\/\/ejurr.tjrr.jus.br\/wp-content\/uploads\/2024\/04\/standard-quality-control-concept-m-scaled.jpg","width":2560,"height":1709},{"@type":"BreadcrumbList","@id":"https:\/\/ejurr.tjrr.jus.br\/?p=17570#breadcrumb","itemListElement":[{"@type":"ListItem","position":1,"name":"In\u00edcio","item":"https:\/\/ejurr.tjrr.jus.br\/"},{"@type":"ListItem","position":2,"name":"Ejurr inicia inscri\u00e7\u00f5es para curso sobre automa\u00e7\u00e3o de processos"}]},{"@type":"WebSite","@id":"https:\/\/ejurr.tjrr.jus.br\/#website","url":"https:\/\/ejurr.tjrr.jus.br\/","name":"Escola Judicial de Roraima","description":"A Escola Judicial de Roraima \u00e9 uma institui\u00e7\u00e3o de educa\u00e7\u00e3o corporativa mantida pelo Tribunal de Justi\u00e7a do Estado de Roraima. Seu objetivo \u00e9 planejar e executar os cursos de forma\u00e7\u00e3o inicial, capacita\u00e7\u00e3o e aperfei\u00e7oamento dos magistrados, servidores, formadores e colaboradores do Poder Judici\u00e1rio.","publisher":{"@id":"https:\/\/ejurr.tjrr.jus.br\/#organization"},"alternateName":"EJURR","potentialAction":[{"@type":"SearchAction","target":{"@type":"EntryPoint","urlTemplate":"https:\/\/ejurr.tjrr.jus.br\/?s={search_term_string}"},"query-input":{"@type":"PropertyValueSpecification","valueRequired":true,"valueName":"search_term_string"}}],"inLanguage":"pt-BR"},{"@type":"Organization","@id":"https:\/\/ejurr.tjrr.jus.br\/#organization","name":"Escola Judicial de Roraima","alternateName":"EJURR","url":"https:\/\/ejurr.tjrr.jus.br\/","logo":{"@type":"ImageObject","inLanguage":"pt-BR","@id":"https:\/\/ejurr.tjrr.jus.br\/#\/schema\/logo\/image\/","url":"https:\/\/ejurr.tjrr.jus.br\/wp-content\/uploads\/2023\/06\/MIV-EJURR-V.png","contentUrl":"https:\/\/ejurr.tjrr.jus.br\/wp-content\/uploads\/2023\/06\/MIV-EJURR-V.png","width":387,"height":369,"caption":"Escola Judicial de Roraima"},"image":{"@id":"https:\/\/ejurr.tjrr.jus.br\/#\/schema\/logo\/image\/"},"sameAs":["https:\/\/www.facebook.com\/ejurr.tj","https:\/\/www.instagram.com\/ejurr.tj\/","https:\/\/www.youtube.com\/@ejurr","https:\/\/wa.me\/559531984156","https:\/\/www.flickr.com\/photos\/ejurr_oficial"]},{"@type":"Person","@id":"https:\/\/ejurr.tjrr.jus.br\/#\/schema\/person\/5dce040510816d75c020721e1d0ee85e","name":"\u00c9rica Figueredo","image":{"@type":"ImageObject","inLanguage":"pt-BR","@id":"https:\/\/ejurr.tjrr.jus.br\/#\/schema\/person\/image\/","url":"https:\/\/secure.gravatar.com\/avatar\/ca55ee37aaa0889795b400a799c5c4a9?s=96&d=mm&r=g","contentUrl":"https:\/\/secure.gravatar.com\/avatar\/ca55ee37aaa0889795b400a799c5c4a9?s=96&d=mm&r=g","caption":"\u00c9rica Figueredo"},"sameAs":["http:\/\/ejurr.tjrr.jus.br"],"url":"https:\/\/ejurr.tjrr.jus.br\/?author=3"}]}},"_links":{"self":[{"href":"https:\/\/ejurr.tjrr.jus.br\/index.php?rest_route=\/wp\/v2\/posts\/17570","targetHints":{"allow":["GET"]}}],"collection":[{"href":"https:\/\/ejurr.tjrr.jus.br\/index.php?rest_route=\/wp\/v2\/posts"}],"about":[{"href":"https:\/\/ejurr.tjrr.jus.br\/index.php?rest_route=\/wp\/v2\/types\/post"}],"author":[{"embeddable":true,"href":"https:\/\/ejurr.tjrr.jus.br\/index.php?rest_route=\/wp\/v2\/users\/3"}],"replies":[{"embeddable":true,"href":"https:\/\/ejurr.tjrr.jus.br\/index.php?rest_route=%2Fwp%2Fv2%2Fcomments&post=17570"}],"version-history":[{"count":2,"href":"https:\/\/ejurr.tjrr.jus.br\/index.php?rest_route=\/wp\/v2\/posts\/17570\/revisions"}],"predecessor-version":[{"id":17574,"href":"https:\/\/ejurr.tjrr.jus.br\/index.php?rest_route=\/wp\/v2\/posts\/17570\/revisions\/17574"}],"wp:featuredmedia":[{"embeddable":true,"href":"https:\/\/ejurr.tjrr.jus.br\/index.php?rest_route=\/wp\/v2\/media\/17571"}],"wp:attachment":[{"href":"https:\/\/ejurr.tjrr.jus.br\/index.php?rest_route=%2Fwp%2Fv2%2Fmedia&parent=17570"}],"wp:term":[{"taxonomy":"category","embeddable":true,"href":"https:\/\/ejurr.tjrr.jus.br\/index.php?rest_route=%2Fwp%2Fv2%2Fcategories&post=17570"},{"taxonomy":"post_tag","embeddable":true,"href":"https:\/\/ejurr.tjrr.jus.br\/index.php?rest_route=%2Fwp%2Fv2%2Ftags&post=17570"}],"curies":[{"name":"wp","href":"https:\/\/api.w.org\/{rel}","templated":true}]}}